{"id":1448,"date":"2026-03-14T23:06:00","date_gmt":"2026-03-14T22:06:00","guid":{"rendered":"https:\/\/gruene-ov-stuttgart.de\/bad-cannstatt\/?p=1448"},"modified":"2026-03-14T23:07:17","modified_gmt":"2026-03-14T22:07:17","slug":"danke-fuer-ihr-vertrauen","status":"publish","type":"post","link":"https:\/\/gruene-ov-stuttgart.de\/bad-cannstatt\/2026\/03\/14\/danke-fuer-ihr-vertrauen\/","title":{"rendered":"Danke f\u00fcr Ihr Vertrauen"},"content":{"rendered":"\n<p>Die Gr\u00fcnen sind bei der Landtagswahl 2026 st\u00e4rkste Kraft in Baden-W\u00fcrttemberg geworden. In Stuttgart haben wir mit <strong>38,7 Prozent<\/strong> ein sehr starkes Ergebnis erreicht. Besonders freut uns das klare Votum im Wahlkreis <strong>Stuttgart IV<\/strong>: <strong>Petra Olschowski hat mit 33,6 Prozent das Direktmandat gewonnen.<\/strong><\/p>\n\n\n\n<figure class=\"wp-block-image size-large is-resized\"><img loading=\"lazy\" decoding=\"async\" width=\"800\" height=\"600\" src=\"https:\/\/gruene-ov-stuttgart.de\/bad-cannstatt\/wp-content\/uploads\/2026\/03\/IMG_0307-800x600.jpg\" alt=\"\" class=\"wp-image-1449\" style=\"width:400px\" srcset=\"https:\/\/gruene-ov-stuttgart.de\/bad-cannstatt\/wp-content\/uploads\/2026\/03\/IMG_0307-800x600.jpg 800w, https:\/\/gruene-ov-stuttgart.de\/bad-cannstatt\/wp-content\/uploads\/2026\/03\/IMG_0307-400x300.jpg 400w, https:\/\/gruene-ov-stuttgart.de\/bad-cannstatt\/wp-content\/uploads\/2026\/03\/IMG_0307-768x576.jpg 768w, https:\/\/gruene-ov-stuttgart.de\/bad-cannstatt\/wp-content\/uploads\/2026\/03\/IMG_0307-1536x1152.jpg 1536w, https:\/\/gruene-ov-stuttgart.de\/bad-cannstatt\/wp-content\/uploads\/2026\/03\/IMG_0307-150x113.jpg 150w, https:\/\/gruene-ov-stuttgart.de\/bad-cannstatt\/wp-content\/uploads\/2026\/03\/IMG_0307.jpg 1600w\" sizes=\"(max-width: 800px) 100vw, 800px\" \/><\/figure>\n\n\n\n<p>F\u00fcr dieses Vertrauen danken wir allen W\u00e4hlerinnen und W\u00e4hlern sehr herzlich. Viele Menschen haben mit ihrer Stimme gezeigt: Sie wollen eine Politik, die Verantwortung \u00fcbernimmt \u2013 f\u00fcr das Klima, f\u00fcr unsere Wirtschaft und f\u00fcr ein gutes Leben im Land. Dieses Vertrauen ist f\u00fcr uns Auftrag und Ansporn zugleich.<\/p>\n\n\n\n<p>Unsere Ziele bleiben klar: Wir wollen Wohlstand erneuern und gute Arbeitspl\u00e4tze sichern. Wir verbinden wirksamen Klimaschutz mit industrieller St\u00e4rke. Wir bewahren Traditionen und haben den Mut, Neues zu wagen. Baden-W\u00fcrttemberg kann das.<\/p>\n\n\n\n<p>Der gro\u00dfe Zuspruch bei der Wahl ist auch das Ergebnis vieler Gespr\u00e4che, vieler Begegnungen und eines engagierten Wahlkampfs. Jeder Dialog war wichtig. Viele kleine Beitr\u00e4ge zusammen machen den Unterschied. Gemeinsam wollen wir Baden-W\u00fcrttemberg weiter voranbringen \u2013 <strong>nachhaltig, gerecht und mit Mut zur Zukunft.<\/strong><\/p>\n ","protected":false},"excerpt":{"rendered":"<p>Die Gr\u00fcnen sind bei der Landtagswahl 2026 st\u00e4rkste Kraft in Baden-W\u00fcrttemberg geworden. In Stuttgart haben wir mit 38,7 Prozent ein sehr starkes Ergebnis erreicht. Besonders freut uns das klare Votum&#8230; <\/p>\n","protected":false},"author":19,"featured_media":1449,"comment_status":"open","ping_status":"open","sticky":false,"template":"","format":"standard","meta":{"footnotes":""},"categories":[97,1],"tags":[],"jetpack_sharing_enabled":true,"jetpack_featured_media_url":"https:\/\/gruene-ov-stuttgart.de\/bad-cannstatt\/wp-content\/uploads\/2026\/03\/IMG_0307.jpg","_links":{"self":[{"href":"https:\/\/gruene-ov-stuttgart.de\/bad-cannstatt\/wp-json\/wp\/v2\/posts\/1448"}],"collection":[{"href":"https:\/\/gruene-ov-stuttgart.de\/bad-cannstatt\/wp-json\/wp\/v2\/posts"}],"about":[{"href":"https:\/\/gruene-ov-stuttgart.de\/bad-cannstatt\/wp-json\/wp\/v2\/types\/post"}],"author":[{"embeddable":true,"href":"https:\/\/gruene-ov-stuttgart.de\/bad-cannstatt\/wp-json\/wp\/v2\/users\/19"}],"replies":[{"embeddable":true,"href":"https:\/\/gruene-ov-stuttgart.de\/bad-cannstatt\/wp-json\/wp\/v2\/comments?post=1448"}],"version-history":[{"count":1,"href":"https:\/\/gruene-ov-stuttgart.de\/bad-cannstatt\/wp-json\/wp\/v2\/posts\/1448\/revisions"}],"predecessor-version":[{"id":1450,"href":"https:\/\/gruene-ov-stuttgart.de\/bad-cannstatt\/wp-json\/wp\/v2\/posts\/1448\/revisions\/1450"}],"wp:featuredmedia":[{"embeddable":true,"href":"https:\/\/gruene-ov-stuttgart.de\/bad-cannstatt\/wp-json\/wp\/v2\/media\/1449"}],"wp:attachment":[{"href":"https:\/\/gruene-ov-stuttgart.de\/bad-cannstatt\/wp-json\/wp\/v2\/media?parent=1448"}],"wp:term":[{"taxonomy":"category","embeddable":true,"href":"https:\/\/gruene-ov-stuttgart.de\/bad-cannstatt\/wp-json\/wp\/v2\/categories?post=1448"},{"taxonomy":"post_tag","embeddable":true,"href":"https:\/\/gruene-ov-stuttgart.de\/bad-cannstatt\/wp-json\/wp\/v2\/tags?post=1448"}],"curies":[{"name":"wp","href":"https:\/\/api.w.org\/{rel}","templated":true}]}}