{"id":1458,"date":"2026-04-25T21:47:30","date_gmt":"2026-04-25T19:47:30","guid":{"rendered":"https:\/\/gruene-ov-stuttgart.de\/bad-cannstatt\/?p=1458"},"modified":"2026-04-25T22:01:25","modified_gmt":"2026-04-25T20:01:25","slug":"gruene-in-bad-cannstatt-waehlen-neuen-vorstand","status":"publish","type":"post","link":"https:\/\/gruene-ov-stuttgart.de\/bad-cannstatt\/2026\/04\/25\/gruene-in-bad-cannstatt-waehlen-neuen-vorstand\/","title":{"rendered":"Gr\u00fcne in Bad Cannstatt w\u00e4hlen neuen Vorstand"},"content":{"rendered":"\n<p>Der Ortsverband von B\u00dcNDNIS 90\/DIE GR\u00dcNEN in Bad Cannstatt hat einen neuen Vorstand gew\u00e4hlt. Annette Thomas, Anne Greiling und Patrick Barth \u00fcbernehmen gemeinsam Verantwortung im Sprecher*innen-Team. Mit der Neuwahl stellt sich der Ortsverband personell neu auf. Ziel ist es, die Arbeit der Gr\u00fcnen im Stadtbezirk weiter zu st\u00e4rken.<\/p>\n\n\n\n<figure class=\"wp-block-image size-large is-resized\"><img loading=\"lazy\" decoding=\"async\" width=\"800\" height=\"1067\" src=\"https:\/\/gruene-ov-stuttgart.de\/bad-cannstatt\/wp-content\/uploads\/2026\/04\/IMG_0887-800x1067.jpg\" alt=\"\" class=\"wp-image-1459\" style=\"width:400px\" srcset=\"https:\/\/gruene-ov-stuttgart.de\/bad-cannstatt\/wp-content\/uploads\/2026\/04\/IMG_0887-800x1067.jpg 800w, https:\/\/gruene-ov-stuttgart.de\/bad-cannstatt\/wp-content\/uploads\/2026\/04\/IMG_0887-400x533.jpg 400w, https:\/\/gruene-ov-stuttgart.de\/bad-cannstatt\/wp-content\/uploads\/2026\/04\/IMG_0887-768x1024.jpg 768w, https:\/\/gruene-ov-stuttgart.de\/bad-cannstatt\/wp-content\/uploads\/2026\/04\/IMG_0887-1152x1536.jpg 1152w, https:\/\/gruene-ov-stuttgart.de\/bad-cannstatt\/wp-content\/uploads\/2026\/04\/IMG_0887-113x150.jpg 113w, https:\/\/gruene-ov-stuttgart.de\/bad-cannstatt\/wp-content\/uploads\/2026\/04\/IMG_0887.jpg 1200w\" sizes=\"(max-width: 800px) 100vw, 800px\" \/><\/figure>\n\n\n\n<p>Im Fokus stehen wichtige Themen f\u00fcr die Zukunft Bad Cannstatts. Dazu z\u00e4hlen wirksamer Klimaschutz vor Ort, eine moderne und verl\u00e4ssliche Mobilit\u00e4t sowie eine Stadtentwicklung, die Lebensqualit\u00e4t im ganzen Bezirk sichert. Der Vorstand setzt auf guten und offenen Austausch mit den B\u00fcrgerinnen und B\u00fcrgern. <\/p>\n ","protected":false},"excerpt":{"rendered":"<p>Der Ortsverband von B\u00dcNDNIS 90\/DIE GR\u00dcNEN in Bad Cannstatt hat einen neuen Vorstand gew\u00e4hlt. Annette Thomas, Anne Greiling und Patrick Barth \u00fcbernehmen gemeinsam Verantwortung im Sprecher*innen-Team. Mit der Neuwahl stellt&#8230; <\/p>\n","protected":false},"author":19,"featured_media":0,"comment_status":"open","ping_status":"open","sticky":false,"template":"","format":"standard","meta":{"footnotes":""},"categories":[97,1],"tags":[],"jetpack_sharing_enabled":true,"jetpack_featured_media_url":"","_links":{"self":[{"href":"https:\/\/gruene-ov-stuttgart.de\/bad-cannstatt\/wp-json\/wp\/v2\/posts\/1458"}],"collection":[{"href":"https:\/\/gruene-ov-stuttgart.de\/bad-cannstatt\/wp-json\/wp\/v2\/posts"}],"about":[{"href":"https:\/\/gruene-ov-stuttgart.de\/bad-cannstatt\/wp-json\/wp\/v2\/types\/post"}],"author":[{"embeddable":true,"href":"https:\/\/gruene-ov-stuttgart.de\/bad-cannstatt\/wp-json\/wp\/v2\/users\/19"}],"replies":[{"embeddable":true,"href":"https:\/\/gruene-ov-stuttgart.de\/bad-cannstatt\/wp-json\/wp\/v2\/comments?post=1458"}],"version-history":[{"count":3,"href":"https:\/\/gruene-ov-stuttgart.de\/bad-cannstatt\/wp-json\/wp\/v2\/posts\/1458\/revisions"}],"predecessor-version":[{"id":1469,"href":"https:\/\/gruene-ov-stuttgart.de\/bad-cannstatt\/wp-json\/wp\/v2\/posts\/1458\/revisions\/1469"}],"wp:attachment":[{"href":"https:\/\/gruene-ov-stuttgart.de\/bad-cannstatt\/wp-json\/wp\/v2\/media?parent=1458"}],"wp:term":[{"taxonomy":"category","embeddable":true,"href":"https:\/\/gruene-ov-stuttgart.de\/bad-cannstatt\/wp-json\/wp\/v2\/categories?post=1458"},{"taxonomy":"post_tag","embeddable":true,"href":"https:\/\/gruene-ov-stuttgart.de\/bad-cannstatt\/wp-json\/wp\/v2\/tags?post=1458"}],"curies":[{"name":"wp","href":"https:\/\/api.w.org\/{rel}","templated":true}]}}