{"id":1013,"date":"2024-03-23T15:05:21","date_gmt":"2024-03-23T14:05:21","guid":{"rendered":"https:\/\/gruene-ov-stuttgart.de\/feuerbach\/?p=1013"},"modified":"2025-03-04T22:46:11","modified_gmt":"2025-03-04T21:46:11","slug":"musse-waehlen-gehen-am-9-juni-fuer-feuerbach-in-den-gemeinderat","status":"publish","type":"post","link":"https:\/\/gruene-ov-stuttgart.de\/feuerbach\/2024\/03\/23\/musse-waehlen-gehen-am-9-juni-fuer-feuerbach-in-den-gemeinderat\/","title":{"rendered":"MUSSE W\u00c4HLEN GEHEN!                                                                              Am 9. Juni f\u00fcr Feuerbach in den Gemeinderat"},"content":{"rendered":"\n<figure class=\"wp-block-gallery has-nested-images columns-default is-cropped wp-block-gallery-1 is-layout-flex wp-block-gallery-is-layout-flex\">\n<figure class=\"wp-block-image size-large\"><img loading=\"lazy\" decoding=\"async\" width=\"800\" height=\"800\" data-id=\"1014\" src=\"https:\/\/gruene-ov-stuttgart.de\/feuerbach\/wp-content\/uploads\/2024\/03\/IMG_20240312_103454_896-800x800.jpg\" alt=\"\" class=\"wp-image-1014\" srcset=\"https:\/\/gruene-ov-stuttgart.de\/feuerbach\/wp-content\/uploads\/2024\/03\/IMG_20240312_103454_896-800x800.jpg 800w, https:\/\/gruene-ov-stuttgart.de\/feuerbach\/wp-content\/uploads\/2024\/03\/IMG_20240312_103454_896-400x400.jpg 400w, https:\/\/gruene-ov-stuttgart.de\/feuerbach\/wp-content\/uploads\/2024\/03\/IMG_20240312_103454_896-150x150.jpg 150w, https:\/\/gruene-ov-stuttgart.de\/feuerbach\/wp-content\/uploads\/2024\/03\/IMG_20240312_103454_896-768x768.jpg 768w, https:\/\/gruene-ov-stuttgart.de\/feuerbach\/wp-content\/uploads\/2024\/03\/IMG_20240312_103454_896-1536x1536.jpg 1536w, https:\/\/gruene-ov-stuttgart.de\/feuerbach\/wp-content\/uploads\/2024\/03\/IMG_20240312_103454_896.jpg 2000w\" sizes=\"auto, (max-width: 800px) 100vw, 800px\" \/><\/figure>\n<\/figure>\n\n\n\n<h1 class=\"wp-block-heading\" id=\"christian-musse\">Christian Musse<\/h1>\n\n\n\n<h3 class=\"wp-block-heading\" id=\"listenplatz-12\">Listenplatz 12, 40 Jahre alt, Betriebsrat &amp; Schwerbehindertenvertreter eines sozialen Unternehmens.<\/h3>\n\n\n\n<p><\/p>\n\n\n\n<ul class=\"wp-block-social-links is-layout-flex wp-block-social-links-is-layout-flex\"><li class=\"wp-social-link wp-social-link-facebook  wp-block-social-link\"><a href=\"https:\/\/www.facebook.com\/christian.musse.90\" class=\"wp-block-social-link-anchor\"><svg width=\"24\" height=\"24\" viewBox=\"0 0 24 24\" version=\"1.1\" xmlns=\"http:\/\/www.w3.org\/2000\/svg\" aria-hidden=\"true\" focusable=\"false\"><path d=\"M12 2C6.5 2 2 6.5 2 12c0 5 3.7 9.1 8.4 9.9v-7H7.9V12h2.5V9.8c0-2.5 1.5-3.9 3.8-3.9 1.1 0 2.2.2 2.2.2v2.5h-1.3c-1.2 0-1.6.8-1.6 1.6V12h2.8l-.4 2.9h-2.3v7C18.3 21.1 22 17 22 12c0-5.5-4.5-10-10-10z\"><\/path><\/svg><span class=\"wp-block-social-link-label screen-reader-text\">Facebook<\/span><\/a><\/li>\n\n<li class=\"wp-social-link wp-social-link-instagram  wp-block-social-link\"><a href=\"https:\/\/www.instagram.com\/mussechristian\/?ref=gruene-stuttgart.de\" class=\"wp-block-social-link-anchor\"><svg width=\"24\" height=\"24\" viewBox=\"0 0 24 24\" version=\"1.1\" xmlns=\"http:\/\/www.w3.org\/2000\/svg\" aria-hidden=\"true\" focusable=\"false\"><path d=\"M12,4.622c2.403,0,2.688,0.009,3.637,0.052c0.877,0.04,1.354,0.187,1.671,0.31c0.42,0.163,0.72,0.358,1.035,0.673 c0.315,0.315,0.51,0.615,0.673,1.035c0.123,0.317,0.27,0.794,0.31,1.671c0.043,0.949,0.052,1.234,0.052,3.637 s-0.009,2.688-0.052,3.637c-0.04,0.877-0.187,1.354-0.31,1.671c-0.163,0.42-0.358,0.72-0.673,1.035 c-0.315,0.315-0.615,0.51-1.035,0.673c-0.317,0.123-0.794,0.27-1.671,0.31c-0.949,0.043-1.233,0.052-3.637,0.052 s-2.688-0.009-3.637-0.052c-0.877-0.04-1.354-0.187-1.671-0.31c-0.42-0.163-0.72-0.358-1.035-0.673 c-0.315-0.315-0.51-0.615-0.673-1.035c-0.123-0.317-0.27-0.794-0.31-1.671C4.631,14.688,4.622,14.403,4.622,12 s0.009-2.688,0.052-3.637c0.04-0.877,0.187-1.354,0.31-1.671c0.163-0.42,0.358-0.72,0.673-1.035 c0.315-0.315,0.615-0.51,1.035-0.673c0.317-0.123,0.794-0.27,1.671-0.31C9.312,4.631,9.597,4.622,12,4.622 M12,3 C9.556,3,9.249,3.01,8.289,3.054C7.331,3.098,6.677,3.25,6.105,3.472C5.513,3.702,5.011,4.01,4.511,4.511 c-0.5,0.5-0.808,1.002-1.038,1.594C3.25,6.677,3.098,7.331,3.054,8.289C3.01,9.249,3,9.556,3,12c0,2.444,0.01,2.751,0.054,3.711 c0.044,0.958,0.196,1.612,0.418,2.185c0.23,0.592,0.538,1.094,1.038,1.594c0.5,0.5,1.002,0.808,1.594,1.038 c0.572,0.222,1.227,0.375,2.185,0.418C9.249,20.99,9.556,21,12,21s2.751-0.01,3.711-0.054c0.958-0.044,1.612-0.196,2.185-0.418 c0.592-0.23,1.094-0.538,1.594-1.038c0.5-0.5,0.808-1.002,1.038-1.594c0.222-0.572,0.375-1.227,0.418-2.185 C20.99,14.751,21,14.444,21,12s-0.01-2.751-0.054-3.711c-0.044-0.958-0.196-1.612-0.418-2.185c-0.23-0.592-0.538-1.094-1.038-1.594 c-0.5-0.5-1.002-0.808-1.594-1.038c-0.572-0.222-1.227-0.375-2.185-0.418C14.751,3.01,14.444,3,12,3L12,3z M12,7.378 c-2.552,0-4.622,2.069-4.622,4.622S9.448,16.622,12,16.622s4.622-2.069,4.622-4.622S14.552,7.378,12,7.378z M12,15 c-1.657,0-3-1.343-3-3s1.343-3,3-3s3,1.343,3,3S13.657,15,12,15z M16.804,6.116c-0.596,0-1.08,0.484-1.08,1.08 s0.484,1.08,1.08,1.08c0.596,0,1.08-0.484,1.08-1.08S17.401,6.116,16.804,6.116z\"><\/path><\/svg><span class=\"wp-block-social-link-label screen-reader-text\">Instagram<\/span><\/a><\/li>\n\n<li class=\"wp-social-link wp-social-link-mail  wp-block-social-link\"><a href=\"https:\/\/Christian.musse@gruene-stuttgart.de%20\" class=\"wp-block-social-link-anchor\"><svg width=\"24\" height=\"24\" viewBox=\"0 0 24 24\" version=\"1.1\" xmlns=\"http:\/\/www.w3.org\/2000\/svg\" aria-hidden=\"true\" focusable=\"false\"><path d=\"M19,5H5c-1.1,0-2,.9-2,2v10c0,1.1.9,2,2,2h14c1.1,0,2-.9,2-2V7c0-1.1-.9-2-2-2zm.5,12c0,.3-.2.5-.5.5H5c-.3,0-.5-.2-.5-.5V9.8l7.5,5.6,7.5-5.6V17zm0-9.1L12,13.6,4.5,7.9V7c0-.3.2-.5.5-.5h14c.3,0,.5.2.5.5v.9z\"><\/path><\/svg><span class=\"wp-block-social-link-label screen-reader-text\">E-Mail<\/span><\/a><\/li><\/ul>\n\n\n\n<div class=\"wp-block-group is-layout-constrained wp-block-group-is-layout-constrained\">\n<p>DAF\u00dcR trete ich an:<\/p>\n<\/div>\n\n\n\n<div class=\"wp-block-group is-layout-constrained wp-block-group-is-layout-constrained\">\n<p>F\u00fcr die&nbsp;<strong>Bek\u00e4mpfung von Armut<\/strong>&nbsp;in Stuttgart!<\/p>\n<\/div>\n\n\n\n<div class=\"wp-block-group is-layout-constrained wp-block-group-is-layout-constrained\">\n<p>F\u00fcr die Gestaltung lebenswerter,&nbsp;<strong>altersfreundlicher Stadtbezirke.<\/strong><\/p>\n<\/div>\n\n\n\n<p>F\u00fcr wirkungsvolle Ma\u00dfnahmen gegen den&nbsp;<strong>Fachkr\u00e4ftemangel.<\/strong><\/p>\n\n\n\n<p>F\u00fcr eine<strong>&nbsp;kind- &amp; jugendgerechte<\/strong>&nbsp;Politik.<\/p>\n\n\n\n<p>F\u00fcr die St\u00e4rkung der&nbsp;<strong>sozialen Arbeit.<\/strong><\/p>\n\n\n\n<p>F\u00fcr die F\u00f6rderung und Wertsch\u00e4tzung des&nbsp;<strong>Ehrenamts.<\/strong><\/p>\n\n\n\n<div class=\"wp-block-buttons is-layout-flex wp-block-buttons-is-layout-flex\">\n<div class=\"wp-block-button\"><a class=\"wp-block-button__link wp-element-button\" href=\"https:\/\/gruene-stuttgart.de\/wahlen\/kommunalwahl\/\">MEHR INFORMATIONEN ZU DEN KANDIDAT*INNEN VON B90\/GR\u00dcNE ZUR GEMEINDERATSWAHL<\/a><\/div>\n<\/div>\n\n\n\n<p><\/p>\n","protected":false},"excerpt":{"rendered":"<p>Christian Musse Listenplatz 12, 40 Jahre alt, Betriebsrat &amp; Schwerbehindertenvertreter eines sozialen Unternehmens. DAF\u00dcR trete ich an: F\u00fcr die&nbsp;Bek\u00e4mpfung von Armut&nbsp;in Stuttgart! F\u00fcr die Gestaltung lebenswerter,&nbsp;altersfreundlicher Stadtbezirke. F\u00fcr wirkungsvolle Ma\u00dfnahmen [&hellip;]<\/p>\n","protected":false},"author":2,"featured_media":1014,"comment_status":"closed","ping_status":"open","sticky":false,"template":"","format":"standard","meta":{"footnotes":""},"categories":[85],"tags":[11,7,25,109,6],"class_list":["post-1013","post","type-post","status-publish","format-standard","has-post-thumbnail","hentry","category-aktuelles","tag-christian-musse","tag-feuerbach","tag-gruene-stuttgart","tag-kommunalwahl-2024","tag-stuttgart"],"_links":{"self":[{"href":"https:\/\/gruene-ov-stuttgart.de\/feuerbach\/wp-json\/wp\/v2\/posts\/1013","targetHints":{"allow":["GET"]}}],"collection":[{"href":"https:\/\/gruene-ov-stuttgart.de\/feuerbach\/wp-json\/wp\/v2\/posts"}],"about":[{"href":"https:\/\/gruene-ov-stuttgart.de\/feuerbach\/wp-json\/wp\/v2\/types\/post"}],"author":[{"embeddable":true,"href":"https:\/\/gruene-ov-stuttgart.de\/feuerbach\/wp-json\/wp\/v2\/users\/2"}],"replies":[{"embeddable":true,"href":"https:\/\/gruene-ov-stuttgart.de\/feuerbach\/wp-json\/wp\/v2\/comments?post=1013"}],"version-history":[{"count":8,"href":"https:\/\/gruene-ov-stuttgart.de\/feuerbach\/wp-json\/wp\/v2\/posts\/1013\/revisions"}],"predecessor-version":[{"id":1029,"href":"https:\/\/gruene-ov-stuttgart.de\/feuerbach\/wp-json\/wp\/v2\/posts\/1013\/revisions\/1029"}],"wp:featuredmedia":[{"embeddable":true,"href":"https:\/\/gruene-ov-stuttgart.de\/feuerbach\/wp-json\/wp\/v2\/media\/1014"}],"wp:attachment":[{"href":"https:\/\/gruene-ov-stuttgart.de\/feuerbach\/wp-json\/wp\/v2\/media?parent=1013"}],"wp:term":[{"taxonomy":"category","embeddable":true,"href":"https:\/\/gruene-ov-stuttgart.de\/feuerbach\/wp-json\/wp\/v2\/categories?post=1013"},{"taxonomy":"post_tag","embeddable":true,"href":"https:\/\/gruene-ov-stuttgart.de\/feuerbach\/wp-json\/wp\/v2\/tags?post=1013"}],"curies":[{"name":"wp","href":"https:\/\/api.w.org\/{rel}","templated":true}]}}