{"id":1060,"date":"2024-07-24T23:18:36","date_gmt":"2024-07-24T21:18:36","guid":{"rendered":"https:\/\/gruene-ov-stuttgart.de\/feuerbach\/?p=1060"},"modified":"2025-03-10T21:41:32","modified_gmt":"2025-03-10T20:41:32","slug":"neuer-vorstand-bezirksbeirat-bei-den-gruenen-in-feuerbach-gewaehlt","status":"publish","type":"post","link":"https:\/\/gruene-ov-stuttgart.de\/feuerbach\/2024\/07\/24\/neuer-vorstand-bezirksbeirat-bei-den-gruenen-in-feuerbach-gewaehlt\/","title":{"rendered":"Neuer Vorstand &amp; Bezirksbeirat bei den Gr\u00fcnen in Feuerbach gew\u00e4hlt!\u00a0"},"content":{"rendered":"\n<h2 class=\"wp-block-heading\">Neues Sprecher:innen Team<\/h2>\n\n\n\n<p>Wir freuen uns, unsere neuen Sprecher:innen des Ortsverbands der Gr\u00fcnen in Feuerbach vorstellen zu d\u00fcrfen: Monica Hettrich und Dr. Daniel Kusterer. Unterst\u00fctzt werden sie von ihrer Stellvertreterin Susanne v. Schneider.&nbsp;Gemeinsam m\u00f6chten sie die erfolgreiche Arbeit der Gr\u00fcnen in Feuerbach fortf\u00fchren und neue Akzente&nbsp;f\u00fcr die Zukunft&nbsp;setzen. \ud83d\udc9a<\/p>\n\n\n\n<h2 class=\"wp-block-heading\">Neue Gr\u00fcne Bezirksbeiratsfraktion<\/h2>\n\n\n\n<p>Unsere neuen Vertreter:innen im Bezirksbeirat sind:<\/p>\n\n\n\n<p>\u2022 Carina H\u00e4ussler<br>\u2022 Christian Musse (Sprecher der BB-Fraktion)<br>\u2022 Axel Schmid<\/p>\n\n\n\n<p>Stellvertreter:innen:<\/p>\n\n\n\n<p>\u2022 Hanne Niebuhr<br>\u2022 Dr. Margarita Sigle<br>\u2022 Andreas B\u00fcchner<br>\u2022 Dr. Daniel Kusterer<\/p>\n\n\n\n<h2 class=\"wp-block-heading\">Danke!<\/h2>\n\n\n\n<p>Der Ortsverband der Gr\u00fcnen in Feuerbach dankt Reiner G\u00f6tz herzlich f\u00fcr sein 30-j\u00e4hriges Engagement im Bezirksbeirat als Sprecher der Bezirksbeiratsfraktion. Ebenso danken wir Christian Musse f\u00fcr seine langj\u00e4hrige engagierte Arbeit als OV-Sprecher. \ud83d\ude4f\ud83c\udffc\ud83d\udc9a<\/p>\n","protected":false},"excerpt":{"rendered":"<p>Neues Sprecher:innen Team Wir freuen uns, unsere neuen Sprecher:innen des Ortsverbands der Gr\u00fcnen in Feuerbach vorstellen zu d\u00fcrfen: Monica Hettrich und Dr. Daniel Kusterer. Unterst\u00fctzt werden sie von ihrer Stellvertreterin [&hellip;]<\/p>\n","protected":false},"author":5,"featured_media":1057,"comment_status":"closed","ping_status":"open","sticky":false,"template":"","format":"standard","meta":{"footnotes":""},"categories":[85,3,1],"tags":[14,17,7,110],"class_list":["post-1060","post","type-post","status-publish","format-standard","has-post-thumbnail","hentry","category-aktuelles","category-impressionen","category-start","tag-b90-die-gruenen","tag-bezirksbeirat","tag-feuerbach","tag-ov-feuerbach"],"_links":{"self":[{"href":"https:\/\/gruene-ov-stuttgart.de\/feuerbach\/wp-json\/wp\/v2\/posts\/1060","targetHints":{"allow":["GET"]}}],"collection":[{"href":"https:\/\/gruene-ov-stuttgart.de\/feuerbach\/wp-json\/wp\/v2\/posts"}],"about":[{"href":"https:\/\/gruene-ov-stuttgart.de\/feuerbach\/wp-json\/wp\/v2\/types\/post"}],"author":[{"embeddable":true,"href":"https:\/\/gruene-ov-stuttgart.de\/feuerbach\/wp-json\/wp\/v2\/users\/5"}],"replies":[{"embeddable":true,"href":"https:\/\/gruene-ov-stuttgart.de\/feuerbach\/wp-json\/wp\/v2\/comments?post=1060"}],"version-history":[{"count":3,"href":"https:\/\/gruene-ov-stuttgart.de\/feuerbach\/wp-json\/wp\/v2\/posts\/1060\/revisions"}],"predecessor-version":[{"id":1063,"href":"https:\/\/gruene-ov-stuttgart.de\/feuerbach\/wp-json\/wp\/v2\/posts\/1060\/revisions\/1063"}],"wp:featuredmedia":[{"embeddable":true,"href":"https:\/\/gruene-ov-stuttgart.de\/feuerbach\/wp-json\/wp\/v2\/media\/1057"}],"wp:attachment":[{"href":"https:\/\/gruene-ov-stuttgart.de\/feuerbach\/wp-json\/wp\/v2\/media?parent=1060"}],"wp:term":[{"taxonomy":"category","embeddable":true,"href":"https:\/\/gruene-ov-stuttgart.de\/feuerbach\/wp-json\/wp\/v2\/categories?post=1060"},{"taxonomy":"post_tag","embeddable":true,"href":"https:\/\/gruene-ov-stuttgart.de\/feuerbach\/wp-json\/wp\/v2\/tags?post=1060"}],"curies":[{"name":"wp","href":"https:\/\/api.w.org\/{rel}","templated":true}]}}