{"id":1137,"date":"2025-01-23T22:27:42","date_gmt":"2025-01-23T21:27:42","guid":{"rendered":"https:\/\/gruene-ov-stuttgart.de\/feuerbach\/?p=1137"},"modified":"2025-03-10T21:41:24","modified_gmt":"2025-03-10T20:41:24","slug":"gruene-diskussionsveranstaltung-zuwanderung-gestalten","status":"publish","type":"post","link":"https:\/\/gruene-ov-stuttgart.de\/feuerbach\/2025\/01\/23\/gruene-diskussionsveranstaltung-zuwanderung-gestalten\/","title":{"rendered":"Gr\u00fcne Diskussionsveranstaltung &#8211; Zuwanderung gestalten"},"content":{"rendered":"\n<p>Zuwanderung gestalten: Eine gr\u00fcne Perspektive! \ud83c\udf3f\ud83e\udd1d<\/p>\n\n\n\n<p>Mittwoch Abend: Spannende Diskussion mit unseren G\u00e4sten&nbsp;<a href=\"https:\/\/www.instagram.com\/ryyanalshebl\/\">@ryyanalshebl<\/a>, 2015 aus Syrien gefl\u00fcchtet und inzwischen B\u00fcrgermeister von Ostelsheim, sowie Roland Kugler, DER auf Asylfragen spezialisierter Stuttgarter Rechtsanwalt, und Teilnehmer:innen! \ud83c\udf89\ud83d\udc4f<\/p>\n\n\n\n<p class=\"has-text-align-left\">Highlights:<br>\ud83c\uddea\ud83c\uddfa Gemeinsame europ\u00e4ische L\u00f6sungen n\u00f6tig<br>\ud83d\udcbc Mehr Wege f\u00fcr Arbeitsmigration<br>\ud83c\udf31 Vorausschauende Klima- und Au\u00dfenpolitik ist essentiell f\u00fcr eine gelungene Fl\u00fcchtlingspolitik<br>\ud83c\udfd8\ufe0f Herausforderungen f\u00fcr Kommunen bei Unterbringung<\/p>\n\n\n\n<p>Wir Gr\u00fcne stehen f\u00fcr:<br>\ud83c\udf08 Vielfalt &amp; Integration<br>\u2696\ufe0f Klare Regeln &amp; fairer Rechtsstaat<br>\ud83c\udf0d Globale Verantwortung<\/p>\n\n\n\n<p>Beitr\u00e4ge aus der Diskussion:<br>Benannte Herausforderungen:<br>&#8211; Es hat sich viel ver\u00e4ndert in Deutschland, die Stimmung ist rassistischer geworden<br>&#8211; Gegen Hetze muss vorgegangen werden<br>&#8211; Fl\u00fcchtlingspolitik ist wichtig, denn Au\u00dfenpolitik ist auch Fl\u00fcchtlingspolitik<br>&#8211; Die Klimakrise wirkt wie ein Brandbeschleuniger f\u00fcr die Fl\u00fcchtlingssituation<br>&#8211; Schwierigkeiten der Kommunen (z.B. Unterk\u00fcnfte)<br>&#8211; Deutschland kann nicht alle 70 &#8211; 80 Millionen potentiell Fl\u00fcchtende weltweit aufnehmen<\/p>\n\n\n\n<p>L\u00f6sungsans\u00e4tze:<br>&#8211; Wir brauchen gemeinsame europ\u00e4ische L\u00f6sungen (europ\u00e4ische Aufnahmezentren f\u00fcr schnelle Entscheidungen)<br>&#8211; Aufnahmezentren direkt an den Aussengrenzen f\u00fcr schnelle Entscheidungen bzgl. Asyl oder Zur\u00fcckweisung<br>&#8211; Ja zur Arbeitsmigration f\u00fcr Menschen, die uns in Gesellschaft und Wirtschaft voranbringen<\/p>\n\n\n\n<p>Wir Gr\u00fcne sind f\u00fcr unsere kontroversen Diskussionen bekannt, hier zum Zweck der politischen Meinungsbildung f\u00fcr das Thema Zuwanderung.&nbsp;<br>Das wollen wir als OV Feuerbach auch weiter aktiv im Kreisverband voranbringen.<\/p>\n\n\n\n<p>Lasst uns zusammen eine offene, gerechte Gesellschaft gestalten! \ud83d\udc9a<\/p>\n\n\n\n<p>Was bedeutet f\u00fcr euch eine faire Zuwanderungspolitik? Teilt eure Gedanken! \ud83d\udc47<\/p>\n\n\n\n<p><a href=\"https:\/\/www.instagram.com\/explore\/tags\/gr%C3%BCnezukunft\/\">#Gr\u00fcneZukunft<\/a><a href=\"https:\/\/www.instagram.com\/explore\/tags\/zuwanderung\/\">#Zuwanderung<\/a><a href=\"https:\/\/www.instagram.com\/explore\/tags\/vielfalt\/\">#Vielfalt<\/a><a href=\"https:\/\/www.instagram.com\/explore\/tags\/klimafl%C3%BCchtlinge\/\">#KlimaFl\u00fcchtlinge<\/a><a href=\"https:\/\/www.instagram.com\/explore\/tags\/europagemeinsam\/\">#europagemeinsam<\/a><a href=\"https:\/\/www.instagram.com\/explore\/tags\/stuttgart\/\">#stuttgart<\/a><a href=\"https:\/\/www.instagram.com\/explore\/tags\/feuerbach\/\">#feuerbach<\/a><a href=\"https:\/\/www.instagram.com\/explore\/tags\/gruenestuttgart\/\">#gruenestuttgart<\/a><\/p>\n\n\n\n<p><\/p>\n","protected":false},"excerpt":{"rendered":"<p>Mittwoch Abend: Spannende Diskussion mit unseren G\u00e4sten\u00a0@ryyanalshebl, 2015 aus Syrien gefl\u00fcchtet und inzwischen B\u00fcrgermeister von Ostelsheim, sowie Roland Kugler, DER auf Asylfragen spezialisierter Stuttgarter Rechtsanwalt, und Teilnehmer:innen! \ud83c\udf89\ud83d\udc4f<\/p>\n<p>Highlights:<br \/>\n\ud83c\uddea\ud83c\uddfa Gemeinsame europ\u00e4ische L\u00f6sungen n\u00f6tig<br \/>\n\ud83d\udcbc Mehr Wege f\u00fcr Arbeitsmigration<br \/>\n\ud83c\udf31 Vorausschauende Klima- und Au\u00dfenpolitik ist essentiell f\u00fcr eine gelungene Fl\u00fcchtlingspolitik<br \/>\n\ud83c\udfd8\ufe0f Herausforderungen f\u00fcr Kommunen bei Unterbringung<\/p>\n","protected":false},"author":5,"featured_media":1138,"comment_status":"closed","ping_status":"open","sticky":false,"template":"","format":"standard","meta":{"footnotes":""},"categories":[85,3,1],"tags":[14,7],"class_list":["post-1137","post","type-post","status-publish","format-standard","has-post-thumbnail","hentry","category-aktuelles","category-impressionen","category-start","tag-b90-die-gruenen","tag-feuerbach"],"_links":{"self":[{"href":"https:\/\/gruene-ov-stuttgart.de\/feuerbach\/wp-json\/wp\/v2\/posts\/1137","targetHints":{"allow":["GET"]}}],"collection":[{"href":"https:\/\/gruene-ov-stuttgart.de\/feuerbach\/wp-json\/wp\/v2\/posts"}],"about":[{"href":"https:\/\/gruene-ov-stuttgart.de\/feuerbach\/wp-json\/wp\/v2\/types\/post"}],"author":[{"embeddable":true,"href":"https:\/\/gruene-ov-stuttgart.de\/feuerbach\/wp-json\/wp\/v2\/users\/5"}],"replies":[{"embeddable":true,"href":"https:\/\/gruene-ov-stuttgart.de\/feuerbach\/wp-json\/wp\/v2\/comments?post=1137"}],"version-history":[{"count":2,"href":"https:\/\/gruene-ov-stuttgart.de\/feuerbach\/wp-json\/wp\/v2\/posts\/1137\/revisions"}],"predecessor-version":[{"id":1140,"href":"https:\/\/gruene-ov-stuttgart.de\/feuerbach\/wp-json\/wp\/v2\/posts\/1137\/revisions\/1140"}],"wp:featuredmedia":[{"embeddable":true,"href":"https:\/\/gruene-ov-stuttgart.de\/feuerbach\/wp-json\/wp\/v2\/media\/1138"}],"wp:attachment":[{"href":"https:\/\/gruene-ov-stuttgart.de\/feuerbach\/wp-json\/wp\/v2\/media?parent=1137"}],"wp:term":[{"taxonomy":"category","embeddable":true,"href":"https:\/\/gruene-ov-stuttgart.de\/feuerbach\/wp-json\/wp\/v2\/categories?post=1137"},{"taxonomy":"post_tag","embeddable":true,"href":"https:\/\/gruene-ov-stuttgart.de\/feuerbach\/wp-json\/wp\/v2\/tags?post=1137"}],"curies":[{"name":"wp","href":"https:\/\/api.w.org\/{rel}","templated":true}]}}