{"id":1153,"date":"2025-03-10T17:19:29","date_gmt":"2025-03-10T16:19:29","guid":{"rendered":"https:\/\/gruene-ov-stuttgart.de\/feuerbach\/?p=1153"},"modified":"2025-03-10T17:19:31","modified_gmt":"2025-03-10T16:19:31","slug":"antrag-klarheit-ueber-die-situation-obdachloser-menschen-in-unserem-stadtbezirk-und-konkrete-verbesserungen-vorantreiben","status":"publish","type":"post","link":"https:\/\/gruene-ov-stuttgart.de\/feuerbach\/2025\/03\/10\/antrag-klarheit-ueber-die-situation-obdachloser-menschen-in-unserem-stadtbezirk-und-konkrete-verbesserungen-vorantreiben\/","title":{"rendered":"Antrag &#8211; Klarheit \u00fcber die Situation obdachloser Menschen in unserem Stadtbezirk und konkrete Verbesserungen vorantreiben"},"content":{"rendered":"\n<h3 class=\"wp-block-heading\"><strong>Obdachlosigkeit in Feuerbach: Wir m\u00fcssen handeln!<\/strong><\/h3>\n\n\n\n<p>In der Februarsitzung des Bezirksbeirats Feuerbach haben wir als <strong>Gr\u00fcne Bezirksbeiratsfraktion<\/strong> einen wichtigen Antrag eingebracht \u2013 und er wurde mehrheitlich angenommen! Unser Ziel: <strong>mehr Klarheit \u00fcber die Situation obdachloser Menschen in unserem Stadtbezirk und konkrete Verbesserungen vorantreiben.<\/strong><\/p>\n\n\n\n<p>\ud83d\udca1 <strong>Was fordern wir?<\/strong><br>Wir haben eine Berichterstattung durch Expert*innen, beispielsweise aus dem Sozialamt der Stadt Stuttgart oder von Wohlfahrtstr\u00e4gern, beantragt. Sie sollen uns aufzeigen:<\/p>\n\n\n\n<p>\u2705 <strong>Wie viele Unterbringungsm\u00f6glichkeiten gibt es aktuell?<\/strong> Besonders in den Wintermonaten sind Notunterk\u00fcnfte \u00fcberlebenswichtig. Wir wollen wissen, ob der Bedarf gedeckt ist \u2013 oder ob dringend mehr getan werden muss.<\/p>\n\n\n\n<p>\u2705 <strong>Wie steht es um sanit\u00e4re Angebote?<\/strong> Niedrigschwellige Waschgelegenheiten sind essenziell f\u00fcr die W\u00fcrde und Gesundheit obdachloser Menschen. Wir wollen erfahren, ob es hier L\u00fccken gibt und wie wir diese schlie\u00dfen k\u00f6nnen.<\/p>\n\n\n\n<p>\ud83d\udd0d <strong>Warum ist das so wichtig?<\/strong><br>Obdachlosigkeit geht uns alle an! Gerade in einer wohlhabenden Stadt wie Stuttgart darf niemand auf der Stra\u00dfe im Kalten stehen \u2013 ohne Unterkunft, ohne Zugang zu Hygiene, ohne Perspektive. <strong>Wir wollen nicht nur reden, sondern handeln.<\/strong> Doch um sinnvolle Ma\u00dfnahmen zu entwickeln, brauchen wir erst eine fundierte Einsch\u00e4tzung der Lage.<\/p>\n\n\n\n<p>\ud83e\udd1d <strong>Gemeinsam f\u00fcr L\u00f6sungen!<\/strong><br>Uns ist wichtig: Dieses Thema darf keine parteipolitische Frage sein. <strong>Wir wollen im Bezirksbeirat gemeinsam mit allen demokratischen Fraktionen an einem Strang ziehen, um konkrete Verbesserungen f\u00fcr obdachlose Menschen in Feuerbach zu erreichen.<\/strong> Sobald die Berichterstattung erfolgt ist, setzen wir uns daf\u00fcr ein, dass daraus Taten folgen!<\/p>\n\n\n\n<p>\ud83d\udc9a <strong>Wir bleiben dran \u2013 f\u00fcr eine Stadt, die niemanden zur\u00fcckl\u00e4sst!<\/strong><\/p>\n\n\n\n<p><strong>Eure Gr\u00fcne Bezirksbeiratsfraktion Feuerbach<\/strong><\/p>\n","protected":false},"excerpt":{"rendered":"<p>Obdachlosigkeit in Feuerbach: Wir m\u00fcssen handeln! In der Februarsitzung des Bezirksbeirats Feuerbach haben wir als Gr\u00fcne Bezirksbeiratsfraktion einen wichtigen Antrag eingebracht \u2013 und er wurde mehrheitlich angenommen! Unser Ziel: mehr [&hellip;]<\/p>\n","protected":false},"author":2,"featured_media":0,"comment_status":"closed","ping_status":"open","sticky":false,"template":"","format":"standard","meta":{"footnotes":""},"categories":[85,116],"tags":[118,14,17,7,25,117,6],"class_list":["post-1153","post","type-post","status-publish","format-standard","hentry","category-aktuelles","category-bezirksbeirat","tag-armut","tag-b90-die-gruenen","tag-bezirksbeirat","tag-feuerbach","tag-gruene-stuttgart","tag-obdachlosigkeit","tag-stuttgart"],"_links":{"self":[{"href":"https:\/\/gruene-ov-stuttgart.de\/feuerbach\/wp-json\/wp\/v2\/posts\/1153","targetHints":{"allow":["GET"]}}],"collection":[{"href":"https:\/\/gruene-ov-stuttgart.de\/feuerbach\/wp-json\/wp\/v2\/posts"}],"about":[{"href":"https:\/\/gruene-ov-stuttgart.de\/feuerbach\/wp-json\/wp\/v2\/types\/post"}],"author":[{"embeddable":true,"href":"https:\/\/gruene-ov-stuttgart.de\/feuerbach\/wp-json\/wp\/v2\/users\/2"}],"replies":[{"embeddable":true,"href":"https:\/\/gruene-ov-stuttgart.de\/feuerbach\/wp-json\/wp\/v2\/comments?post=1153"}],"version-history":[{"count":1,"href":"https:\/\/gruene-ov-stuttgart.de\/feuerbach\/wp-json\/wp\/v2\/posts\/1153\/revisions"}],"predecessor-version":[{"id":1154,"href":"https:\/\/gruene-ov-stuttgart.de\/feuerbach\/wp-json\/wp\/v2\/posts\/1153\/revisions\/1154"}],"wp:attachment":[{"href":"https:\/\/gruene-ov-stuttgart.de\/feuerbach\/wp-json\/wp\/v2\/media?parent=1153"}],"wp:term":[{"taxonomy":"category","embeddable":true,"href":"https:\/\/gruene-ov-stuttgart.de\/feuerbach\/wp-json\/wp\/v2\/categories?post=1153"},{"taxonomy":"post_tag","embeddable":true,"href":"https:\/\/gruene-ov-stuttgart.de\/feuerbach\/wp-json\/wp\/v2\/tags?post=1153"}],"curies":[{"name":"wp","href":"https:\/\/api.w.org\/{rel}","templated":true}]}}