{"id":1156,"date":"2025-03-10T22:29:25","date_gmt":"2025-03-10T21:29:25","guid":{"rendered":"https:\/\/gruene-ov-stuttgart.de\/feuerbach\/?p=1156"},"modified":"2025-03-10T22:29:27","modified_gmt":"2025-03-10T21:29:27","slug":"bundestagswahlkampf-2025","status":"publish","type":"post","link":"https:\/\/gruene-ov-stuttgart.de\/feuerbach\/2025\/03\/10\/bundestagswahlkampf-2025\/","title":{"rendered":"Bundestagswahlkampf 2025"},"content":{"rendered":"\n<p>\ud83d\udc9a DANKE f\u00fcr eure Unterst\u00fctzung im Wahlkampf! \ud83d\udc9a <\/p>\n\n\n\n<p>Wir blicken zur\u00fcck auf einen intensiven Bundestagswahlkampf 2025! \ud83d\uddf3\ufe0f Jeden Samstag waren wir mit unserem Stand auf der Stuttgarter Stra\u00dfe pr\u00e4sent &#8211; Wind und Wetter trotzend in diesem Winterwahlkampf! \ud83c\udf27\ufe0f\u2600\ufe0f <\/p>\n\n\n\n<p>Unsere Kandidatin Dr. Anna Christmann war auch bei uns in Feuerbach mit Freundinnen und Freunden aus dem Ortsverband unerm\u00fcdlich im Einsatz &#8211; ob am Infostand, beim Haust\u00fcrwahlkampf oder bei Veranstaltungen wie in der Bowling Arena. Von Herzen DANKE f\u00fcr euer Vertrauen! \ud83d\udcaa <\/p>\n\n\n\n<p>Leider wird Anna nicht mehr im Bundestag vertreten sein &#8211; das bedauern wir sehr. \ud83d\ude14 Aber unser Einsatz f\u00fcr Klimaschutz, soziale Gerechtigkeit und eine offene Gesellschaft geht weiter! \ud83c\udf0d\u270a <\/p>\n\n\n\n<p>Ihr habt uns mit euren Stimmen und eurem Engagement getragen. Daf\u00fcr sind wir unendlich dankbar! \ud83d\udc9a <\/p>\n\n\n\n<p>#Bundestagswahl2025 #Gr\u00fcneStuttgart #Demokratie #DankeAnna #Gr\u00fcneZukunft #TeamGr\u00fcn<\/p>\n\n\n\n<div class=\"wp-block-group is-nowrap is-layout-flex wp-container-core-group-is-layout-ad2f72ca wp-block-group-is-layout-flex\">\n<figure class=\"wp-block-image size-large\"><img loading=\"lazy\" decoding=\"async\" width=\"759\" height=\"1200\" src=\"https:\/\/gruene-ov-stuttgart.de\/feuerbach\/wp-content\/uploads\/2025\/03\/Insta_1-759x1200.jpg\" alt=\"\" class=\"wp-image-1158\" srcset=\"https:\/\/gruene-ov-stuttgart.de\/feuerbach\/wp-content\/uploads\/2025\/03\/Insta_1-759x1200.jpg 759w, https:\/\/gruene-ov-stuttgart.de\/feuerbach\/wp-content\/uploads\/2025\/03\/Insta_1-379x600.jpg 379w, https:\/\/gruene-ov-stuttgart.de\/feuerbach\/wp-content\/uploads\/2025\/03\/Insta_1-768x1215.jpg 768w, https:\/\/gruene-ov-stuttgart.de\/feuerbach\/wp-content\/uploads\/2025\/03\/Insta_1-971x1536.jpg 971w, https:\/\/gruene-ov-stuttgart.de\/feuerbach\/wp-content\/uploads\/2025\/03\/Insta_1.jpg 982w\" sizes=\"auto, (max-width: 759px) 100vw, 759px\" \/><\/figure>\n\n\n\n<figure class=\"wp-block-image size-large\"><img loading=\"lazy\" decoding=\"async\" width=\"800\" height=\"1036\" src=\"https:\/\/gruene-ov-stuttgart.de\/feuerbach\/wp-content\/uploads\/2025\/03\/Insta_2-800x1036.jpg\" alt=\"\" class=\"wp-image-1159\" srcset=\"https:\/\/gruene-ov-stuttgart.de\/feuerbach\/wp-content\/uploads\/2025\/03\/Insta_2-800x1036.jpg 800w, https:\/\/gruene-ov-stuttgart.de\/feuerbach\/wp-content\/uploads\/2025\/03\/Insta_2-400x518.jpg 400w, https:\/\/gruene-ov-stuttgart.de\/feuerbach\/wp-content\/uploads\/2025\/03\/Insta_2-768x995.jpg 768w, https:\/\/gruene-ov-stuttgart.de\/feuerbach\/wp-content\/uploads\/2025\/03\/Insta_2.jpg 1006w\" sizes=\"auto, (max-width: 800px) 100vw, 800px\" \/><\/figure>\n\n\n\n<figure class=\"wp-block-image size-large\"><img loading=\"lazy\" decoding=\"async\" width=\"722\" height=\"1200\" src=\"https:\/\/gruene-ov-stuttgart.de\/feuerbach\/wp-content\/uploads\/2025\/03\/Insta_3-722x1200.jpg\" alt=\"\" class=\"wp-image-1160\" srcset=\"https:\/\/gruene-ov-stuttgart.de\/feuerbach\/wp-content\/uploads\/2025\/03\/Insta_3-722x1200.jpg 722w, https:\/\/gruene-ov-stuttgart.de\/feuerbach\/wp-content\/uploads\/2025\/03\/Insta_3-361x600.jpg 361w, https:\/\/gruene-ov-stuttgart.de\/feuerbach\/wp-content\/uploads\/2025\/03\/Insta_3-768x1276.jpg 768w, https:\/\/gruene-ov-stuttgart.de\/feuerbach\/wp-content\/uploads\/2025\/03\/Insta_3-924x1536.jpg 924w, https:\/\/gruene-ov-stuttgart.de\/feuerbach\/wp-content\/uploads\/2025\/03\/Insta_3.jpg 1020w\" sizes=\"auto, (max-width: 722px) 100vw, 722px\" \/><\/figure>\n\n\n\n<figure class=\"wp-block-image size-large\"><img loading=\"lazy\" decoding=\"async\" width=\"734\" height=\"1200\" src=\"https:\/\/gruene-ov-stuttgart.de\/feuerbach\/wp-content\/uploads\/2025\/03\/Insta_4-734x1200.jpg\" alt=\"\" class=\"wp-image-1161\" srcset=\"https:\/\/gruene-ov-stuttgart.de\/feuerbach\/wp-content\/uploads\/2025\/03\/Insta_4-734x1200.jpg 734w, https:\/\/gruene-ov-stuttgart.de\/feuerbach\/wp-content\/uploads\/2025\/03\/Insta_4-367x600.jpg 367w, https:\/\/gruene-ov-stuttgart.de\/feuerbach\/wp-content\/uploads\/2025\/03\/Insta_4-768x1255.jpg 768w, https:\/\/gruene-ov-stuttgart.de\/feuerbach\/wp-content\/uploads\/2025\/03\/Insta_4-940x1536.jpg 940w, https:\/\/gruene-ov-stuttgart.de\/feuerbach\/wp-content\/uploads\/2025\/03\/Insta_4.jpg 1028w\" sizes=\"auto, (max-width: 734px) 100vw, 734px\" \/><\/figure>\n\n\n\n<figure class=\"wp-block-image size-large\"><img loading=\"lazy\" decoding=\"async\" width=\"770\" height=\"1200\" src=\"https:\/\/gruene-ov-stuttgart.de\/feuerbach\/wp-content\/uploads\/2025\/03\/Insta_5-770x1200.jpg\" alt=\"\" class=\"wp-image-1162\" srcset=\"https:\/\/gruene-ov-stuttgart.de\/feuerbach\/wp-content\/uploads\/2025\/03\/Insta_5-770x1200.jpg 770w, https:\/\/gruene-ov-stuttgart.de\/feuerbach\/wp-content\/uploads\/2025\/03\/Insta_5-385x600.jpg 385w, https:\/\/gruene-ov-stuttgart.de\/feuerbach\/wp-content\/uploads\/2025\/03\/Insta_5-768x1198.jpg 768w, https:\/\/gruene-ov-stuttgart.de\/feuerbach\/wp-content\/uploads\/2025\/03\/Insta_5-985x1536.jpg 985w, https:\/\/gruene-ov-stuttgart.de\/feuerbach\/wp-content\/uploads\/2025\/03\/Insta_5.jpg 1019w\" sizes=\"auto, (max-width: 770px) 100vw, 770px\" \/><\/figure>\n\n\n\n<figure class=\"wp-block-image size-large\"><img loading=\"lazy\" decoding=\"async\" width=\"800\" height=\"810\" src=\"https:\/\/gruene-ov-stuttgart.de\/feuerbach\/wp-content\/uploads\/2025\/03\/Wahlkampf_Rad-800x810.jpg\" alt=\"\" class=\"wp-image-1157\" srcset=\"https:\/\/gruene-ov-stuttgart.de\/feuerbach\/wp-content\/uploads\/2025\/03\/Wahlkampf_Rad-800x810.jpg 800w, https:\/\/gruene-ov-stuttgart.de\/feuerbach\/wp-content\/uploads\/2025\/03\/Wahlkampf_Rad-400x405.jpg 400w, https:\/\/gruene-ov-stuttgart.de\/feuerbach\/wp-content\/uploads\/2025\/03\/Wahlkampf_Rad-768x778.jpg 768w, https:\/\/gruene-ov-stuttgart.de\/feuerbach\/wp-content\/uploads\/2025\/03\/Wahlkampf_Rad.jpg 1004w\" sizes=\"auto, (max-width: 800px) 100vw, 800px\" \/><\/figure>\n<\/div>\n\n\n\n<p><\/p>\n","protected":false},"excerpt":{"rendered":"<p>\ud83d\udc9a DANKE f\u00fcr eure Unterst\u00fctzung im Wahlkampf! \ud83d\udc9a Wir blicken zur\u00fcck auf einen intensiven Bundestagswahlkampf 2025! \ud83d\uddf3\ufe0f Jeden Samstag waren wir mit unserem Stand auf der Stuttgarter Stra\u00dfe pr\u00e4sent &#8211; [&hellip;]<\/p>\n","protected":false},"author":5,"featured_media":0,"comment_status":"closed","ping_status":"open","sticky":false,"template":"","format":"standard","meta":{"footnotes":""},"categories":[85,3,1],"tags":[12,7,25,119],"class_list":["post-1156","post","type-post","status-publish","format-standard","hentry","category-aktuelles","category-impressionen","category-start","tag-dr-anna-christmann","tag-feuerbach","tag-gruene-stuttgart","tag-wahlkampf"],"_links":{"self":[{"href":"https:\/\/gruene-ov-stuttgart.de\/feuerbach\/wp-json\/wp\/v2\/posts\/1156","targetHints":{"allow":["GET"]}}],"collection":[{"href":"https:\/\/gruene-ov-stuttgart.de\/feuerbach\/wp-json\/wp\/v2\/posts"}],"about":[{"href":"https:\/\/gruene-ov-stuttgart.de\/feuerbach\/wp-json\/wp\/v2\/types\/post"}],"author":[{"embeddable":true,"href":"https:\/\/gruene-ov-stuttgart.de\/feuerbach\/wp-json\/wp\/v2\/users\/5"}],"replies":[{"embeddable":true,"href":"https:\/\/gruene-ov-stuttgart.de\/feuerbach\/wp-json\/wp\/v2\/comments?post=1156"}],"version-history":[{"count":1,"href":"https:\/\/gruene-ov-stuttgart.de\/feuerbach\/wp-json\/wp\/v2\/posts\/1156\/revisions"}],"predecessor-version":[{"id":1163,"href":"https:\/\/gruene-ov-stuttgart.de\/feuerbach\/wp-json\/wp\/v2\/posts\/1156\/revisions\/1163"}],"wp:attachment":[{"href":"https:\/\/gruene-ov-stuttgart.de\/feuerbach\/wp-json\/wp\/v2\/media?parent=1156"}],"wp:term":[{"taxonomy":"category","embeddable":true,"href":"https:\/\/gruene-ov-stuttgart.de\/feuerbach\/wp-json\/wp\/v2\/categories?post=1156"},{"taxonomy":"post_tag","embeddable":true,"href":"https:\/\/gruene-ov-stuttgart.de\/feuerbach\/wp-json\/wp\/v2\/tags?post=1156"}],"curies":[{"name":"wp","href":"https:\/\/api.w.org\/{rel}","templated":true}]}}