{"id":159,"date":"2017-07-02T17:17:17","date_gmt":"2017-07-02T15:17:17","guid":{"rendered":"http:\/\/gruene-ov-stuttgart.de\/feuerbach\/?p=159"},"modified":"2017-07-02T21:07:43","modified_gmt":"2017-07-02T19:07:43","slug":"feuerbacher-hoeflesmarkt-2017","status":"publish","type":"post","link":"https:\/\/gruene-ov-stuttgart.de\/feuerbach\/2017\/07\/02\/feuerbacher-hoeflesmarkt-2017\/","title":{"rendered":"Feuerbacher H\u00f6flesmarkt 2017"},"content":{"rendered":"<figure id=\"attachment_161\" aria-describedby=\"caption-attachment-161\" style=\"width: 400px\" class=\"wp-caption alignnone\"><img loading=\"lazy\" decoding=\"async\" class=\"size-medium wp-image-161\" src=\"https:\/\/gruene-ov-stuttgart.de\/feuerbach\/wp-content\/uploads\/2017\/07\/FB_IMG_1499008399582-400x300.jpg\" alt=\"\" width=\"400\" height=\"300\" srcset=\"https:\/\/gruene-ov-stuttgart.de\/feuerbach\/wp-content\/uploads\/2017\/07\/FB_IMG_1499008399582-400x300.jpg 400w, https:\/\/gruene-ov-stuttgart.de\/feuerbach\/wp-content\/uploads\/2017\/07\/FB_IMG_1499008399582-768x576.jpg 768w, https:\/\/gruene-ov-stuttgart.de\/feuerbach\/wp-content\/uploads\/2017\/07\/FB_IMG_1499008399582-800x600.jpg 800w, https:\/\/gruene-ov-stuttgart.de\/feuerbach\/wp-content\/uploads\/2017\/07\/FB_IMG_1499008399582-150x113.jpg 150w, https:\/\/gruene-ov-stuttgart.de\/feuerbach\/wp-content\/uploads\/2017\/07\/FB_IMG_1499008399582.jpg 960w\" sizes=\"auto, (max-width: 400px) 100vw, 400px\" \/><figcaption id=\"caption-attachment-161\" class=\"wp-caption-text\">Feuerbacher H\u00f6flesmarkt 2017honoratioren stammtisch<\/figcaption><\/figure>\n<figure id=\"attachment_160\" aria-describedby=\"caption-attachment-160\" style=\"width: 400px\" class=\"wp-caption alignnone\"><img loading=\"lazy\" decoding=\"async\" class=\"wp-image-160 size-medium\" title=\"Stuttgart Feuerbach H\u00f6flesmarkt 2017 FFF Verein\" src=\"https:\/\/gruene-ov-stuttgart.de\/feuerbach\/wp-content\/uploads\/2017\/07\/FB_IMG_1499008385696-400x300.jpg\" alt=\"\" width=\"400\" height=\"300\" srcset=\"https:\/\/gruene-ov-stuttgart.de\/feuerbach\/wp-content\/uploads\/2017\/07\/FB_IMG_1499008385696-400x300.jpg 400w, https:\/\/gruene-ov-stuttgart.de\/feuerbach\/wp-content\/uploads\/2017\/07\/FB_IMG_1499008385696-768x576.jpg 768w, https:\/\/gruene-ov-stuttgart.de\/feuerbach\/wp-content\/uploads\/2017\/07\/FB_IMG_1499008385696-800x600.jpg 800w, https:\/\/gruene-ov-stuttgart.de\/feuerbach\/wp-content\/uploads\/2017\/07\/FB_IMG_1499008385696-150x113.jpg 150w, https:\/\/gruene-ov-stuttgart.de\/feuerbach\/wp-content\/uploads\/2017\/07\/FB_IMG_1499008385696.jpg 960w\" sizes=\"auto, (max-width: 400px) 100vw, 400px\" \/><figcaption id=\"caption-attachment-160\" class=\"wp-caption-text\">Feuerbach H\u00f6flesmarkt \/ Dr. Anna Christmann am Stand des Freundeskreises Fl\u00fcchtlinge Feuerbach (FFF)<\/figcaption><\/figure>\n<p>Toll, dass es in diesem Jahr wieder einen H\u00f6flesmarkt in Feuerbach gibt! Von solchem Festen leben unsere vielf\u00e4ltigen Stadtbezirke. Dr. Anna Christmann war hat den Markt besucht, Sie hat sich den einzelnen Vereinen vorgestellt und war sehr begeistert. Sie und der Gr\u00fcne OV-Feuerbach dankt allen beteiligten Vereinen und Gesch\u00e4ften f\u00fcr das Engagement.<\/p>\n","protected":false},"excerpt":{"rendered":"<p>Toll, dass es in diesem Jahr wieder einen H\u00f6flesmarkt in Feuerbach gibt! Von solchem Festen leben unsere vielf\u00e4ltigen Stadtbezirke. Dr. Anna Christmann war hat den Markt besucht, Sie hat sich [&hellip;]<\/p>\n","protected":false},"author":2,"featured_media":160,"comment_status":"open","ping_status":"open","sticky":false,"template":"","format":"standard","meta":{"footnotes":""},"categories":[1],"tags":[14,11,12,7,13,23,9,6],"class_list":["post-159","post","type-post","status-publish","format-standard","has-post-thumbnail","hentry","category-start","tag-b90-die-gruenen","tag-christian-musse","tag-dr-anna-christmann","tag-feuerbach","tag-freundeskreises-fluechtlinge-feuerbach-fff","tag-gewerbe-und-handelsverein-feuerbach-e-v-ghv","tag-hoeflesmarkt-2017","tag-stuttgart"],"_links":{"self":[{"href":"https:\/\/gruene-ov-stuttgart.de\/feuerbach\/wp-json\/wp\/v2\/posts\/159","targetHints":{"allow":["GET"]}}],"collection":[{"href":"https:\/\/gruene-ov-stuttgart.de\/feuerbach\/wp-json\/wp\/v2\/posts"}],"about":[{"href":"https:\/\/gruene-ov-stuttgart.de\/feuerbach\/wp-json\/wp\/v2\/types\/post"}],"author":[{"embeddable":true,"href":"https:\/\/gruene-ov-stuttgart.de\/feuerbach\/wp-json\/wp\/v2\/users\/2"}],"replies":[{"embeddable":true,"href":"https:\/\/gruene-ov-stuttgart.de\/feuerbach\/wp-json\/wp\/v2\/comments?post=159"}],"version-history":[{"count":9,"href":"https:\/\/gruene-ov-stuttgart.de\/feuerbach\/wp-json\/wp\/v2\/posts\/159\/revisions"}],"predecessor-version":[{"id":175,"href":"https:\/\/gruene-ov-stuttgart.de\/feuerbach\/wp-json\/wp\/v2\/posts\/159\/revisions\/175"}],"wp:featuredmedia":[{"embeddable":true,"href":"https:\/\/gruene-ov-stuttgart.de\/feuerbach\/wp-json\/wp\/v2\/media\/160"}],"wp:attachment":[{"href":"https:\/\/gruene-ov-stuttgart.de\/feuerbach\/wp-json\/wp\/v2\/media?parent=159"}],"wp:term":[{"taxonomy":"category","embeddable":true,"href":"https:\/\/gruene-ov-stuttgart.de\/feuerbach\/wp-json\/wp\/v2\/categories?post=159"},{"taxonomy":"post_tag","embeddable":true,"href":"https:\/\/gruene-ov-stuttgart.de\/feuerbach\/wp-json\/wp\/v2\/tags?post=159"}],"curies":[{"name":"wp","href":"https:\/\/api.w.org\/{rel}","templated":true}]}}