{"id":206,"date":"2017-10-03T14:11:41","date_gmt":"2017-10-03T12:11:41","guid":{"rendered":"http:\/\/gruene-ov-stuttgart.de\/feuerbach\/?p=206"},"modified":"2017-10-03T15:09:58","modified_gmt":"2017-10-03T13:09:58","slug":"dr-anna-christmann-gruene-bundestagsabgeordnete-fuer-den-wahlkreis-stuttgart-ii","status":"publish","type":"post","link":"https:\/\/gruene-ov-stuttgart.de\/feuerbach\/2017\/10\/03\/dr-anna-christmann-gruene-bundestagsabgeordnete-fuer-den-wahlkreis-stuttgart-ii\/","title":{"rendered":"Dr. Anna Christmann,  Neue Gr\u00fcne Bundestagsabgeordnete f\u00fcr den Wahlkreis Stuttgart II"},"content":{"rendered":"<p><strong>Vielen Dank!<\/strong><\/p>\n<figure id=\"attachment_208\" aria-describedby=\"caption-attachment-208\" style=\"width: 400px\" class=\"wp-caption alignnone\"><img loading=\"lazy\" decoding=\"async\" class=\"size-medium wp-image-208\" src=\"https:\/\/gruene-ov-stuttgart.de\/feuerbach\/wp-content\/uploads\/2017\/10\/Christmann-Anna_zip-2650x1769-400x267.jpg\" alt=\"\" width=\"400\" height=\"267\" srcset=\"https:\/\/gruene-ov-stuttgart.de\/feuerbach\/wp-content\/uploads\/2017\/10\/Christmann-Anna_zip-2650x1769-400x267.jpg 400w, https:\/\/gruene-ov-stuttgart.de\/feuerbach\/wp-content\/uploads\/2017\/10\/Christmann-Anna_zip-2650x1769-768x513.jpg 768w, https:\/\/gruene-ov-stuttgart.de\/feuerbach\/wp-content\/uploads\/2017\/10\/Christmann-Anna_zip-2650x1769-800x534.jpg 800w, https:\/\/gruene-ov-stuttgart.de\/feuerbach\/wp-content\/uploads\/2017\/10\/Christmann-Anna_zip-2650x1769-150x100.jpg 150w\" sizes=\"auto, (max-width: 400px) 100vw, 400px\" \/><figcaption id=\"caption-attachment-208\" class=\"wp-caption-text\">Neu gew\u00e4hlte Bundestagsabgeordnete der Gr\u00fcnen im Wahlkreis Stuttgart II<\/figcaption><\/figure>\n<p>Ich freue mich \u00fcber 15,8% der Erststimmen und 15,3% der Zweitstimmen f\u00fcr Gr\u00fcn in meinem Wahlkreis Stuttgart II. Mit meinem Listenplatz 11 werde ich nun als eine vom 13 gr\u00fcnen Abgeordneten aus Baden-W\u00fcrttemberg in den Bundestag einziehen. Ich danke allen f\u00fcr das Vertrauen und die Unterst\u00fctung in den letzten Wochen und Monaten.<\/p>\n<p>&nbsp;<\/p>\n<p>Auf dieser Seite werde ich demn\u00e4chst mehr \u00fcber meine Arbeit als Stuttgarter Wahlkreisabgeordnete und im Bundestag berichten.<\/p>\n<p>&nbsp;<\/p>\n<p>Ich freue mich \u00fcber Fragen und Feedback.<\/p>\n<p>&nbsp;<\/p>\n<p>Herzliche Gr\u00fc\u00dfe<\/p>\n<p>&nbsp;<\/p>\n<p>Dr. Anna Christmann<\/p>\n<p>&nbsp;<\/p>\n<p>http:\/\/annachristmann.org\/<\/p>\n","protected":false},"excerpt":{"rendered":"<p>Vielen Dank! Ich freue mich \u00fcber 15,8% der Erststimmen und 15,3% der Zweitstimmen f\u00fcr Gr\u00fcn in meinem Wahlkreis Stuttgart II. Mit meinem Listenplatz 11 werde ich nun als eine vom [&hellip;]<\/p>\n","protected":false},"author":2,"featured_media":208,"comment_status":"open","ping_status":"open","sticky":false,"template":"","format":"standard","meta":{"footnotes":""},"categories":[1],"tags":[14,30,12,25,29],"class_list":["post-206","post","type-post","status-publish","format-standard","has-post-thumbnail","hentry","category-start","tag-b90-die-gruenen","tag-bundestag","tag-dr-anna-christmann","tag-gruene-stuttgart","tag-stuttgart-feuerbach"],"_links":{"self":[{"href":"https:\/\/gruene-ov-stuttgart.de\/feuerbach\/wp-json\/wp\/v2\/posts\/206","targetHints":{"allow":["GET"]}}],"collection":[{"href":"https:\/\/gruene-ov-stuttgart.de\/feuerbach\/wp-json\/wp\/v2\/posts"}],"about":[{"href":"https:\/\/gruene-ov-stuttgart.de\/feuerbach\/wp-json\/wp\/v2\/types\/post"}],"author":[{"embeddable":true,"href":"https:\/\/gruene-ov-stuttgart.de\/feuerbach\/wp-json\/wp\/v2\/users\/2"}],"replies":[{"embeddable":true,"href":"https:\/\/gruene-ov-stuttgart.de\/feuerbach\/wp-json\/wp\/v2\/comments?post=206"}],"version-history":[{"count":4,"href":"https:\/\/gruene-ov-stuttgart.de\/feuerbach\/wp-json\/wp\/v2\/posts\/206\/revisions"}],"predecessor-version":[{"id":211,"href":"https:\/\/gruene-ov-stuttgart.de\/feuerbach\/wp-json\/wp\/v2\/posts\/206\/revisions\/211"}],"wp:featuredmedia":[{"embeddable":true,"href":"https:\/\/gruene-ov-stuttgart.de\/feuerbach\/wp-json\/wp\/v2\/media\/208"}],"wp:attachment":[{"href":"https:\/\/gruene-ov-stuttgart.de\/feuerbach\/wp-json\/wp\/v2\/media?parent=206"}],"wp:term":[{"taxonomy":"category","embeddable":true,"href":"https:\/\/gruene-ov-stuttgart.de\/feuerbach\/wp-json\/wp\/v2\/categories?post=206"},{"taxonomy":"post_tag","embeddable":true,"href":"https:\/\/gruene-ov-stuttgart.de\/feuerbach\/wp-json\/wp\/v2\/tags?post=206"}],"curies":[{"name":"wp","href":"https:\/\/api.w.org\/{rel}","templated":true}]}}