{"id":238,"date":"2018-01-27T17:43:08","date_gmt":"2018-01-27T16:43:08","guid":{"rendered":"http:\/\/gruene-ov-stuttgart.de\/feuerbach\/?p=238"},"modified":"2018-01-27T17:43:08","modified_gmt":"2018-01-27T16:43:08","slug":"gruener-neujahresempfang-2018-in-feuerbach","status":"publish","type":"post","link":"https:\/\/gruene-ov-stuttgart.de\/feuerbach\/2018\/01\/27\/gruener-neujahresempfang-2018-in-feuerbach\/","title":{"rendered":"Gr\u00fcner Neujahresempfang 2018 in Feuerbach"},"content":{"rendered":"<p style=\"text-align: left;\">Am Mittwoch den 24.01.2018 haben wir mit Franz Untersteller, Dr. Anna Christmann, Silvia Fischer und Andreas Winter unseren Neujahresempfang er\u00f6ffnet. Wir danken unseren vielen G\u00e4sten f\u00fcr die guten Gespr\u00e4che und den gelungenen Abend. Besonders m\u00f6chten wir uns bei Cornelia Lanz f\u00fcr den musikalischen Beitrag bedanken.<img loading=\"lazy\" decoding=\"async\" class=\"alignnone wp-image-239 size-medium\" title=\"Die Gr\u00fcnen Neujahresempfang 2018 in Stuttgart Feuerbach\" src=\"https:\/\/gruene-ov-stuttgart.de\/feuerbach\/wp-content\/uploads\/2018\/01\/20180124_191110-01-400x328.jpeg\" alt=\"\" width=\"400\" height=\"328\" srcset=\"https:\/\/gruene-ov-stuttgart.de\/feuerbach\/wp-content\/uploads\/2018\/01\/20180124_191110-01-400x328.jpeg 400w, https:\/\/gruene-ov-stuttgart.de\/feuerbach\/wp-content\/uploads\/2018\/01\/20180124_191110-01-768x629.jpeg 768w, https:\/\/gruene-ov-stuttgart.de\/feuerbach\/wp-content\/uploads\/2018\/01\/20180124_191110-01-800x656.jpeg 800w, https:\/\/gruene-ov-stuttgart.de\/feuerbach\/wp-content\/uploads\/2018\/01\/20180124_191110-01-150x123.jpeg 150w\" sizes=\"auto, (max-width: 400px) 100vw, 400px\" \/><img loading=\"lazy\" decoding=\"async\" class=\"alignnone wp-image-240 size-medium\" title=\"Die Gr\u00fcnen Neujahresempfang 2018 in Stuttgart Feuerbach\" src=\"https:\/\/gruene-ov-stuttgart.de\/feuerbach\/wp-content\/uploads\/2018\/01\/20180124_2029240-e1517071058783-400x533.jpg\" alt=\"\" width=\"400\" height=\"533\" srcset=\"https:\/\/gruene-ov-stuttgart.de\/feuerbach\/wp-content\/uploads\/2018\/01\/20180124_2029240-e1517071058783-400x533.jpg 400w, https:\/\/gruene-ov-stuttgart.de\/feuerbach\/wp-content\/uploads\/2018\/01\/20180124_2029240-e1517071058783-768x1024.jpg 768w, https:\/\/gruene-ov-stuttgart.de\/feuerbach\/wp-content\/uploads\/2018\/01\/20180124_2029240-e1517071058783-800x1067.jpg 800w, https:\/\/gruene-ov-stuttgart.de\/feuerbach\/wp-content\/uploads\/2018\/01\/20180124_2029240-e1517071058783-113x150.jpg 113w\" sizes=\"auto, (max-width: 400px) 100vw, 400px\" \/><img loading=\"lazy\" decoding=\"async\" class=\"alignnone wp-image-241 size-medium\" title=\"Die Gr\u00fcnen Neujahresempfang 2018 in Stuttgart Feuerbach\" src=\"https:\/\/gruene-ov-stuttgart.de\/feuerbach\/wp-content\/uploads\/2018\/01\/20180124_191229-01-400x300.jpeg\" alt=\"\" width=\"400\" height=\"300\" srcset=\"https:\/\/gruene-ov-stuttgart.de\/feuerbach\/wp-content\/uploads\/2018\/01\/20180124_191229-01-400x300.jpeg 400w, https:\/\/gruene-ov-stuttgart.de\/feuerbach\/wp-content\/uploads\/2018\/01\/20180124_191229-01-768x576.jpeg 768w, https:\/\/gruene-ov-stuttgart.de\/feuerbach\/wp-content\/uploads\/2018\/01\/20180124_191229-01-800x600.jpeg 800w, https:\/\/gruene-ov-stuttgart.de\/feuerbach\/wp-content\/uploads\/2018\/01\/20180124_191229-01-150x113.jpeg 150w\" sizes=\"auto, (max-width: 400px) 100vw, 400px\" \/><img loading=\"lazy\" decoding=\"async\" class=\"alignnone wp-image-242 size-medium\" title=\"Die Gr\u00fcnen Neujahresempfang 2018 in Stuttgart Feuerbach\" src=\"https:\/\/gruene-ov-stuttgart.de\/feuerbach\/wp-content\/uploads\/2018\/01\/20180124_192658-01-400x300.jpeg\" alt=\"\" width=\"400\" height=\"300\" srcset=\"https:\/\/gruene-ov-stuttgart.de\/feuerbach\/wp-content\/uploads\/2018\/01\/20180124_192658-01-400x300.jpeg 400w, https:\/\/gruene-ov-stuttgart.de\/feuerbach\/wp-content\/uploads\/2018\/01\/20180124_192658-01-768x576.jpeg 768w, https:\/\/gruene-ov-stuttgart.de\/feuerbach\/wp-content\/uploads\/2018\/01\/20180124_192658-01-800x600.jpeg 800w, https:\/\/gruene-ov-stuttgart.de\/feuerbach\/wp-content\/uploads\/2018\/01\/20180124_192658-01-150x113.jpeg 150w\" sizes=\"auto, (max-width: 400px) 100vw, 400px\" \/><\/p>\n","protected":false},"excerpt":{"rendered":"<p>Am Mittwoch den 24.01.2018 haben wir mit Franz Untersteller, Dr. Anna Christmann, Silvia Fischer und Andreas Winter unseren Neujahresempfang er\u00f6ffnet. Wir danken unseren vielen G\u00e4sten f\u00fcr die guten Gespr\u00e4che und [&hellip;]<\/p>\n","protected":false},"author":2,"featured_media":239,"comment_status":"open","ping_status":"open","sticky":false,"template":"","format":"standard","meta":{"footnotes":""},"categories":[1],"tags":[34,10,14,35,28,33,6],"class_list":["post-238","post","type-post","status-publish","format-standard","has-post-thumbnail","hentry","category-start","tag-andreas-winter","tag-anna-christmann","tag-b90-die-gruenen","tag-cornelia-lanz","tag-franz-untersteller","tag-silvia-fischer","tag-stuttgart"],"_links":{"self":[{"href":"https:\/\/gruene-ov-stuttgart.de\/feuerbach\/wp-json\/wp\/v2\/posts\/238","targetHints":{"allow":["GET"]}}],"collection":[{"href":"https:\/\/gruene-ov-stuttgart.de\/feuerbach\/wp-json\/wp\/v2\/posts"}],"about":[{"href":"https:\/\/gruene-ov-stuttgart.de\/feuerbach\/wp-json\/wp\/v2\/types\/post"}],"author":[{"embeddable":true,"href":"https:\/\/gruene-ov-stuttgart.de\/feuerbach\/wp-json\/wp\/v2\/users\/2"}],"replies":[{"embeddable":true,"href":"https:\/\/gruene-ov-stuttgart.de\/feuerbach\/wp-json\/wp\/v2\/comments?post=238"}],"version-history":[{"count":1,"href":"https:\/\/gruene-ov-stuttgart.de\/feuerbach\/wp-json\/wp\/v2\/posts\/238\/revisions"}],"predecessor-version":[{"id":243,"href":"https:\/\/gruene-ov-stuttgart.de\/feuerbach\/wp-json\/wp\/v2\/posts\/238\/revisions\/243"}],"wp:featuredmedia":[{"embeddable":true,"href":"https:\/\/gruene-ov-stuttgart.de\/feuerbach\/wp-json\/wp\/v2\/media\/239"}],"wp:attachment":[{"href":"https:\/\/gruene-ov-stuttgart.de\/feuerbach\/wp-json\/wp\/v2\/media?parent=238"}],"wp:term":[{"taxonomy":"category","embeddable":true,"href":"https:\/\/gruene-ov-stuttgart.de\/feuerbach\/wp-json\/wp\/v2\/categories?post=238"},{"taxonomy":"post_tag","embeddable":true,"href":"https:\/\/gruene-ov-stuttgart.de\/feuerbach\/wp-json\/wp\/v2\/tags?post=238"}],"curies":[{"name":"wp","href":"https:\/\/api.w.org\/{rel}","templated":true}]}}