{"id":371,"date":"2018-11-24T19:26:15","date_gmt":"2018-11-24T18:26:15","guid":{"rendered":"http:\/\/gruene-ov-stuttgart.de\/feuerbach\/?p=371"},"modified":"2018-11-24T19:26:15","modified_gmt":"2018-11-24T18:26:15","slug":"aufstellung-der-kommunalwahlliste","status":"publish","type":"post","link":"https:\/\/gruene-ov-stuttgart.de\/feuerbach\/2018\/11\/24\/aufstellung-der-kommunalwahlliste\/","title":{"rendered":"Aufstellung der Kommunalwahlliste"},"content":{"rendered":"<p><img loading=\"lazy\" decoding=\"async\" class=\"alignnone size-medium wp-image-372\" src=\"https:\/\/gruene-ov-stuttgart.de\/feuerbach\/wp-content\/uploads\/2018\/11\/FB_IMG_1543083387270-400x267.jpg\" alt=\"\" width=\"400\" height=\"267\" srcset=\"https:\/\/gruene-ov-stuttgart.de\/feuerbach\/wp-content\/uploads\/2018\/11\/FB_IMG_1543083387270-400x267.jpg 400w, https:\/\/gruene-ov-stuttgart.de\/feuerbach\/wp-content\/uploads\/2018\/11\/FB_IMG_1543083387270-768x512.jpg 768w, https:\/\/gruene-ov-stuttgart.de\/feuerbach\/wp-content\/uploads\/2018\/11\/FB_IMG_1543083387270-800x533.jpg 800w, https:\/\/gruene-ov-stuttgart.de\/feuerbach\/wp-content\/uploads\/2018\/11\/FB_IMG_1543083387270-150x100.jpg 150w, https:\/\/gruene-ov-stuttgart.de\/feuerbach\/wp-content\/uploads\/2018\/11\/FB_IMG_1543083387270.jpg 960w\" sizes=\"auto, (max-width: 400px) 100vw, 400px\" \/><img loading=\"lazy\" decoding=\"async\" class=\"alignnone wp-image-373\" title=\"Gr\u00fcne Stuttgart, Kommunalwahlliste 2019, Andreas Winter, Silvia Fischer, Christian Musse\" src=\"https:\/\/gruene-ov-stuttgart.de\/feuerbach\/wp-content\/uploads\/2018\/11\/photo-400x324.png\" alt=\"\" width=\"400\" height=\"324\" srcset=\"https:\/\/gruene-ov-stuttgart.de\/feuerbach\/wp-content\/uploads\/2018\/11\/photo-400x324.png 400w, https:\/\/gruene-ov-stuttgart.de\/feuerbach\/wp-content\/uploads\/2018\/11\/photo-768x622.png 768w, https:\/\/gruene-ov-stuttgart.de\/feuerbach\/wp-content\/uploads\/2018\/11\/photo-800x647.png 800w, https:\/\/gruene-ov-stuttgart.de\/feuerbach\/wp-content\/uploads\/2018\/11\/photo-150x121.png 150w, https:\/\/gruene-ov-stuttgart.de\/feuerbach\/wp-content\/uploads\/2018\/11\/photo.png 1080w\" sizes=\"auto, (max-width: 400px) 100vw, 400px\" \/><\/p>\n<p>Der Kreisverband der Gr\u00fcnen in Stuttgart hat heute entschieden, mit welchen Kandidatinnen und Kandidaten die Partei in die Kommunalwahl 2019 gehen wird. \u00dcber das starke Ergebnis von 95,6 % f\u00fcr mich freue ich mich sehr. Im Spitzenduo gemeinsam mit Gabriele Nuber-Sch\u00f6llhammer und einem starken Team von erfahrenen Stadtr\u00e4tinnen und Stadtr\u00e4ten und genauso vielen neuen Gesichtern unter den ersten 20 Pl\u00e4tzen unserer Liste geht es nun in einen spannenden Wahlkampf.<\/p>\n<p style=\"text-align: left;\"><em><strong>Feuerbacher Kandidaten:<\/strong><\/em><\/p>\n<ul>\n<li style=\"text-align: left;\">Platz 2 Andreas Winter<\/li>\n<li style=\"text-align: left;\">Platz 5 Silvia Fischer<\/li>\n<li style=\"text-align: left;\">Platz 18 Christian Musse<\/li>\n<\/ul>\n","protected":false},"excerpt":{"rendered":"<p>Der Kreisverband der Gr\u00fcnen in Stuttgart hat heute entschieden, mit welchen Kandidatinnen und Kandidaten die Partei in die Kommunalwahl 2019 gehen wird. \u00dcber das starke Ergebnis von 95,6 % f\u00fcr [&hellip;]<\/p>\n","protected":false},"author":2,"featured_media":373,"comment_status":"open","ping_status":"open","sticky":false,"template":"","format":"standard","meta":{"footnotes":""},"categories":[3,1],"tags":[34,11,7,25,50,33,18],"class_list":["post-371","post","type-post","status-publish","format-standard","has-post-thumbnail","hentry","category-impressionen","category-start","tag-andreas-winter","tag-christian-musse","tag-feuerbach","tag-gruene-stuttgart","tag-kommunalwahlliste","tag-silvia-fischer","tag-stadt-stuttgart"],"_links":{"self":[{"href":"https:\/\/gruene-ov-stuttgart.de\/feuerbach\/wp-json\/wp\/v2\/posts\/371","targetHints":{"allow":["GET"]}}],"collection":[{"href":"https:\/\/gruene-ov-stuttgart.de\/feuerbach\/wp-json\/wp\/v2\/posts"}],"about":[{"href":"https:\/\/gruene-ov-stuttgart.de\/feuerbach\/wp-json\/wp\/v2\/types\/post"}],"author":[{"embeddable":true,"href":"https:\/\/gruene-ov-stuttgart.de\/feuerbach\/wp-json\/wp\/v2\/users\/2"}],"replies":[{"embeddable":true,"href":"https:\/\/gruene-ov-stuttgart.de\/feuerbach\/wp-json\/wp\/v2\/comments?post=371"}],"version-history":[{"count":1,"href":"https:\/\/gruene-ov-stuttgart.de\/feuerbach\/wp-json\/wp\/v2\/posts\/371\/revisions"}],"predecessor-version":[{"id":374,"href":"https:\/\/gruene-ov-stuttgart.de\/feuerbach\/wp-json\/wp\/v2\/posts\/371\/revisions\/374"}],"wp:featuredmedia":[{"embeddable":true,"href":"https:\/\/gruene-ov-stuttgart.de\/feuerbach\/wp-json\/wp\/v2\/media\/373"}],"wp:attachment":[{"href":"https:\/\/gruene-ov-stuttgart.de\/feuerbach\/wp-json\/wp\/v2\/media?parent=371"}],"wp:term":[{"taxonomy":"category","embeddable":true,"href":"https:\/\/gruene-ov-stuttgart.de\/feuerbach\/wp-json\/wp\/v2\/categories?post=371"},{"taxonomy":"post_tag","embeddable":true,"href":"https:\/\/gruene-ov-stuttgart.de\/feuerbach\/wp-json\/wp\/v2\/tags?post=371"}],"curies":[{"name":"wp","href":"https:\/\/api.w.org\/{rel}","templated":true}]}}