{"id":384,"date":"2018-12-01T13:04:31","date_gmt":"2018-12-01T12:04:31","guid":{"rendered":"http:\/\/gruene-ov-stuttgart.de\/feuerbach\/?p=384"},"modified":"2023-01-19T20:46:24","modified_gmt":"2023-01-19T19:46:24","slug":"kommunalwahl-2019-stadtratskandidat-christian-musse","status":"publish","type":"post","link":"https:\/\/gruene-ov-stuttgart.de\/feuerbach\/2018\/12\/01\/kommunalwahl-2019-stadtratskandidat-christian-musse\/","title":{"rendered":"Kommunalwahl 2019 Stadtratskandidat Christian Musse"},"content":{"rendered":"\n<figure class=\"wp-block-image size-full\"><img loading=\"lazy\" decoding=\"async\" width=\"453\" height=\"640\" src=\"https:\/\/gruene-ov-stuttgart.de\/feuerbach\/wp-content\/uploads\/2023\/01\/A1_Kandidatenplakate_DGBW_step012418.jpeg\" alt=\"Christian Musse, Gr\u00fcne Stuttgart, Kommunalwahl Stuttgart 2019\" class=\"wp-image-949\" srcset=\"https:\/\/gruene-ov-stuttgart.de\/feuerbach\/wp-content\/uploads\/2023\/01\/A1_Kandidatenplakate_DGBW_step012418.jpeg 453w, https:\/\/gruene-ov-stuttgart.de\/feuerbach\/wp-content\/uploads\/2023\/01\/A1_Kandidatenplakate_DGBW_step012418-400x565.jpeg 400w\" sizes=\"auto, (max-width: 453px) 100vw, 453px\" \/><\/figure>\n\n\n<p><img loading=\"lazy\" decoding=\"async\" class=\"alignnone wp-image-389 size-medium\" title=\"Christian Musse B90 die Gr\u00fcnen Stuttgart Feuerbach\" src=\"https:\/\/gruene-ov-stuttgart.de\/feuerbach\/wp-content\/uploads\/2018\/12\/IMG_7138-02-400x267.jpeg\" alt=\"\" width=\"400\" height=\"267\" srcset=\"https:\/\/gruene-ov-stuttgart.de\/feuerbach\/wp-content\/uploads\/2018\/12\/IMG_7138-02-400x267.jpeg 400w, https:\/\/gruene-ov-stuttgart.de\/feuerbach\/wp-content\/uploads\/2018\/12\/IMG_7138-02-768x512.jpeg 768w, https:\/\/gruene-ov-stuttgart.de\/feuerbach\/wp-content\/uploads\/2018\/12\/IMG_7138-02-800x533.jpeg 800w, https:\/\/gruene-ov-stuttgart.de\/feuerbach\/wp-content\/uploads\/2018\/12\/IMG_7138-02-150x100.jpeg 150w\" sizes=\"auto, (max-width: 400px) 100vw, 400px\" \/><\/p>\n\n\n<figure class=\"wp-block-image size-large\"><img loading=\"lazy\" decoding=\"async\" width=\"800\" height=\"533\" src=\"https:\/\/gruene-ov-stuttgart.de\/feuerbach\/wp-content\/uploads\/2023\/01\/IMG_7221-2-800x533.jpg\" alt=\"Christian Musse, Gr\u00fcne Stuttgart, Kommunalwahl Stuttgart 2019\" class=\"wp-image-953\" srcset=\"https:\/\/gruene-ov-stuttgart.de\/feuerbach\/wp-content\/uploads\/2023\/01\/IMG_7221-2-800x533.jpg 800w, https:\/\/gruene-ov-stuttgart.de\/feuerbach\/wp-content\/uploads\/2023\/01\/IMG_7221-2-400x267.jpg 400w, https:\/\/gruene-ov-stuttgart.de\/feuerbach\/wp-content\/uploads\/2023\/01\/IMG_7221-2-768x512.jpg 768w, https:\/\/gruene-ov-stuttgart.de\/feuerbach\/wp-content\/uploads\/2023\/01\/IMG_7221-2-1536x1024.jpg 1536w, https:\/\/gruene-ov-stuttgart.de\/feuerbach\/wp-content\/uploads\/2023\/01\/IMG_7221-2-2048x1365.jpg 2048w\" sizes=\"auto, (max-width: 800px) 100vw, 800px\" \/><\/figure>\n\n\n\n<figure class=\"wp-block-image size-large\"><img loading=\"lazy\" decoding=\"async\" width=\"800\" height=\"533\" src=\"https:\/\/gruene-ov-stuttgart.de\/feuerbach\/wp-content\/uploads\/2023\/01\/IMG_7214-800x533.jpg\" alt=\"Christian Musse, Gr\u00fcne Stuttgart, Kommunalwahl Stuttgart 2019\" class=\"wp-image-952\" title=\"Christian Musse, Kommunalwahl 2019, Gr\u00fcne Stuttgart\" srcset=\"https:\/\/gruene-ov-stuttgart.de\/feuerbach\/wp-content\/uploads\/2023\/01\/IMG_7214-800x533.jpg 800w, https:\/\/gruene-ov-stuttgart.de\/feuerbach\/wp-content\/uploads\/2023\/01\/IMG_7214-400x267.jpg 400w, https:\/\/gruene-ov-stuttgart.de\/feuerbach\/wp-content\/uploads\/2023\/01\/IMG_7214-768x512.jpg 768w, https:\/\/gruene-ov-stuttgart.de\/feuerbach\/wp-content\/uploads\/2023\/01\/IMG_7214-1536x1024.jpg 1536w, https:\/\/gruene-ov-stuttgart.de\/feuerbach\/wp-content\/uploads\/2023\/01\/IMG_7214-2048x1365.jpg 2048w\" sizes=\"auto, (max-width: 800px) 100vw, 800px\" \/><\/figure>\n\n\n\n<figure class=\"wp-block-image size-large\"><img loading=\"lazy\" decoding=\"async\" width=\"800\" height=\"800\" src=\"https:\/\/gruene-ov-stuttgart.de\/feuerbach\/wp-content\/uploads\/2023\/01\/FB_IMG_1557942838302-800x800.jpg\" alt=\"Christian Musse, Gr\u00fcne Stuttgart, Kommunalwahl Stuttgart 2019\" class=\"wp-image-944\" srcset=\"https:\/\/gruene-ov-stuttgart.de\/feuerbach\/wp-content\/uploads\/2023\/01\/FB_IMG_1557942838302-800x800.jpg 800w, https:\/\/gruene-ov-stuttgart.de\/feuerbach\/wp-content\/uploads\/2023\/01\/FB_IMG_1557942838302-400x400.jpg 400w, https:\/\/gruene-ov-stuttgart.de\/feuerbach\/wp-content\/uploads\/2023\/01\/FB_IMG_1557942838302-150x150.jpg 150w, https:\/\/gruene-ov-stuttgart.de\/feuerbach\/wp-content\/uploads\/2023\/01\/FB_IMG_1557942838302-768x768.jpg 768w, https:\/\/gruene-ov-stuttgart.de\/feuerbach\/wp-content\/uploads\/2023\/01\/FB_IMG_1557942838302.jpg 1440w\" sizes=\"auto, (max-width: 800px) 100vw, 800px\" \/><\/figure>\n\n\n\n<figure class=\"wp-block-image size-large\"><img loading=\"lazy\" decoding=\"async\" width=\"800\" height=\"600\" src=\"https:\/\/gruene-ov-stuttgart.de\/feuerbach\/wp-content\/uploads\/2023\/01\/FB_IMG_1673983192903-800x600.jpg\" alt=\"Christian Musse, Gr\u00fcne Stuttgart, Kommunalwahl Stuttgart 2019, Sebastian Karl\" class=\"wp-image-947\" srcset=\"https:\/\/gruene-ov-stuttgart.de\/feuerbach\/wp-content\/uploads\/2023\/01\/FB_IMG_1673983192903-800x600.jpg 800w, https:\/\/gruene-ov-stuttgart.de\/feuerbach\/wp-content\/uploads\/2023\/01\/FB_IMG_1673983192903-400x300.jpg 400w, https:\/\/gruene-ov-stuttgart.de\/feuerbach\/wp-content\/uploads\/2023\/01\/FB_IMG_1673983192903-768x576.jpg 768w, https:\/\/gruene-ov-stuttgart.de\/feuerbach\/wp-content\/uploads\/2023\/01\/FB_IMG_1673983192903.jpg 960w\" sizes=\"auto, (max-width: 800px) 100vw, 800px\" \/><\/figure>\n\n\n\n<figure class=\"wp-block-image size-large\"><img loading=\"lazy\" decoding=\"async\" width=\"800\" height=\"600\" src=\"https:\/\/gruene-ov-stuttgart.de\/feuerbach\/wp-content\/uploads\/2023\/01\/FB_IMG_1554319591449-800x600.jpg\" alt=\"Christian Musse, Gr\u00fcne Stuttgart, Kommunalwahl Stuttgart 2019, Astrid F\u00fcnderich, Soko Stuttgart\" class=\"wp-image-945\" srcset=\"https:\/\/gruene-ov-stuttgart.de\/feuerbach\/wp-content\/uploads\/2023\/01\/FB_IMG_1554319591449-800x600.jpg 800w, https:\/\/gruene-ov-stuttgart.de\/feuerbach\/wp-content\/uploads\/2023\/01\/FB_IMG_1554319591449-400x300.jpg 400w, https:\/\/gruene-ov-stuttgart.de\/feuerbach\/wp-content\/uploads\/2023\/01\/FB_IMG_1554319591449-768x576.jpg 768w, https:\/\/gruene-ov-stuttgart.de\/feuerbach\/wp-content\/uploads\/2023\/01\/FB_IMG_1554319591449.jpg 960w\" sizes=\"auto, (max-width: 800px) 100vw, 800px\" \/><\/figure>\n\n\n\n<figure class=\"wp-block-image size-large\"><img loading=\"lazy\" decoding=\"async\" width=\"800\" height=\"500\" src=\"https:\/\/gruene-ov-stuttgart.de\/feuerbach\/wp-content\/uploads\/2023\/01\/Picsart_23-01-19_20-41-37-020-800x500.jpg\" alt=\"Christian Musse, Gr\u00fcne Stuttgart, Kommunalwahl Stuttgart 2019, Astrid F\u00fcnderich, Soko Stuttgart, J\u00f6rn Precht\" class=\"wp-image-966\" srcset=\"https:\/\/gruene-ov-stuttgart.de\/feuerbach\/wp-content\/uploads\/2023\/01\/Picsart_23-01-19_20-41-37-020-800x500.jpg 800w, https:\/\/gruene-ov-stuttgart.de\/feuerbach\/wp-content\/uploads\/2023\/01\/Picsart_23-01-19_20-41-37-020-400x250.jpg 400w, https:\/\/gruene-ov-stuttgart.de\/feuerbach\/wp-content\/uploads\/2023\/01\/Picsart_23-01-19_20-41-37-020-768x480.jpg 768w, https:\/\/gruene-ov-stuttgart.de\/feuerbach\/wp-content\/uploads\/2023\/01\/Picsart_23-01-19_20-41-37-020-1536x960.jpg 1536w, https:\/\/gruene-ov-stuttgart.de\/feuerbach\/wp-content\/uploads\/2023\/01\/Picsart_23-01-19_20-41-37-020-2048x1280.jpg 2048w\" sizes=\"auto, (max-width: 800px) 100vw, 800px\" \/><\/figure>\n\n\n\n<figure class=\"wp-block-image size-full\"><img loading=\"lazy\" decoding=\"async\" width=\"640\" height=\"480\" src=\"https:\/\/gruene-ov-stuttgart.de\/feuerbach\/wp-content\/uploads\/2022\/12\/IMG-20190406-WA0029_copy_640x480.jpg\" alt=\"Christian Musse, Gr\u00fcne Stuttgart, Kommunalwahl Stuttgart 2019\" class=\"wp-image-939\" srcset=\"https:\/\/gruene-ov-stuttgart.de\/feuerbach\/wp-content\/uploads\/2022\/12\/IMG-20190406-WA0029_copy_640x480.jpg 640w, https:\/\/gruene-ov-stuttgart.de\/feuerbach\/wp-content\/uploads\/2022\/12\/IMG-20190406-WA0029_copy_640x480-400x300.jpg 400w\" sizes=\"auto, (max-width: 640px) 100vw, 640px\" \/><\/figure>\n\n\n\n<figure class=\"wp-block-image size-large\"><img loading=\"lazy\" decoding=\"async\" width=\"800\" height=\"533\" src=\"https:\/\/gruene-ov-stuttgart.de\/feuerbach\/wp-content\/uploads\/2023\/01\/IMG_7113-800x533.jpg\" alt=\"Christian Musse, Gr\u00fcne Stuttgart, Kommunalwahl Stuttgart 2019\" class=\"wp-image-951\" srcset=\"https:\/\/gruene-ov-stuttgart.de\/feuerbach\/wp-content\/uploads\/2023\/01\/IMG_7113-800x533.jpg 800w, https:\/\/gruene-ov-stuttgart.de\/feuerbach\/wp-content\/uploads\/2023\/01\/IMG_7113-400x267.jpg 400w, https:\/\/gruene-ov-stuttgart.de\/feuerbach\/wp-content\/uploads\/2023\/01\/IMG_7113-768x512.jpg 768w, https:\/\/gruene-ov-stuttgart.de\/feuerbach\/wp-content\/uploads\/2023\/01\/IMG_7113-1536x1024.jpg 1536w, https:\/\/gruene-ov-stuttgart.de\/feuerbach\/wp-content\/uploads\/2023\/01\/IMG_7113-2048x1365.jpg 2048w\" sizes=\"auto, (max-width: 800px) 100vw, 800px\" \/><\/figure>\n\n\n\n<figure class=\"wp-block-image size-full\"><img loading=\"lazy\" decoding=\"async\" width=\"509\" height=\"763\" src=\"https:\/\/gruene-ov-stuttgart.de\/feuerbach\/wp-content\/uploads\/2022\/12\/DSC03685_copy_509x763.jpg\" alt=\"Christian Musse, Gr\u00fcne Stuttgart, Kommunalwahl Stuttgart 2019\" class=\"wp-image-937\" srcset=\"https:\/\/gruene-ov-stuttgart.de\/feuerbach\/wp-content\/uploads\/2022\/12\/DSC03685_copy_509x763.jpg 509w, https:\/\/gruene-ov-stuttgart.de\/feuerbach\/wp-content\/uploads\/2022\/12\/DSC03685_copy_509x763-400x600.jpg 400w\" sizes=\"auto, (max-width: 509px) 100vw, 509px\" \/><\/figure>\n\n\n\n<figure class=\"wp-block-image size-large\"><img loading=\"lazy\" decoding=\"async\" width=\"800\" height=\"933\" src=\"https:\/\/gruene-ov-stuttgart.de\/feuerbach\/wp-content\/uploads\/2018\/12\/Picsart_23-01-19_20-32-17-173-800x933.jpg\" alt=\"\" class=\"wp-image-961\" srcset=\"https:\/\/gruene-ov-stuttgart.de\/feuerbach\/wp-content\/uploads\/2018\/12\/Picsart_23-01-19_20-32-17-173-800x933.jpg 800w, https:\/\/gruene-ov-stuttgart.de\/feuerbach\/wp-content\/uploads\/2018\/12\/Picsart_23-01-19_20-32-17-173-400x467.jpg 400w, https:\/\/gruene-ov-stuttgart.de\/feuerbach\/wp-content\/uploads\/2018\/12\/Picsart_23-01-19_20-32-17-173-768x896.jpg 768w, https:\/\/gruene-ov-stuttgart.de\/feuerbach\/wp-content\/uploads\/2018\/12\/Picsart_23-01-19_20-32-17-173-1317x1536.jpg 1317w, https:\/\/gruene-ov-stuttgart.de\/feuerbach\/wp-content\/uploads\/2018\/12\/Picsart_23-01-19_20-32-17-173.jpg 1440w\" sizes=\"auto, (max-width: 800px) 100vw, 800px\" \/><\/figure>\n","protected":false},"excerpt":{"rendered":"","protected":false},"author":2,"featured_media":389,"comment_status":"open","ping_status":"open","sticky":false,"template":"","format":"standard","meta":{"footnotes":""},"categories":[3,1],"tags":[14,11,7,25,18],"class_list":["post-384","post","type-post","status-publish","format-standard","has-post-thumbnail","hentry","category-impressionen","category-start","tag-b90-die-gruenen","tag-christian-musse","tag-feuerbach","tag-gruene-stuttgart","tag-stadt-stuttgart"],"_links":{"self":[{"href":"https:\/\/gruene-ov-stuttgart.de\/feuerbach\/wp-json\/wp\/v2\/posts\/384","targetHints":{"allow":["GET"]}}],"collection":[{"href":"https:\/\/gruene-ov-stuttgart.de\/feuerbach\/wp-json\/wp\/v2\/posts"}],"about":[{"href":"https:\/\/gruene-ov-stuttgart.de\/feuerbach\/wp-json\/wp\/v2\/types\/post"}],"author":[{"embeddable":true,"href":"https:\/\/gruene-ov-stuttgart.de\/feuerbach\/wp-json\/wp\/v2\/users\/2"}],"replies":[{"embeddable":true,"href":"https:\/\/gruene-ov-stuttgart.de\/feuerbach\/wp-json\/wp\/v2\/comments?post=384"}],"version-history":[{"count":8,"href":"https:\/\/gruene-ov-stuttgart.de\/feuerbach\/wp-json\/wp\/v2\/posts\/384\/revisions"}],"predecessor-version":[{"id":968,"href":"https:\/\/gruene-ov-stuttgart.de\/feuerbach\/wp-json\/wp\/v2\/posts\/384\/revisions\/968"}],"wp:featuredmedia":[{"embeddable":true,"href":"https:\/\/gruene-ov-stuttgart.de\/feuerbach\/wp-json\/wp\/v2\/media\/389"}],"wp:attachment":[{"href":"https:\/\/gruene-ov-stuttgart.de\/feuerbach\/wp-json\/wp\/v2\/media?parent=384"}],"wp:term":[{"taxonomy":"category","embeddable":true,"href":"https:\/\/gruene-ov-stuttgart.de\/feuerbach\/wp-json\/wp\/v2\/categories?post=384"},{"taxonomy":"post_tag","embeddable":true,"href":"https:\/\/gruene-ov-stuttgart.de\/feuerbach\/wp-json\/wp\/v2\/tags?post=384"}],"curies":[{"name":"wp","href":"https:\/\/api.w.org\/{rel}","templated":true}]}}