{"id":440,"date":"2019-08-21T21:16:18","date_gmt":"2019-08-21T19:16:18","guid":{"rendered":"http:\/\/gruene-ov-stuttgart.de\/feuerbach\/?p=440"},"modified":"2022-12-23T16:44:16","modified_gmt":"2022-12-23T15:44:16","slug":"besuch-von-dr-anna-christmann-auf-dem-46ten-kelterfest-in-feuerbach","status":"publish","type":"post","link":"https:\/\/gruene-ov-stuttgart.de\/feuerbach\/2019\/08\/21\/besuch-von-dr-anna-christmann-auf-dem-46ten-kelterfest-in-feuerbach\/","title":{"rendered":"Besuch von Dr   Anna Christmann auf dem 46ten Kelterfest in Feuerbach"},"content":{"rendered":"\n<p>Der Wein-, Obst- und Gartenbauverein veranstaltete vom 16. bis 18. August das 46. Kelterfest. Es wurde wie jedes Jahr an der Kelter, die seit fast 500 Jahren hier in Feuerbach steht gefeiert. Am Freitag um 18 Uhr er\u00f6ffnete Bezirksvorsteherin Andrea Kl\u00f6ber das 46. Kelterfest. Danach musiziert der Musikverein Stadtorchester Feuerbach. Anna hat uns am letzten Freitag auf das 46te Feuerbacher Kelterfest begleitet. Die Gr\u00fcnen Stadtr\u00e4te aus Feuerbach (Silvia Fischer, Andreas Winter) waren auch mit am Start, wir hatten zusammen in geselliger Runde, mit gutem Feuerbacher Wein, sehr gute Gespr\u00e4che. Ein besonderer Dank gilt den Mitgliedern des WOGV, die mit ihrem besonderem Einsatz das Kelterfest \u00fcberhaupt erst m\u00f6glich machen.<\/p>\n\n\n\n<figure class=\"wp-block-image\"><img loading=\"lazy\" decoding=\"async\" width=\"800\" height=\"600\" src=\"https:\/\/gruene-ov-stuttgart.de\/feuerbach\/wp-content\/uploads\/2019\/08\/received_618631708664839-800x600.jpeg\" alt=\"Christian Musse, Silvia Fischer, Anna Christmann, Gruene Stuttgart, Feuerbach\" class=\"wp-image-441\" title=\"Christian Musse, Silvia Fischer, Anna Christmann, Gruene Stuttgart, Feuerbach\" srcset=\"https:\/\/gruene-ov-stuttgart.de\/feuerbach\/wp-content\/uploads\/2019\/08\/received_618631708664839-800x600.jpeg 800w, https:\/\/gruene-ov-stuttgart.de\/feuerbach\/wp-content\/uploads\/2019\/08\/received_618631708664839-400x300.jpeg 400w, https:\/\/gruene-ov-stuttgart.de\/feuerbach\/wp-content\/uploads\/2019\/08\/received_618631708664839-768x576.jpeg 768w, https:\/\/gruene-ov-stuttgart.de\/feuerbach\/wp-content\/uploads\/2019\/08\/received_618631708664839-150x113.jpeg 150w, https:\/\/gruene-ov-stuttgart.de\/feuerbach\/wp-content\/uploads\/2019\/08\/received_618631708664839.jpeg 960w\" sizes=\"auto, (max-width: 800px) 100vw, 800px\" \/><figcaption class=\"wp-element-caption\">MdB Dr. Anna Christmann, Stadtr\u00e4tin Silvia Fischer, Bezirksbeirat &amp; OV-Sprecher Christian Musse<\/figcaption><\/figure>\n","protected":false},"excerpt":{"rendered":"<p>Der Wein-, Obst- und Gartenbauverein veranstaltete vom 16. bis 18. August das 46. Kelterfest. Es wurde wie jedes Jahr an der Kelter, die seit fast 500 Jahren hier in Feuerbach [&hellip;]<\/p>\n","protected":false},"author":2,"featured_media":442,"comment_status":"open","ping_status":"open","sticky":false,"template":"","format":"standard","meta":{"footnotes":""},"categories":[1],"tags":[53,11,55,7,54,52],"class_list":["post-440","post","type-post","status-publish","format-standard","has-post-thumbnail","hentry","category-start","tag-53","tag-christian-musse","tag-christmannanna","tag-feuerbach","tag-gruenestuttgart","tag-kelterfest"],"_links":{"self":[{"href":"https:\/\/gruene-ov-stuttgart.de\/feuerbach\/wp-json\/wp\/v2\/posts\/440","targetHints":{"allow":["GET"]}}],"collection":[{"href":"https:\/\/gruene-ov-stuttgart.de\/feuerbach\/wp-json\/wp\/v2\/posts"}],"about":[{"href":"https:\/\/gruene-ov-stuttgart.de\/feuerbach\/wp-json\/wp\/v2\/types\/post"}],"author":[{"embeddable":true,"href":"https:\/\/gruene-ov-stuttgart.de\/feuerbach\/wp-json\/wp\/v2\/users\/2"}],"replies":[{"embeddable":true,"href":"https:\/\/gruene-ov-stuttgart.de\/feuerbach\/wp-json\/wp\/v2\/comments?post=440"}],"version-history":[{"count":4,"href":"https:\/\/gruene-ov-stuttgart.de\/feuerbach\/wp-json\/wp\/v2\/posts\/440\/revisions"}],"predecessor-version":[{"id":920,"href":"https:\/\/gruene-ov-stuttgart.de\/feuerbach\/wp-json\/wp\/v2\/posts\/440\/revisions\/920"}],"wp:featuredmedia":[{"embeddable":true,"href":"https:\/\/gruene-ov-stuttgart.de\/feuerbach\/wp-json\/wp\/v2\/media\/442"}],"wp:attachment":[{"href":"https:\/\/gruene-ov-stuttgart.de\/feuerbach\/wp-json\/wp\/v2\/media?parent=440"}],"wp:term":[{"taxonomy":"category","embeddable":true,"href":"https:\/\/gruene-ov-stuttgart.de\/feuerbach\/wp-json\/wp\/v2\/categories?post=440"},{"taxonomy":"post_tag","embeddable":true,"href":"https:\/\/gruene-ov-stuttgart.de\/feuerbach\/wp-json\/wp\/v2\/tags?post=440"}],"curies":[{"name":"wp","href":"https:\/\/api.w.org\/{rel}","templated":true}]}}