{"id":448,"date":"2019-09-29T11:15:44","date_gmt":"2019-09-29T09:15:44","guid":{"rendered":"http:\/\/gruene-ov-stuttgart.de\/feuerbach\/?p=448"},"modified":"2019-09-29T13:20:52","modified_gmt":"2019-09-29T11:20:52","slug":"besuch-des-adfc-bei-der-ov-sitzung","status":"publish","type":"post","link":"https:\/\/gruene-ov-stuttgart.de\/feuerbach\/2019\/09\/29\/besuch-des-adfc-bei-der-ov-sitzung\/","title":{"rendered":"Besuch des ADFC bei der OV Sitzung"},"content":{"rendered":"\n\n\n<p><strong>Thema: Wie k\u00f6nnen wir durch konkrete \u00c4nderungen das Fahrradnetz in Feuerbach verbessern<\/strong>?<\/p>\n\n\n\n<div class=\"wp-block-image\"><figure class=\"alignleft is-resized\"><img loading=\"lazy\" decoding=\"async\" src=\"https:\/\/gruene-ov-stuttgart.de\/feuerbach\/wp-content\/uploads\/2019\/09\/IMG-20190919-WA0005-800x1000.jpg\" alt=\"\" class=\"wp-image-454\" width=\"357\" height=\"446\" srcset=\"https:\/\/gruene-ov-stuttgart.de\/feuerbach\/wp-content\/uploads\/2019\/09\/IMG-20190919-WA0005-800x1000.jpg 800w, https:\/\/gruene-ov-stuttgart.de\/feuerbach\/wp-content\/uploads\/2019\/09\/IMG-20190919-WA0005-400x500.jpg 400w, https:\/\/gruene-ov-stuttgart.de\/feuerbach\/wp-content\/uploads\/2019\/09\/IMG-20190919-WA0005-768x960.jpg 768w, https:\/\/gruene-ov-stuttgart.de\/feuerbach\/wp-content\/uploads\/2019\/09\/IMG-20190919-WA0005-120x150.jpg 120w, https:\/\/gruene-ov-stuttgart.de\/feuerbach\/wp-content\/uploads\/2019\/09\/IMG-20190919-WA0005.jpg 1280w\" sizes=\"auto, (max-width: 357px) 100vw, 357px\" \/><\/figure><\/div>\n\n\n\n<p>Das Thema Fahrrad, Fahrradwege aber auch Fahrradsicherheit ist aktuell in aller Munde. Die Angebote f\u00fcr Pendler, mit dem Fahrrad zur Arbeit zu kommen werden ausgebaut, Leasingangebote f\u00fcr Fahrr\u00e4der durch den Arbeitgeber erfreuen sich einer immer gr\u00f6\u00dferen Beliebtheit. In diesem Zusammenhang ist es immanent wichtig, die Sicherheit &#8211; nicht nur f\u00fcr Pendler, sondern auch f\u00fcr jeden einzelnen Radfahrer, sei es bei einer ausgedehnten, mehrt\u00e4gigen Tour, der sportlichen Fahrt durch die Umgebung oder auf dem Weg zum Einkauf &#8211; schnellstm\u00f6glich zu verbessern. Aus diesem Grund lud der OV Vertreter des ADFC &#8211; ein Verkehrsclub, der sich f\u00fcr die Interessen von Fahrradfahren einsetzt und dabei in engem Kontakt zu Politik und Verwaltung steht &#8211; ein, um \u00fcber Themen zu sprechen, die gerade im Stadtteil Feuerbach zu verbessern und auszubauen sind.<\/p>\n\n\n\n<p> Als wichtige Themen erwiesen sich hierbei die weitere Freigabe von Einbahnstra\u00dfen f\u00fcr die Befahrung auch gegen die Fahrtrichtung, das Einrichten einer tempo-reduzierten Zone f\u00fcr die Stuttgarter Stra\u00dfe (nach Wunsch des ADFC im Optimalfall einer Fu\u00dfg\u00e4ngerzone mit dem Hinweis &#8222;Rad frei&#8220;) oder eine deutliche, bauliche Trennung von Fahrspuren und Radwegen, um die Sicherheit und das z\u00fcgige Vorw\u00e4rtskommen m\u00f6glichst aller Verkehrsteilnehmer zu gew\u00e4hrleisten.<\/p>\n\n\n\n<p>Auch wenn sich sicher nicht alle W\u00fcnsche als in der Realit\u00e4t umsetzbar erweisen, wurden uns an diesem Abend wichtige Hinweise gegeben, um das Zusammenspiel von Radfahren, Autoverkehr und Fu\u00dfg\u00e4ngern zu verbessern und allen Verkehrsteilnehmern den Alltag zu erleichtern  und somit zu einer Verbesserung und mehr Sicherheit f\u00fcr alle im Stra\u00dfenverkehr beizutragen.<\/p>\n\n\n\n<p>All denjenigen, die sich f\u00fcr das Thema Radfahren, ob als Freizeitfahrer oder als Pendler interessieren, sei das Fahrradb\u00fcro des ADFC empfohlen. Hier findet man Informationen zu Fahrradsicherheit, Ausr\u00fcstung aber auch Karten f\u00fcr Touren und vieles Mehr.<\/p>\n\n\n\n<p>Unser Dank f\u00fcr einen interessanten und informativen Abend geht an Herr Tumback und Herr Z\u00fchlke (Stellvertretender Vorsitzender des ADFC Stuttgart) vom ADFC. Wir konnten viele notwendige Themen mitnehmen, mit deren m\u00f6glichen Umsetzung wird uns gerne weiter besch\u00e4ftigen wollen.<\/p>\n\n\n\n<p><\/p>\n","protected":false},"excerpt":{"rendered":"<p>Thema: Wie k\u00f6nnen wir durch konkrete \u00c4nderungen das Fahrradnetz in Feuerbach verbessern? Das Thema Fahrrad, Fahrradwege aber auch Fahrradsicherheit ist aktuell in aller Munde. Die Angebote f\u00fcr Pendler, mit dem [&hellip;]<\/p>\n","protected":false},"author":2,"featured_media":454,"comment_status":"open","ping_status":"open","sticky":false,"template":"","format":"standard","meta":{"footnotes":""},"categories":[1],"tags":[],"class_list":["post-448","post","type-post","status-publish","format-standard","has-post-thumbnail","hentry","category-start"],"_links":{"self":[{"href":"https:\/\/gruene-ov-stuttgart.de\/feuerbach\/wp-json\/wp\/v2\/posts\/448","targetHints":{"allow":["GET"]}}],"collection":[{"href":"https:\/\/gruene-ov-stuttgart.de\/feuerbach\/wp-json\/wp\/v2\/posts"}],"about":[{"href":"https:\/\/gruene-ov-stuttgart.de\/feuerbach\/wp-json\/wp\/v2\/types\/post"}],"author":[{"embeddable":true,"href":"https:\/\/gruene-ov-stuttgart.de\/feuerbach\/wp-json\/wp\/v2\/users\/2"}],"replies":[{"embeddable":true,"href":"https:\/\/gruene-ov-stuttgart.de\/feuerbach\/wp-json\/wp\/v2\/comments?post=448"}],"version-history":[{"count":6,"href":"https:\/\/gruene-ov-stuttgart.de\/feuerbach\/wp-json\/wp\/v2\/posts\/448\/revisions"}],"predecessor-version":[{"id":460,"href":"https:\/\/gruene-ov-stuttgart.de\/feuerbach\/wp-json\/wp\/v2\/posts\/448\/revisions\/460"}],"wp:featuredmedia":[{"embeddable":true,"href":"https:\/\/gruene-ov-stuttgart.de\/feuerbach\/wp-json\/wp\/v2\/media\/454"}],"wp:attachment":[{"href":"https:\/\/gruene-ov-stuttgart.de\/feuerbach\/wp-json\/wp\/v2\/media?parent=448"}],"wp:term":[{"taxonomy":"category","embeddable":true,"href":"https:\/\/gruene-ov-stuttgart.de\/feuerbach\/wp-json\/wp\/v2\/categories?post=448"},{"taxonomy":"post_tag","embeddable":true,"href":"https:\/\/gruene-ov-stuttgart.de\/feuerbach\/wp-json\/wp\/v2\/tags?post=448"}],"curies":[{"name":"wp","href":"https:\/\/api.w.org\/{rel}","templated":true}]}}