{"id":545,"date":"2020-08-31T01:32:21","date_gmt":"2020-08-30T23:32:21","guid":{"rendered":"http:\/\/gruene-ov-stuttgart.de\/feuerbach\/?p=545"},"modified":"2020-08-31T01:36:42","modified_gmt":"2020-08-30T23:36:42","slug":"veronika-und-oli-nehmen-an-der-begehung-75-jahre-ende-des-2-weltkrieges-in-feuerbach-teil","status":"publish","type":"post","link":"https:\/\/gruene-ov-stuttgart.de\/feuerbach\/2020\/08\/31\/veronika-und-oli-nehmen-an-der-begehung-75-jahre-ende-des-2-weltkrieges-in-feuerbach-teil\/","title":{"rendered":"Veronika und Oli nehmen an der Begehung &#8222;75 Jahre Ende des 2. Weltkrieges&#8220; in Feuerbach teil"},"content":{"rendered":"\n<p>Impressionen von der interessanten Stadtbegehung in Feuerbach &#8222;75 Jahre Ende des 2. Weltkrieges&#8220;, eine Gemeinschaftsveranstaltung des Vereins Schutzbauten und des B\u00fcrgervereins Feuerbach. Veronika und Oli habe ich eingeladen mit mir den feuerbacher Stadtbezirk thematisch kennenzulernen und neue Eindr\u00fccke zu sammeln. Ein gro\u00dfer Dank gilt dem B\u00fcrgerverein und dem Verein Schutzbauten, ohne euer Engagement w\u00e4re unser Bezirk nicht so vielseitig wie er heute ist! feuerbach.de Veronika Kienzle Oliver Hildenbrand Gruene Stuttgart Schutzbauten Stuttgart e. V. Rolf Zielfleisch<\/p>\n\n\n\n<figure class=\"wp-block-image size-large\"><img loading=\"lazy\" decoding=\"async\" width=\"800\" height=\"533\" src=\"https:\/\/gruene-ov-stuttgart.de\/feuerbach\/wp-content\/uploads\/2020\/08\/IMG_5763-800x533.jpg\" alt=\"\" class=\"wp-image-555\" srcset=\"https:\/\/gruene-ov-stuttgart.de\/feuerbach\/wp-content\/uploads\/2020\/08\/IMG_5763-800x533.jpg 800w, https:\/\/gruene-ov-stuttgart.de\/feuerbach\/wp-content\/uploads\/2020\/08\/IMG_5763-400x267.jpg 400w, https:\/\/gruene-ov-stuttgart.de\/feuerbach\/wp-content\/uploads\/2020\/08\/IMG_5763-768x512.jpg 768w, https:\/\/gruene-ov-stuttgart.de\/feuerbach\/wp-content\/uploads\/2020\/08\/IMG_5763-1536x1024.jpg 1536w, https:\/\/gruene-ov-stuttgart.de\/feuerbach\/wp-content\/uploads\/2020\/08\/IMG_5763-2048x1365.jpg 2048w, https:\/\/gruene-ov-stuttgart.de\/feuerbach\/wp-content\/uploads\/2020\/08\/IMG_5763-150x100.jpg 150w\" sizes=\"auto, (max-width: 800px) 100vw, 800px\" \/><\/figure>\n\n\n\n<figure class=\"wp-block-image size-large\"><img loading=\"lazy\" decoding=\"async\" width=\"800\" height=\"1200\" src=\"https:\/\/gruene-ov-stuttgart.de\/feuerbach\/wp-content\/uploads\/2020\/08\/IMG_5740-800x1200.jpg\" alt=\"\" class=\"wp-image-554\" srcset=\"https:\/\/gruene-ov-stuttgart.de\/feuerbach\/wp-content\/uploads\/2020\/08\/IMG_5740-800x1200.jpg 800w, https:\/\/gruene-ov-stuttgart.de\/feuerbach\/wp-content\/uploads\/2020\/08\/IMG_5740-400x600.jpg 400w, https:\/\/gruene-ov-stuttgart.de\/feuerbach\/wp-content\/uploads\/2020\/08\/IMG_5740-768x1152.jpg 768w, https:\/\/gruene-ov-stuttgart.de\/feuerbach\/wp-content\/uploads\/2020\/08\/IMG_5740-1024x1536.jpg 1024w, https:\/\/gruene-ov-stuttgart.de\/feuerbach\/wp-content\/uploads\/2020\/08\/IMG_5740-1365x2048.jpg 1365w, https:\/\/gruene-ov-stuttgart.de\/feuerbach\/wp-content\/uploads\/2020\/08\/IMG_5740-100x150.jpg 100w, https:\/\/gruene-ov-stuttgart.de\/feuerbach\/wp-content\/uploads\/2020\/08\/IMG_5740-scaled.jpg 1707w\" sizes=\"auto, (max-width: 800px) 100vw, 800px\" \/><\/figure>\n\n\n\n<figure class=\"wp-block-image size-large\"><img loading=\"lazy\" decoding=\"async\" width=\"800\" height=\"533\" src=\"https:\/\/gruene-ov-stuttgart.de\/feuerbach\/wp-content\/uploads\/2020\/08\/IMG_5741-800x533.jpg\" alt=\"\" class=\"wp-image-551\" srcset=\"https:\/\/gruene-ov-stuttgart.de\/feuerbach\/wp-content\/uploads\/2020\/08\/IMG_5741-800x533.jpg 800w, https:\/\/gruene-ov-stuttgart.de\/feuerbach\/wp-content\/uploads\/2020\/08\/IMG_5741-400x267.jpg 400w, https:\/\/gruene-ov-stuttgart.de\/feuerbach\/wp-content\/uploads\/2020\/08\/IMG_5741-768x512.jpg 768w, https:\/\/gruene-ov-stuttgart.de\/feuerbach\/wp-content\/uploads\/2020\/08\/IMG_5741-1536x1024.jpg 1536w, https:\/\/gruene-ov-stuttgart.de\/feuerbach\/wp-content\/uploads\/2020\/08\/IMG_5741-2048x1365.jpg 2048w, https:\/\/gruene-ov-stuttgart.de\/feuerbach\/wp-content\/uploads\/2020\/08\/IMG_5741-150x100.jpg 150w\" sizes=\"auto, (max-width: 800px) 100vw, 800px\" \/><\/figure>\n\n\n\n<figure class=\"wp-block-image size-large\"><img loading=\"lazy\" decoding=\"async\" width=\"800\" height=\"533\" src=\"https:\/\/gruene-ov-stuttgart.de\/feuerbach\/wp-content\/uploads\/2020\/08\/IMG_5757-800x533.jpg\" alt=\"Oliver Hildenbrand\" class=\"wp-image-553\" title=\"\" srcset=\"https:\/\/gruene-ov-stuttgart.de\/feuerbach\/wp-content\/uploads\/2020\/08\/IMG_5757-800x533.jpg 800w, https:\/\/gruene-ov-stuttgart.de\/feuerbach\/wp-content\/uploads\/2020\/08\/IMG_5757-400x267.jpg 400w, https:\/\/gruene-ov-stuttgart.de\/feuerbach\/wp-content\/uploads\/2020\/08\/IMG_5757-768x512.jpg 768w, https:\/\/gruene-ov-stuttgart.de\/feuerbach\/wp-content\/uploads\/2020\/08\/IMG_5757-1536x1024.jpg 1536w, https:\/\/gruene-ov-stuttgart.de\/feuerbach\/wp-content\/uploads\/2020\/08\/IMG_5757-2048x1365.jpg 2048w, https:\/\/gruene-ov-stuttgart.de\/feuerbach\/wp-content\/uploads\/2020\/08\/IMG_5757-150x100.jpg 150w\" sizes=\"auto, (max-width: 800px) 100vw, 800px\" \/><\/figure>\n\n\n\n<figure class=\"wp-block-image size-large\"><img loading=\"lazy\" decoding=\"async\" width=\"800\" height=\"533\" src=\"https:\/\/gruene-ov-stuttgart.de\/feuerbach\/wp-content\/uploads\/2020\/08\/IMG_5724-800x533.jpg\" alt=\"Veronika Kienzle\" class=\"wp-image-549\" srcset=\"https:\/\/gruene-ov-stuttgart.de\/feuerbach\/wp-content\/uploads\/2020\/08\/IMG_5724-800x533.jpg 800w, https:\/\/gruene-ov-stuttgart.de\/feuerbach\/wp-content\/uploads\/2020\/08\/IMG_5724-400x267.jpg 400w, https:\/\/gruene-ov-stuttgart.de\/feuerbach\/wp-content\/uploads\/2020\/08\/IMG_5724-768x512.jpg 768w, https:\/\/gruene-ov-stuttgart.de\/feuerbach\/wp-content\/uploads\/2020\/08\/IMG_5724-1536x1024.jpg 1536w, https:\/\/gruene-ov-stuttgart.de\/feuerbach\/wp-content\/uploads\/2020\/08\/IMG_5724-2048x1365.jpg 2048w, https:\/\/gruene-ov-stuttgart.de\/feuerbach\/wp-content\/uploads\/2020\/08\/IMG_5724-150x100.jpg 150w\" sizes=\"auto, (max-width: 800px) 100vw, 800px\" \/><\/figure>\n\n\n\n<figure class=\"wp-block-image size-large\"><img loading=\"lazy\" decoding=\"async\" width=\"800\" height=\"533\" src=\"https:\/\/gruene-ov-stuttgart.de\/feuerbach\/wp-content\/uploads\/2020\/08\/IMG_5718-800x533.jpg\" alt=\"Veronika Kienzle\" class=\"wp-image-547\" srcset=\"https:\/\/gruene-ov-stuttgart.de\/feuerbach\/wp-content\/uploads\/2020\/08\/IMG_5718-800x533.jpg 800w, https:\/\/gruene-ov-stuttgart.de\/feuerbach\/wp-content\/uploads\/2020\/08\/IMG_5718-400x267.jpg 400w, https:\/\/gruene-ov-stuttgart.de\/feuerbach\/wp-content\/uploads\/2020\/08\/IMG_5718-768x512.jpg 768w, https:\/\/gruene-ov-stuttgart.de\/feuerbach\/wp-content\/uploads\/2020\/08\/IMG_5718-1536x1024.jpg 1536w, https:\/\/gruene-ov-stuttgart.de\/feuerbach\/wp-content\/uploads\/2020\/08\/IMG_5718-2048x1365.jpg 2048w, https:\/\/gruene-ov-stuttgart.de\/feuerbach\/wp-content\/uploads\/2020\/08\/IMG_5718-150x100.jpg 150w\" sizes=\"auto, (max-width: 800px) 100vw, 800px\" \/><\/figure>\n\n\n\n<figure class=\"wp-block-image size-large\"><img loading=\"lazy\" decoding=\"async\" width=\"800\" height=\"1200\" src=\"https:\/\/gruene-ov-stuttgart.de\/feuerbach\/wp-content\/uploads\/2020\/08\/IMG_5709-800x1200.jpg\" alt=\"Oliver Hildenbrand\" class=\"wp-image-550\" srcset=\"https:\/\/gruene-ov-stuttgart.de\/feuerbach\/wp-content\/uploads\/2020\/08\/IMG_5709-800x1200.jpg 800w, https:\/\/gruene-ov-stuttgart.de\/feuerbach\/wp-content\/uploads\/2020\/08\/IMG_5709-400x600.jpg 400w, https:\/\/gruene-ov-stuttgart.de\/feuerbach\/wp-content\/uploads\/2020\/08\/IMG_5709-768x1152.jpg 768w, https:\/\/gruene-ov-stuttgart.de\/feuerbach\/wp-content\/uploads\/2020\/08\/IMG_5709-1024x1536.jpg 1024w, https:\/\/gruene-ov-stuttgart.de\/feuerbach\/wp-content\/uploads\/2020\/08\/IMG_5709-1365x2048.jpg 1365w, https:\/\/gruene-ov-stuttgart.de\/feuerbach\/wp-content\/uploads\/2020\/08\/IMG_5709-100x150.jpg 100w, https:\/\/gruene-ov-stuttgart.de\/feuerbach\/wp-content\/uploads\/2020\/08\/IMG_5709-scaled.jpg 1707w\" sizes=\"auto, (max-width: 800px) 100vw, 800px\" \/><\/figure>\n\n\n\n<figure class=\"wp-block-image size-large\"><img loading=\"lazy\" decoding=\"async\" width=\"800\" height=\"533\" src=\"https:\/\/gruene-ov-stuttgart.de\/feuerbach\/wp-content\/uploads\/2020\/08\/IMG_5747-800x533.jpg\" alt=\"Veronika Kienzle, Oliver Hildenbrand, B\u00fcrgerverein Feuerbach\" class=\"wp-image-552\" srcset=\"https:\/\/gruene-ov-stuttgart.de\/feuerbach\/wp-content\/uploads\/2020\/08\/IMG_5747-800x533.jpg 800w, https:\/\/gruene-ov-stuttgart.de\/feuerbach\/wp-content\/uploads\/2020\/08\/IMG_5747-400x267.jpg 400w, https:\/\/gruene-ov-stuttgart.de\/feuerbach\/wp-content\/uploads\/2020\/08\/IMG_5747-768x512.jpg 768w, https:\/\/gruene-ov-stuttgart.de\/feuerbach\/wp-content\/uploads\/2020\/08\/IMG_5747-1536x1024.jpg 1536w, https:\/\/gruene-ov-stuttgart.de\/feuerbach\/wp-content\/uploads\/2020\/08\/IMG_5747-2048x1365.jpg 2048w, https:\/\/gruene-ov-stuttgart.de\/feuerbach\/wp-content\/uploads\/2020\/08\/IMG_5747-150x100.jpg 150w\" sizes=\"auto, (max-width: 800px) 100vw, 800px\" \/><\/figure>\n\n\n\n<div class=\"wp-block-file\"><a href=\"https:\/\/gruene-ov-stuttgart.de\/feuerbach\/wp-content\/uploads\/2020\/08\/IMG_5718-800x533.jpg\" class=\"wp-block-file__button\" download>Herunterladen<\/a><\/div>\n\n\n\n<p><\/p>\n","protected":false},"excerpt":{"rendered":"<p>Impressionen von der interessanten Stadtbegehung in Feuerbach &#8222;75 Jahre Ende des 2. Weltkrieges&#8220;, eine Gemeinschaftsveranstaltung des Vereins Schutzbauten und des B\u00fcrgervereins Feuerbach. Veronika und Oli habe ich eingeladen mit mir [&hellip;]<\/p>\n","protected":false},"author":2,"featured_media":556,"comment_status":"open","ping_status":"open","sticky":false,"template":"","format":"standard","meta":{"footnotes":""},"categories":[3,1],"tags":[73,76,75,54,74,68],"class_list":["post-545","post","type-post","status-publish","format-standard","has-post-thumbnail","hentry","category-impressionen","category-start","tag-75-jahre-ende-zweiter-weltkrieg","tag-bunkerverein-feuerbach","tag-buergerverein-feuerbach","tag-gruenestuttgart","tag-oliver-hildenbrand","tag-veronika-kienzle"],"_links":{"self":[{"href":"https:\/\/gruene-ov-stuttgart.de\/feuerbach\/wp-json\/wp\/v2\/posts\/545","targetHints":{"allow":["GET"]}}],"collection":[{"href":"https:\/\/gruene-ov-stuttgart.de\/feuerbach\/wp-json\/wp\/v2\/posts"}],"about":[{"href":"https:\/\/gruene-ov-stuttgart.de\/feuerbach\/wp-json\/wp\/v2\/types\/post"}],"author":[{"embeddable":true,"href":"https:\/\/gruene-ov-stuttgart.de\/feuerbach\/wp-json\/wp\/v2\/users\/2"}],"replies":[{"embeddable":true,"href":"https:\/\/gruene-ov-stuttgart.de\/feuerbach\/wp-json\/wp\/v2\/comments?post=545"}],"version-history":[{"count":3,"href":"https:\/\/gruene-ov-stuttgart.de\/feuerbach\/wp-json\/wp\/v2\/posts\/545\/revisions"}],"predecessor-version":[{"id":560,"href":"https:\/\/gruene-ov-stuttgart.de\/feuerbach\/wp-json\/wp\/v2\/posts\/545\/revisions\/560"}],"wp:featuredmedia":[{"embeddable":true,"href":"https:\/\/gruene-ov-stuttgart.de\/feuerbach\/wp-json\/wp\/v2\/media\/556"}],"wp:attachment":[{"href":"https:\/\/gruene-ov-stuttgart.de\/feuerbach\/wp-json\/wp\/v2\/media?parent=545"}],"wp:term":[{"taxonomy":"category","embeddable":true,"href":"https:\/\/gruene-ov-stuttgart.de\/feuerbach\/wp-json\/wp\/v2\/categories?post=545"},{"taxonomy":"post_tag","embeddable":true,"href":"https:\/\/gruene-ov-stuttgart.de\/feuerbach\/wp-json\/wp\/v2\/tags?post=545"}],"curies":[{"name":"wp","href":"https:\/\/api.w.org\/{rel}","templated":true}]}}