{"id":860,"date":"2022-10-18T19:53:06","date_gmt":"2022-10-18T17:53:06","guid":{"rendered":"https:\/\/gruene-ov-stuttgart.de\/feuerbach\/?p=860"},"modified":"2023-01-19T20:07:58","modified_gmt":"2023-01-19T19:07:58","slug":"feuerbacher-herbstempfang","status":"publish","type":"post","link":"https:\/\/gruene-ov-stuttgart.de\/feuerbach\/2022\/10\/18\/feuerbacher-herbstempfang\/","title":{"rendered":"Feuerbacher Herbstempfang"},"content":{"rendered":"\n<div class=\"wp-block-columns is-layout-flex wp-container-core-columns-is-layout-9d6595d7 wp-block-columns-is-layout-flex\">\n<div class=\"wp-block-column is-layout-flow wp-block-column-is-layout-flow\">\n<figure class=\"wp-block-image size-large is-style-default\"><a href=\"https:\/\/lust-auf-stadt.de\/kommunikation-in-der-krise\/\"><img loading=\"lazy\" decoding=\"async\" width=\"800\" height=\"800\" src=\"https:\/\/gruene-ov-stuttgart.de\/feuerbach\/wp-content\/uploads\/2022\/10\/IMG_20221013_095253_231-800x800.webp\" alt=\"Feuerbacher Herbstempfang\" class=\"wp-image-864\" srcset=\"https:\/\/gruene-ov-stuttgart.de\/feuerbach\/wp-content\/uploads\/2022\/10\/IMG_20221013_095253_231-800x800.webp 800w, https:\/\/gruene-ov-stuttgart.de\/feuerbach\/wp-content\/uploads\/2022\/10\/IMG_20221013_095253_231-400x400.webp 400w, https:\/\/gruene-ov-stuttgart.de\/feuerbach\/wp-content\/uploads\/2022\/10\/IMG_20221013_095253_231-150x150.webp 150w, https:\/\/gruene-ov-stuttgart.de\/feuerbach\/wp-content\/uploads\/2022\/10\/IMG_20221013_095253_231-768x768.webp 768w, https:\/\/gruene-ov-stuttgart.de\/feuerbach\/wp-content\/uploads\/2022\/10\/IMG_20221013_095253_231.webp 1440w\" sizes=\"auto, (max-width: 800px) 100vw, 800px\" \/><\/a><\/figure>\n<\/div>\n\n\n\n<div class=\"wp-block-column is-layout-flow wp-block-column-is-layout-flow\">\n<figure class=\"wp-block-image size-large is-style-default\"><img loading=\"lazy\" decoding=\"async\" width=\"800\" height=\"800\" src=\"https:\/\/gruene-ov-stuttgart.de\/feuerbach\/wp-content\/uploads\/2022\/10\/IMG_20221013_095253_179-800x800.webp\" alt=\"\" class=\"wp-image-863\" srcset=\"https:\/\/gruene-ov-stuttgart.de\/feuerbach\/wp-content\/uploads\/2022\/10\/IMG_20221013_095253_179-800x800.webp 800w, https:\/\/gruene-ov-stuttgart.de\/feuerbach\/wp-content\/uploads\/2022\/10\/IMG_20221013_095253_179-400x400.webp 400w, https:\/\/gruene-ov-stuttgart.de\/feuerbach\/wp-content\/uploads\/2022\/10\/IMG_20221013_095253_179-150x150.webp 150w, https:\/\/gruene-ov-stuttgart.de\/feuerbach\/wp-content\/uploads\/2022\/10\/IMG_20221013_095253_179-768x768.webp 768w, https:\/\/gruene-ov-stuttgart.de\/feuerbach\/wp-content\/uploads\/2022\/10\/IMG_20221013_095253_179.webp 1440w\" sizes=\"auto, (max-width: 800px) 100vw, 800px\" \/><\/figure>\n<\/div>\n\n\n\n<div class=\"wp-block-column is-layout-flow wp-block-column-is-layout-flow\">\n<figure class=\"wp-block-image size-large is-style-default\"><img loading=\"lazy\" decoding=\"async\" width=\"800\" height=\"800\" src=\"https:\/\/gruene-ov-stuttgart.de\/feuerbach\/wp-content\/uploads\/2022\/10\/IMG_20221013_095253_055-800x800.webp\" alt=\"\" class=\"wp-image-862\" srcset=\"https:\/\/gruene-ov-stuttgart.de\/feuerbach\/wp-content\/uploads\/2022\/10\/IMG_20221013_095253_055-800x800.webp 800w, https:\/\/gruene-ov-stuttgart.de\/feuerbach\/wp-content\/uploads\/2022\/10\/IMG_20221013_095253_055-400x400.webp 400w, https:\/\/gruene-ov-stuttgart.de\/feuerbach\/wp-content\/uploads\/2022\/10\/IMG_20221013_095253_055-150x150.webp 150w, https:\/\/gruene-ov-stuttgart.de\/feuerbach\/wp-content\/uploads\/2022\/10\/IMG_20221013_095253_055-768x768.webp 768w, https:\/\/gruene-ov-stuttgart.de\/feuerbach\/wp-content\/uploads\/2022\/10\/IMG_20221013_095253_055.webp 1440w\" sizes=\"auto, (max-width: 800px) 100vw, 800px\" \/><\/figure>\n<\/div>\n<\/div>\n\n\n\n<figure class=\"wp-block-image size-large is-resized is-style-default\"><img loading=\"lazy\" decoding=\"async\" src=\"https:\/\/gruene-ov-stuttgart.de\/feuerbach\/wp-content\/uploads\/2022\/10\/IMG_20221013_095252_963-1-800x800.webp\" alt=\"Christian Musse, Gr\u00fcne Feuerbach\" class=\"wp-image-865\" width=\"251\" height=\"251\" srcset=\"https:\/\/gruene-ov-stuttgart.de\/feuerbach\/wp-content\/uploads\/2022\/10\/IMG_20221013_095252_963-1-800x800.webp 800w, https:\/\/gruene-ov-stuttgart.de\/feuerbach\/wp-content\/uploads\/2022\/10\/IMG_20221013_095252_963-1-400x400.webp 400w, https:\/\/gruene-ov-stuttgart.de\/feuerbach\/wp-content\/uploads\/2022\/10\/IMG_20221013_095252_963-1-150x150.webp 150w, https:\/\/gruene-ov-stuttgart.de\/feuerbach\/wp-content\/uploads\/2022\/10\/IMG_20221013_095252_963-1-768x768.webp 768w, https:\/\/gruene-ov-stuttgart.de\/feuerbach\/wp-content\/uploads\/2022\/10\/IMG_20221013_095252_963-1.webp 1440w\" sizes=\"auto, (max-width: 251px) 100vw, 251px\" \/><\/figure>\n\n\n\n<p>Montag, 24. Oktober 2022, 20:00 UhrBis 24.10.2022 22:30 UhrStuttgarter Str. 15, 70469 StuttgartVeranstaltet von: GR\u00dcNE im Rathaus<\/p>\n\n\n\n<p>Die Fraktion der GR\u00dcNEN im Rathaus l\u00e4dt zum<\/p>\n\n\n\n<p><strong>Jahresempfang in Feuerbach<\/strong><br>Montag, 24. Oktober 2022, 20.00 Uhr<br>im Freien Musikzentrum<\/p>\n\n\n\n<p><strong>Im Herbst schon an den Winter denken!<\/strong><\/p>\n\n\n\n<p>Moderation:&nbsp;<strong>Andreas Winter<\/strong>, Stadtrat<br>Gru\u00dfwort:&nbsp;<strong>Johannes Heberle<\/strong>, Bezirksvorsteher<\/p>\n\n\n\n<p><strong>Vortrag: Gasmangellage \u2013 Ursachen und Vorgehen zur Bew\u00e4ltigung<\/strong><br><strong>Harald Hauser<\/strong>, Generalbevollm\u00e4chtigter Netze BW in Stuttgart<\/p>\n\n\n\n<p>Aktuelles aus dem Bund:&nbsp;<strong>Dr. Anna Christmann<\/strong>, Bundestagsabgeordnete<br>Ausblick:&nbsp;<strong>Silvia Fischer<\/strong>, Stadtr\u00e4tin<\/p>\n\n\n\n<p><a href=\"https:\/\/lust-auf-stadt.de\/kommunikation-in-der-krise\/\">https:\/\/lust-auf-stadt.de\/kommunikation-in-der-krise\/<\/a><\/p>\n\n\n\n<p><\/p>\n","protected":false},"excerpt":{"rendered":"<p>Montag, 24. Oktober 2022, 20:00 UhrBis 24.10.2022 22:30 UhrStuttgarter Str. 15, 70469 StuttgartVeranstaltet von: GR\u00dcNE im Rathaus Die Fraktion der GR\u00dcNEN im Rathaus l\u00e4dt zum Jahresempfang in FeuerbachMontag, 24. Oktober [&hellip;]<\/p>\n","protected":false},"author":2,"featured_media":864,"comment_status":"closed","ping_status":"open","sticky":false,"template":"","format":"standard","meta":{"footnotes":""},"categories":[85],"tags":[14,12,7,92,54,25,91,93],"class_list":["post-860","post","type-post","status-publish","format-standard","has-post-thumbnail","hentry","category-aktuelles","tag-b90-die-gruenen","tag-dr-anna-christmann","tag-feuerbach","tag-gaskrise","tag-gruenestuttgart","tag-gruene-stuttgart","tag-johannes-heberle","tag-netzebw"],"_links":{"self":[{"href":"https:\/\/gruene-ov-stuttgart.de\/feuerbach\/wp-json\/wp\/v2\/posts\/860","targetHints":{"allow":["GET"]}}],"collection":[{"href":"https:\/\/gruene-ov-stuttgart.de\/feuerbach\/wp-json\/wp\/v2\/posts"}],"about":[{"href":"https:\/\/gruene-ov-stuttgart.de\/feuerbach\/wp-json\/wp\/v2\/types\/post"}],"author":[{"embeddable":true,"href":"https:\/\/gruene-ov-stuttgart.de\/feuerbach\/wp-json\/wp\/v2\/users\/2"}],"replies":[{"embeddable":true,"href":"https:\/\/gruene-ov-stuttgart.de\/feuerbach\/wp-json\/wp\/v2\/comments?post=860"}],"version-history":[{"count":2,"href":"https:\/\/gruene-ov-stuttgart.de\/feuerbach\/wp-json\/wp\/v2\/posts\/860\/revisions"}],"predecessor-version":[{"id":959,"href":"https:\/\/gruene-ov-stuttgart.de\/feuerbach\/wp-json\/wp\/v2\/posts\/860\/revisions\/959"}],"wp:featuredmedia":[{"embeddable":true,"href":"https:\/\/gruene-ov-stuttgart.de\/feuerbach\/wp-json\/wp\/v2\/media\/864"}],"wp:attachment":[{"href":"https:\/\/gruene-ov-stuttgart.de\/feuerbach\/wp-json\/wp\/v2\/media?parent=860"}],"wp:term":[{"taxonomy":"category","embeddable":true,"href":"https:\/\/gruene-ov-stuttgart.de\/feuerbach\/wp-json\/wp\/v2\/categories?post=860"},{"taxonomy":"post_tag","embeddable":true,"href":"https:\/\/gruene-ov-stuttgart.de\/feuerbach\/wp-json\/wp\/v2\/tags?post=860"}],"curies":[{"name":"wp","href":"https:\/\/api.w.org\/{rel}","templated":true}]}}