{"id":810,"date":"2021-07-28T22:02:20","date_gmt":"2021-07-28T20:02:20","guid":{"rendered":"https:\/\/gruene-ov-stuttgart.de\/stammheim\/?p=810"},"modified":"2021-08-01T16:09:47","modified_gmt":"2021-08-01T14:09:47","slug":"planungen-in-kornwestheim-rechtswidrig","status":"publish","type":"post","link":"https:\/\/gruene-ov-stuttgart.de\/stammheim\/2021\/07\/28\/planungen-in-kornwestheim-rechtswidrig\/","title":{"rendered":"Planungen in Kornwestheim rechtswidrig"},"content":{"rendered":"\n<p><br>Im Nord Stammheim, entlang der Solitudeallee beginnt das Lange Feld. Hier gibt es B\u00f6den mit h\u00f6chster Qualit\u00e4t f\u00fcr die Landwirtschaft. Weiter \u00f6stlich liegt der G\u00fcterbahnhof Kornwestheim und das Gebiet Sigelstra\u00dfe.  In den n\u00e4chsten Jahren wird  der G\u00fcterbahnhof um ein dritte Gleis erweitert. Hier findet die Verlagerung des Verkehrs von der Stra\u00dfe auf die Schiene statt. F\u00fcr uns Gr\u00fcne ist klar: In einer klimaneutralen und klimaresistenten Zukunft brauchen wir beides.<\/p>\n\n\n\n<p> Seid Jahren plant Kornwestheim im Bereich der Siglestra\u00dfe bis Richtung Solitudeallee  als Erg\u00e4nzung ein Industriegebiet. Weil f\u00fcr dieses der L\u00e4rmschutz in Richtung Stammheim nur schwer realisierbar ist, wird statt eines gro\u00dfen Industriegebiets viele kleine Gewerbegebiete geplant.<\/p>\n\n\n\n<p>Ein Stammheimer B\u00fcrger aus dem betroffenen Wohngebiet Sieben Morgen hat gegen die Bebauungspl\u00e4ne in Kornwestheim geklagt und nun zum zweiten mal in letzter Instanz Recht bekommen. Die Bebauungspl\u00e4ne auf Kornwestheimer Gemarkung sind rechtswidrig.  F\u00fcr uns ist selbstverst\u00e4ndlich, dass Kornwestheim dieses Urteil zeitnah umsetzt und weitere Planungen unverz\u00fcglich anpasst.  <\/p>\n\n\n\n<p>Wir werden uns daf\u00fcr einsetzten, dass Stuttgart die Interessen seine B\u00fcrger:innnen in Zukunft besser vertritt. Dazu geh\u00f6rt eine bessere Verhandlung mit Kornwestheim und die Beantwortung von Anfragen aus dem Bezirksbeirat Stammheim.<\/p>\n\n\n\n<p>Welche weiteren Konsequenzen ziehen die Ver\u00e4nderungen auf Kornwestheimer Gemarkung nach sich? Wir fordern eine transparente Planung f\u00fcr den zus\u00e4tzlichen LKW Verkehr. Wir fordern einen angemessene bauliche L\u00e4rmschutzma\u00dfnahmen. Und wir fordern eine z\u00fcgige \u00c4nderung  des Bebauungsplans f\u00fcr das Wohngebiets Sieben Morgen, welches aktuell als Mischgebiet ausgewiesen ist. Nur so bekommen Stammheimer B\u00fcrger:innen den L\u00e4rmschutz der ihnen zusteht.s<\/p>\n","protected":false},"excerpt":{"rendered":"<p>Im Nord Stammheim, entlang der Solitudeallee beginnt das Lange Feld. Hier gibt es B\u00f6den mit h\u00f6chster Qualit\u00e4t f\u00fcr die Landwirtschaft. Weiter \u00f6stlich liegt der G\u00fcterbahnhof Kornwestheim und das Gebiet Sigelstra\u00dfe&#8230;. <\/p>\n","protected":false},"author":4,"featured_media":825,"comment_status":"closed","ping_status":"open","sticky":false,"template":"","format":"standard","meta":{"_EventAllDay":false,"_EventTimezone":"","_EventStartDate":"","_EventEndDate":"","_EventStartDateUTC":"","_EventEndDateUTC":"","_EventShowMap":false,"_EventShowMapLink":false,"_EventURL":"","_EventCost":"","_EventCostDescription":"","_EventCurrencySymbol":"","_EventCurrencyCode":"","_EventCurrencyPosition":"","_EventDateTimeSeparator":"","_EventTimeRangeSeparator":"","_EventOrganizerID":[],"_EventVenueID":[],"_OrganizerEmail":"","_OrganizerPhone":"","_OrganizerWebsite":"","_VenueAddress":"","_VenueCity":"","_VenueCountry":"","_VenueProvince":"","_VenueState":"","_VenueZip":"","_VenuePhone":"","_VenueURL":"","_VenueStateProvince":"","_VenueLat":"","_VenueLng":"","_VenueShowMap":false,"_VenueShowMapLink":false,"footnotes":""},"categories":[1],"tags":[94,92,93,103],"class_list":["post-810","post","type-post","status-publish","format-standard","has-post-thumbnail","hentry","category-start","tag-bebauungsplan","tag-kornwestheim","tag-laerm","tag-sieben-morgen"],"_links":{"self":[{"href":"https:\/\/gruene-ov-stuttgart.de\/stammheim\/wp-json\/wp\/v2\/posts\/810","targetHints":{"allow":["GET"]}}],"collection":[{"href":"https:\/\/gruene-ov-stuttgart.de\/stammheim\/wp-json\/wp\/v2\/posts"}],"about":[{"href":"https:\/\/gruene-ov-stuttgart.de\/stammheim\/wp-json\/wp\/v2\/types\/post"}],"author":[{"embeddable":true,"href":"https:\/\/gruene-ov-stuttgart.de\/stammheim\/wp-json\/wp\/v2\/users\/4"}],"replies":[{"embeddable":true,"href":"https:\/\/gruene-ov-stuttgart.de\/stammheim\/wp-json\/wp\/v2\/comments?post=810"}],"version-history":[{"count":4,"href":"https:\/\/gruene-ov-stuttgart.de\/stammheim\/wp-json\/wp\/v2\/posts\/810\/revisions"}],"predecessor-version":[{"id":827,"href":"https:\/\/gruene-ov-stuttgart.de\/stammheim\/wp-json\/wp\/v2\/posts\/810\/revisions\/827"}],"wp:featuredmedia":[{"embeddable":true,"href":"https:\/\/gruene-ov-stuttgart.de\/stammheim\/wp-json\/wp\/v2\/media\/825"}],"wp:attachment":[{"href":"https:\/\/gruene-ov-stuttgart.de\/stammheim\/wp-json\/wp\/v2\/media?parent=810"}],"wp:term":[{"taxonomy":"category","embeddable":true,"href":"https:\/\/gruene-ov-stuttgart.de\/stammheim\/wp-json\/wp\/v2\/categories?post=810"},{"taxonomy":"post_tag","embeddable":true,"href":"https:\/\/gruene-ov-stuttgart.de\/stammheim\/wp-json\/wp\/v2\/tags?post=810"}],"curies":[{"name":"wp","href":"https:\/\/api.w.org\/{rel}","templated":true}]}}