{"id":818,"date":"2021-07-28T22:20:23","date_gmt":"2021-07-28T20:20:23","guid":{"rendered":"https:\/\/gruene-ov-stuttgart.de\/stammheim\/?p=818"},"modified":"2021-09-15T11:53:23","modified_gmt":"2021-09-15T09:53:23","slug":"bundestagswahl","status":"publish","type":"post","link":"https:\/\/gruene-ov-stuttgart.de\/stammheim\/2021\/07\/28\/bundestagswahl\/","title":{"rendered":"Triff uns am Wahlkampfstand"},"content":{"rendered":"\n<h2 class=\"wp-block-heading\">Termine<\/h2>\n\n\n\n<ul class=\"wp-block-list\"><li>28.08, 10-12 Uhr vor dem REWE, Freihofstra\u00dfe<\/li><li>24.09, 9-10:30, Wochenmarkt Stammheim, am Kirchplatz.<strong> Mit Anna Christmann!<\/strong><\/li><\/ul>\n\n\n\n<p>Am 26.09.2021 ist Bundestagswahl. Und im Stuttgarter Norden kandidiert wieder Anna Christmann. Erfahren Sie im Video wof\u00fcr die Gr\u00fcnen Stuttgart stehen. Die Zukunft f\u00e4ngt heute an.<\/p>\n\n\n\n<figure class=\"wp-block-embed is-type-video is-provider-youtube wp-block-embed-youtube wp-embed-aspect-16-9 wp-has-aspect-ratio\"><div class=\"wp-block-embed__wrapper\">\n<iframe loading=\"lazy\" title=\"&quot;Die Zukunft f\u00e4ngt heute an&quot; Wahlkampfauftakt mit Anna Christmann und Cem \u00d6zdemir\" width=\"783\" height=\"440\" src=\"https:\/\/www.youtube.com\/embed\/L69W_ZRAZUc?feature=oembed\" frameborder=\"0\" allow=\"accelerometer; autoplay; clipboard-write; encrypted-media; gyroscope; picture-in-picture\" allowfullscreen><\/iframe>\n<\/div><\/figure>\n\n\n\n<p><\/p>\n","protected":false},"excerpt":{"rendered":"<p>Termine 28.08, 10-12 Uhr vor dem REWE, Freihofstra\u00dfe 24.09, 9-10:30, Wochenmarkt Stammheim, am Kirchplatz. Mit Anna Christmann! Am 26.09.2021 ist Bundestagswahl. Und im Stuttgarter Norden kandidiert wieder Anna Christmann. Erfahren&#8230; <\/p>\n","protected":false},"author":4,"featured_media":832,"comment_status":"closed","ping_status":"open","sticky":false,"template":"","format":"standard","meta":{"_EventAllDay":false,"_EventTimezone":"","_EventStartDate":"","_EventEndDate":"","_EventStartDateUTC":"","_EventEndDateUTC":"","_EventShowMap":false,"_EventShowMapLink":false,"_EventURL":"","_EventCost":"","_EventCostDescription":"","_EventCurrencySymbol":"","_EventCurrencyCode":"","_EventCurrencyPosition":"","_EventDateTimeSeparator":"","_EventTimeRangeSeparator":"","_EventOrganizerID":[],"_EventVenueID":[],"_OrganizerEmail":"","_OrganizerPhone":"","_OrganizerWebsite":"","_VenueAddress":"","_VenueCity":"","_VenueCountry":"","_VenueProvince":"","_VenueState":"","_VenueZip":"","_VenuePhone":"","_VenueURL":"","_VenueStateProvince":"","_VenueLat":"","_VenueLng":"","_VenueShowMap":false,"_VenueShowMapLink":false,"footnotes":""},"categories":[1],"tags":[102,12,101],"class_list":["post-818","post","type-post","status-publish","format-standard","has-post-thumbnail","hentry","category-start","tag-bundestagswahl","tag-dr-anna-christmann","tag-zukunft"],"_links":{"self":[{"href":"https:\/\/gruene-ov-stuttgart.de\/stammheim\/wp-json\/wp\/v2\/posts\/818","targetHints":{"allow":["GET"]}}],"collection":[{"href":"https:\/\/gruene-ov-stuttgart.de\/stammheim\/wp-json\/wp\/v2\/posts"}],"about":[{"href":"https:\/\/gruene-ov-stuttgart.de\/stammheim\/wp-json\/wp\/v2\/types\/post"}],"author":[{"embeddable":true,"href":"https:\/\/gruene-ov-stuttgart.de\/stammheim\/wp-json\/wp\/v2\/users\/4"}],"replies":[{"embeddable":true,"href":"https:\/\/gruene-ov-stuttgart.de\/stammheim\/wp-json\/wp\/v2\/comments?post=818"}],"version-history":[{"count":3,"href":"https:\/\/gruene-ov-stuttgart.de\/stammheim\/wp-json\/wp\/v2\/posts\/818\/revisions"}],"predecessor-version":[{"id":839,"href":"https:\/\/gruene-ov-stuttgart.de\/stammheim\/wp-json\/wp\/v2\/posts\/818\/revisions\/839"}],"wp:featuredmedia":[{"embeddable":true,"href":"https:\/\/gruene-ov-stuttgart.de\/stammheim\/wp-json\/wp\/v2\/media\/832"}],"wp:attachment":[{"href":"https:\/\/gruene-ov-stuttgart.de\/stammheim\/wp-json\/wp\/v2\/media?parent=818"}],"wp:term":[{"taxonomy":"category","embeddable":true,"href":"https:\/\/gruene-ov-stuttgart.de\/stammheim\/wp-json\/wp\/v2\/categories?post=818"},{"taxonomy":"post_tag","embeddable":true,"href":"https:\/\/gruene-ov-stuttgart.de\/stammheim\/wp-json\/wp\/v2\/tags?post=818"}],"curies":[{"name":"wp","href":"https:\/\/api.w.org\/{rel}","templated":true}]}}