{"id":923,"date":"2024-05-12T21:39:39","date_gmt":"2024-05-12T19:39:39","guid":{"rendered":"https:\/\/gruene-ov-stuttgart.de\/stammheim\/?p=923"},"modified":"2024-05-12T21:41:02","modified_gmt":"2024-05-12T19:41:02","slug":"fuer-stammheim-gemeinderatswahl","status":"publish","type":"post","link":"https:\/\/gruene-ov-stuttgart.de\/stammheim\/2024\/05\/12\/fuer-stammheim-gemeinderatswahl\/","title":{"rendered":"F\u00dcR Stammheim &#8211; Gemeinderatswahl"},"content":{"rendered":"\n<p><strong>Stammheim: In Stuttgart ganz oben!<\/strong><\/p>\n\n\n\n<p>Mehr als 12.500 Einwohner genie\u00dfen in Stuttgarts n\u00f6rdlichstem Stadtbezirk die kurzen Wege in die Natur.<br>Gleichzeitig ist man mit der U15 in zwanzig Minuten in der Innenstadt. Ein neues, im Bau befindliches Wohngebiet zeigt die Attraktivit\u00e4t Stammheims. Kein Wunder, dass hier immer mehr Kinder wohnen! Gerade deswegen ist es uns wichtig, dass die Schulerweiterung z\u00fcgig vorangeht.<br><\/p>\n\n\n\n<p><strong> Mehr Lebensqualit\u00e4t durch L\u00e4rmschutz<\/strong><\/p>\n\n\n\n<p>Stammheim ist aber auch umgeben von Verkehrsinfrastruktur und Industrie, und hat dadurch hohe Belastungen, z-B. durch L\u00e4rm. Hier werden wir sehr kritisch die baulichen Aktivit\u00e4ten, besonders von Kornwestheimer Seite, in den Blick nehmen. &nbsp;Den Ausbau des G\u00fcterbahnhofs in Kornwestheim finden wir&nbsp; richtig, aber&nbsp; auch die Belange Stammheims m\u00fcssen ernst genommen werden.&nbsp; Auch den L\u00e4rm durch die JVA wollen wir reduzieren.<br><\/p>\n\n\n\n<p><strong> Stammheim hat&nbsp; kurze Wege<\/strong><\/p>\n\n\n\n<p>Wir wollen das \u00d6PNV-Angebot f\u00fcr Stammheim ausbauen,&nbsp; z.B. durch eine bessere Busverbindung zum Bahnhof Zuffenhausen. Den neuen Ortsbus wollen wir dauerhaft erhalten. Au\u00dferdem setzten wir uns vor mehr und sicheren Radverkehr ein, so zum Beispiel bei der Burtenbachstra\u00dfe die als wichtiger Schulweg zur Fahrradstra\u00dfe wird.<br><\/p>\n\n\n\n<p><strong>F\u00f6rderung des Gemeinschafts- und Lebensraumes<\/strong><\/p>\n\n\n\n<p>&nbsp;Wir werden alle Vereine, Einrichtungen und Institutionen unterst\u00fctzten, die etwas f\u00fcr den Stadtbezirk organisieren, denn das st\u00e4rkt die Lebensqualit\u00e4t und den sozialen Zusammenhalt.&nbsp; Gerade weil es immer schwieriger wird Veranstaltungen auf die Beine zu stellen, sind gute Ideen wichtig. Gute Ideen sind auch f\u00fcr die neue Ortsmitte (Freihofplatz) wichtig, denn hier wird \u00fcber die Zukunft entschieden.<\/p>\n\n\n\n<p><\/p>\n\n\n\n<p><\/p>\n\n\n\n<h2 class=\"wp-block-heading\">F\u00dcR den Gemeinderat: Vincent Rieder (Platz 32)<\/h2>\n\n\n\n<ul class=\"wp-block-list\"><li>F\u00dcR besseren Radverkehr. DENN Radverkehr ist Lebensqualit\u00e4t.<\/li><li>F\u00dcR eine attraktive Ortsmitte Stammheim rund um den Freihofplatz entsteht eine neuer Ortsmitte. DENN hier wird in die Zukunft geplant. Wie wird sich unser Mobilit\u00e4ts- und Einkaufs-  und Freizeitverhalten  \u00e4ndern?<\/li><li>F\u00dcR gute Landwirtschaft vor Ort: DENN Felder und Natur rund um Stammheim sind sehr wertvoll.<\/li><\/ul>\n\n\n\n<div class=\"wp-block-image is-style-rounded\"><figure class=\"aligncenter size-large is-resized\"><img loading=\"lazy\" decoding=\"async\" src=\"https:\/\/gruene-ov-stuttgart.de\/stammheim\/wp-content\/uploads\/2024\/05\/2022_klein-800x722.jpg\" alt=\"\" class=\"wp-image-924\" width=\"260\" height=\"235\" srcset=\"https:\/\/gruene-ov-stuttgart.de\/stammheim\/wp-content\/uploads\/2024\/05\/2022_klein-800x722.jpg 800w, https:\/\/gruene-ov-stuttgart.de\/stammheim\/wp-content\/uploads\/2024\/05\/2022_klein-400x361.jpg 400w, https:\/\/gruene-ov-stuttgart.de\/stammheim\/wp-content\/uploads\/2024\/05\/2022_klein-768x693.jpg 768w, https:\/\/gruene-ov-stuttgart.de\/stammheim\/wp-content\/uploads\/2024\/05\/2022_klein-1536x1386.jpg 1536w, https:\/\/gruene-ov-stuttgart.de\/stammheim\/wp-content\/uploads\/2024\/05\/2022_klein-2048x1848.jpg 2048w, https:\/\/gruene-ov-stuttgart.de\/stammheim\/wp-content\/uploads\/2024\/05\/2022_klein-150x135.jpg 150w\" sizes=\"auto, (max-width: 260px) 100vw, 260px\" \/><figcaption>Global denken, lokal handeln<\/figcaption><\/figure><\/div>\n\n\n\n<p>Als Bezirksbeirat setze ich mich f\u00fcr die Interessen Stammheims ein. Dar\u00fcber hinaus stehe ich F\u00dcR:<\/p>\n\n\n\n<ul class=\"wp-block-list\"><li>Der Klimawandel ist keine ideologische Vorstellung: Wir k\u00f6nnen ihn t\u00e4glich sp\u00fcren. Das fiese ist dabei: Der Klimawandel stellt unser gesellschaftliches Verst\u00e4ndnis von Wohlstand auf den Kopf. Um den Schaden zu begrenzen ben\u00f6tigen wir entschlossenes Handeln.<\/li><li>Klare Sprache gegen die Feinde unserer demokratischen Ordnung.<\/li><li>Als Mathematiker bin ich Doktorand in der Informationssicherheit. Gerade in der Forschung ist Weltoffenheit wichtig.<\/li><\/ul>\n\n\n\n<p><\/p>\n","protected":false},"excerpt":{"rendered":"<p>Stammheim: In Stuttgart ganz oben! Mehr als 12.500 Einwohner genie\u00dfen in Stuttgarts n\u00f6rdlichstem Stadtbezirk die kurzen Wege in die Natur.Gleichzeitig ist man mit der U15 in zwanzig Minuten in der&#8230; <\/p>\n","protected":false},"author":4,"featured_media":925,"comment_status":"closed","ping_status":"open","sticky":false,"template":"","format":"standard","meta":{"_EventAllDay":false,"_EventTimezone":"","_EventStartDate":"","_EventEndDate":"","_EventStartDateUTC":"","_EventEndDateUTC":"","_EventShowMap":false,"_EventShowMapLink":false,"_EventURL":"","_EventCost":"","_EventCostDescription":"","_EventCurrencySymbol":"","_EventCurrencyCode":"","_EventCurrencyPosition":"","_EventDateTimeSeparator":"","_EventTimeRangeSeparator":"","_EventOrganizerID":[],"_EventVenueID":[],"_OrganizerEmail":"","_OrganizerPhone":"","_OrganizerWebsite":"","_VenueAddress":"","_VenueCity":"","_VenueCountry":"","_VenueProvince":"","_VenueState":"","_VenueZip":"","_VenuePhone":"","_VenueURL":"","_VenueStateProvince":"","_VenueLat":"","_VenueLng":"","_VenueShowMap":false,"_VenueShowMapLink":false,"footnotes":""},"categories":[1],"tags":[142,70,141],"class_list":["post-923","post","type-post","status-publish","format-standard","has-post-thumbnail","hentry","category-start","tag-gemeinderatswahl-stuttgart","tag-stammheim","tag-vincent-rieder"],"_links":{"self":[{"href":"https:\/\/gruene-ov-stuttgart.de\/stammheim\/wp-json\/wp\/v2\/posts\/923","targetHints":{"allow":["GET"]}}],"collection":[{"href":"https:\/\/gruene-ov-stuttgart.de\/stammheim\/wp-json\/wp\/v2\/posts"}],"about":[{"href":"https:\/\/gruene-ov-stuttgart.de\/stammheim\/wp-json\/wp\/v2\/types\/post"}],"author":[{"embeddable":true,"href":"https:\/\/gruene-ov-stuttgart.de\/stammheim\/wp-json\/wp\/v2\/users\/4"}],"replies":[{"embeddable":true,"href":"https:\/\/gruene-ov-stuttgart.de\/stammheim\/wp-json\/wp\/v2\/comments?post=923"}],"version-history":[{"count":9,"href":"https:\/\/gruene-ov-stuttgart.de\/stammheim\/wp-json\/wp\/v2\/posts\/923\/revisions"}],"predecessor-version":[{"id":934,"href":"https:\/\/gruene-ov-stuttgart.de\/stammheim\/wp-json\/wp\/v2\/posts\/923\/revisions\/934"}],"wp:featuredmedia":[{"embeddable":true,"href":"https:\/\/gruene-ov-stuttgart.de\/stammheim\/wp-json\/wp\/v2\/media\/925"}],"wp:attachment":[{"href":"https:\/\/gruene-ov-stuttgart.de\/stammheim\/wp-json\/wp\/v2\/media?parent=923"}],"wp:term":[{"taxonomy":"category","embeddable":true,"href":"https:\/\/gruene-ov-stuttgart.de\/stammheim\/wp-json\/wp\/v2\/categories?post=923"},{"taxonomy":"post_tag","embeddable":true,"href":"https:\/\/gruene-ov-stuttgart.de\/stammheim\/wp-json\/wp\/v2\/tags?post=923"}],"curies":[{"name":"wp","href":"https:\/\/api.w.org\/{rel}","templated":true}]}}