{"id":1092,"date":"2024-03-12T22:07:28","date_gmt":"2024-03-12T21:07:28","guid":{"rendered":"https:\/\/gruene-ov-stuttgart.de\/sued\/?p=1092"},"modified":"2024-10-21T22:37:48","modified_gmt":"2024-10-21T20:37:48","slug":"bihlplatz-hochwertig-und-autofrei-gestalten","status":"publish","type":"post","link":"https:\/\/gruene-ov-stuttgart.de\/sued\/bezirksbeirat\/bihlplatz-hochwertig-und-autofrei-gestalten\/","title":{"rendered":"Bihlplatz hochwertig und autofrei gestalten"},"content":{"rendered":"\n<p><\/p>\n\n\n\n<p>Im M\u00e4rz 2024 haben wir im Bezirksbeirat einen Antrag eingereicht, um den Bihlplatz nach dem Umbau zur Verl\u00e4ngerung der Stadtbahn-Bahnsteige von 40 auf 80 Meter st\u00e4dtebaulich aufzuwerten. Statt der Parkpl\u00e4tze darauf soll so mehr Raum f\u00fcr Gastro, Begr\u00fcnung und Aufenthaltsbereich entstehen. In Absprache mit allen anderen Fraktionen ist daraus de folgende Antragstext entstanden, der mit 14 Ja-Stimmen, einer Enthaltung und einer Ablehnung beschlossen wurde.<\/p>\n\n\n\n<h2 class=\"wp-block-heading\">Der Antrag: Bihlplatz hochwertig und autofrei gestalten<\/h2>\n\n\n\n<p>Der Bezirksbeirat S\u00fcd bittet die Verwaltung, insbesondere das Amt f\u00fcr Stadtplanung und Wohnen, im Zuge der SSB-Umbauma\u00dfnahmen auf eine st\u00e4dtebaulich ansprechende Neugestaltung des Bihlplatzes zu achten und dem Bezirksbeirat zu berichten.<\/p>\n\n\n\n<p>In diesem Zusammenhang sollen die verbliebenen zehn Stellpl\u00e4tze auf dem Bihlplatz abgeschafft werden und alternative Kurzzeitparkpl\u00e4tze in der Umgebung eingerichtet werden.<\/p>\n\n\n\n<h2 class=\"wp-block-heading\">Begr\u00fcndung:<\/h2>\n\n\n\n<p>Der Bihlplatz ist der letzte Platz im Stuttgarter S\u00fcden, auf dem noch geparkt werden darf. Schon lange gibt es W\u00fcnsche aus der B\u00fcrgerschaft, den Bihlplatz endlich autofrei zu machen. Regelm\u00e4\u00dfig wurde dies im B\u00fcrgerhaushalt beantragt und zuletzt auch von den Seniorinnen-Initiative in ihrer Brosch\u00fcre \u201c280 Jahre suchen eine Bank\u201d gefordert. Dem Wunsch \u201cEr soll vollst\u00e4ndig autofrei werden und k\u00f6nnte noch sch\u00f6ner werden\u201d schlie\u00dfen wir uns an und beantragen die Abschaffung des regul\u00e4ren Parkens auf dem Bihlplatz und die Versetzung der Poller. Im Zuge dessen sollen in der unmittelbaren Umgebung Kurzzeitparkpl\u00e4tze geschaffen werden.<\/p>\n\n\n\n<p>Zur Umsetzung bieten sich die Bauma\u00dfnahmen der SSB ab 2025 an, w\u00e4hrend denen der Bihlplatz f\u00fcr die Baustelleneinrichtung ben\u00f6tigt wird. Die Parkpl\u00e4tze auf dem Platz fallen in diesem Zeitraum ohnehin weg. F\u00fcr die Bauzeit sollen nach dem Willen des Bezirksbeirats ortsnah Kurzzeitparkpl\u00e4tze eingerichtet werden, damit die L\u00e4den, Arztpraxen und Gastst\u00e4tten im Umkreis weiterhin auch f\u00fcr Kund:innen mit dem Auto erreichbar bleiben. Diese Regelungen k\u00f6nnen nach den Bauarbeiten evaluiert und ggf. optimiert werden, damit der Bihlplatz dann mit erweiterten Gastrofl\u00e4chen, mehr B\u00e4umen und weiterhin Platz f\u00fcr den beliebten Wochenmarkt gro\u00dfz\u00fcgiger genutzt werden kann.<\/p>\n","protected":false},"excerpt":{"rendered":"<p>Im M\u00e4rz 2024 haben wir im Bezirksbeirat einen Antrag eingereicht, um den Bihlplatz nach dem Umbau zur Verl\u00e4ngerung der Stadtbahn-Bahnsteige von 40 auf 80 Meter st\u00e4dtebaulich aufzuwerten. Statt der Parkpl\u00e4tze darauf soll so mehr Raum f\u00fcr Gastro, Begr\u00fcnung und Aufenthaltsbereich entstehen. <\/p>\n","protected":false},"author":11,"featured_media":1093,"comment_status":"open","ping_status":"open","sticky":false,"template":"","format":"standard","meta":{"footnotes":""},"categories":[3,30,17,15],"tags":[69,105,46,88],"_links":{"self":[{"href":"https:\/\/gruene-ov-stuttgart.de\/sued\/wp-json\/wp\/v2\/posts\/1092"}],"collection":[{"href":"https:\/\/gruene-ov-stuttgart.de\/sued\/wp-json\/wp\/v2\/posts"}],"about":[{"href":"https:\/\/gruene-ov-stuttgart.de\/sued\/wp-json\/wp\/v2\/types\/post"}],"author":[{"embeddable":true,"href":"https:\/\/gruene-ov-stuttgart.de\/sued\/wp-json\/wp\/v2\/users\/11"}],"replies":[{"embeddable":true,"href":"https:\/\/gruene-ov-stuttgart.de\/sued\/wp-json\/wp\/v2\/comments?post=1092"}],"version-history":[{"count":2,"href":"https:\/\/gruene-ov-stuttgart.de\/sued\/wp-json\/wp\/v2\/posts\/1092\/revisions"}],"predecessor-version":[{"id":1096,"href":"https:\/\/gruene-ov-stuttgart.de\/sued\/wp-json\/wp\/v2\/posts\/1092\/revisions\/1096"}],"wp:featuredmedia":[{"embeddable":true,"href":"https:\/\/gruene-ov-stuttgart.de\/sued\/wp-json\/wp\/v2\/media\/1093"}],"wp:attachment":[{"href":"https:\/\/gruene-ov-stuttgart.de\/sued\/wp-json\/wp\/v2\/media?parent=1092"}],"wp:term":[{"taxonomy":"category","embeddable":true,"href":"https:\/\/gruene-ov-stuttgart.de\/sued\/wp-json\/wp\/v2\/categories?post=1092"},{"taxonomy":"post_tag","embeddable":true,"href":"https:\/\/gruene-ov-stuttgart.de\/sued\/wp-json\/wp\/v2\/tags?post=1092"}],"curies":[{"name":"wp","href":"https:\/\/api.w.org\/{rel}","templated":true}]}}