{"id":126,"date":"2016-06-26T12:51:49","date_gmt":"2016-06-26T10:51:49","guid":{"rendered":"http:\/\/gruene-ov-stuttgart.de\/sued\/?p=126"},"modified":"2016-06-26T13:28:59","modified_gmt":"2016-06-26T11:28:59","slug":"besuch-bei-den-heslacher-wasserfaellen","status":"publish","type":"post","link":"https:\/\/gruene-ov-stuttgart.de\/sued\/natur\/besuch-bei-den-heslacher-wasserfaellen\/","title":{"rendered":"Besuch bei den Heslacher Wasserf\u00e4llen"},"content":{"rendered":"<p>Und gleich nochmal! Wow!<\/p>\n<p>Schon mancheR hat die Heslacher &#8222;Wasserf\u00e4lle&#8220; bel\u00e4chelt, wenn ein kleines Rinnsal \u00fcber die Steine nach unten pl\u00e4tschert. Typisch Stuttgarter \u00dcbertreibung und Etikettenschwindel, weil es hier nichts Tolles anzusehen gibt, muss man aus einer M\u00fccke einen Elefanten machen.<\/p>\n<p><img loading=\"lazy\" decoding=\"async\" class=\" wp-image-132 alignleft\" src=\"https:\/\/gruene-ov-stuttgart.de\/sued\/wp-content\/uploads\/2016\/06\/helsacher_wasserfaelle_christa_ute-400x414.jpg\" alt=\"helsacher_wasserfaelle_christa_ute\" width=\"261\" height=\"270\" srcset=\"https:\/\/gruene-ov-stuttgart.de\/sued\/wp-content\/uploads\/2016\/06\/helsacher_wasserfaelle_christa_ute-400x414.jpg 400w, https:\/\/gruene-ov-stuttgart.de\/sued\/wp-content\/uploads\/2016\/06\/helsacher_wasserfaelle_christa_ute-768x795.jpg 768w, https:\/\/gruene-ov-stuttgart.de\/sued\/wp-content\/uploads\/2016\/06\/helsacher_wasserfaelle_christa_ute-800x828.jpg 800w, https:\/\/gruene-ov-stuttgart.de\/sued\/wp-content\/uploads\/2016\/06\/helsacher_wasserfaelle_christa_ute-145x150.jpg 145w, https:\/\/gruene-ov-stuttgart.de\/sued\/wp-content\/uploads\/2016\/06\/helsacher_wasserfaelle_christa_ute.jpg 1140w\" sizes=\"(max-width: 261px) 100vw, 261px\" \/>Aber nach dem vielen Regen zeigen die Heslacher Wasserf\u00e4lle, was in ihnen steckt. Auf diese Gelegenheit haben wir gewartet, und so machen sich Christa, Ute und Norbert auf, um diesen Geheimtipp im Stuttgarter S\u00fcden zu erkunden. Und man kommt aus dem Staunen nicht heraus. Mit diesen Wassermassen f\u00fchlt man sich an einen Gebirgsbach in den Bergen versetzt &#8211; und das mitten in der Stadt, unweit des Schattenrings.<\/p>\n<p><img loading=\"lazy\" decoding=\"async\" class=\" wp-image-131 alignright\" src=\"https:\/\/gruene-ov-stuttgart.de\/sued\/wp-content\/uploads\/2016\/06\/heslacher_wasserfaelle_Christa_Norbert-385x600.jpg\" alt=\"heslacher_wasserfaelle_Christa_Norbert\" width=\"271\" height=\"422\" srcset=\"https:\/\/gruene-ov-stuttgart.de\/sued\/wp-content\/uploads\/2016\/06\/heslacher_wasserfaelle_Christa_Norbert-385x600.jpg 385w, https:\/\/gruene-ov-stuttgart.de\/sued\/wp-content\/uploads\/2016\/06\/heslacher_wasserfaelle_Christa_Norbert-768x1196.jpg 768w, https:\/\/gruene-ov-stuttgart.de\/sued\/wp-content\/uploads\/2016\/06\/heslacher_wasserfaelle_Christa_Norbert-771x1200.jpg 771w, https:\/\/gruene-ov-stuttgart.de\/sued\/wp-content\/uploads\/2016\/06\/heslacher_wasserfaelle_Christa_Norbert-96x150.jpg 96w, https:\/\/gruene-ov-stuttgart.de\/sued\/wp-content\/uploads\/2016\/06\/heslacher_wasserfaelle_Christa_Norbert.jpg 792w\" sizes=\"(max-width: 271px) 100vw, 271px\" \/>Zu den Heslacher Wassserf\u00e4llen gelangt man am besten von der Stadtbahn-Haltestelle Vogelrain, die Vogelrainstra\u00dfe hoch und dann \u00fcber die Heidenklingenstra\u00dfe in die Heidenklinge, links am Hochhaus vorbei, links vom Bach bleiben, oben links, dann rechts \u00fcber die Eisenbahnbr\u00fccke, dann wieder rechts, nach 20 m kommt eine Tafel.<\/p>\n<p><strong>Mehr Infos:<\/strong><\/p>\n<p><span class=\"button\">Kurze Info mit Routenplaner und VVS-Planer findet man auf: <a href=\"http:\/\/www.stuttgart.de\/item\/show\/305802\/1\/dept\/150797?\" target=\"_blank\">www.stuttgart.de<\/a><br \/>\nMehr Infos zur Geschichte bei <a href=\"https:\/\/de.wikipedia.org\/wiki\/Heslacher_Wasserf%C3%A4lle\" target=\"_blank\">wikipedia.de<\/a>.<br \/>\nToureninfos bei Tourismus Baden-W\u00fcrttemberg:\u00a0<a href=\"http:\/\/www.tourismus-bw.de\/Media\/Touren\/Heslacher-Rundtour\" target=\"_blank\">tourismus-bw.de<\/a><\/p>\n<p><\/span><\/p>\n<p>&nbsp;<\/p>\n","protected":false},"excerpt":{"rendered":"<p>Und gleich nochmal! Wow! Schon mancheR hat die Heslacher &#8222;Wasserf\u00e4lle&#8220; bel\u00e4chelt, wenn ein kleines Rinnsal \u00fcber die Steine nach unten pl\u00e4tschert. Typisch Stuttgarter \u00dcbertreibung und Etikettenschwindel, weil es hier nichts&#8230; <\/p>\n","protected":false},"author":2,"featured_media":130,"comment_status":"open","ping_status":"open","sticky":false,"template":"","format":"standard","meta":{"footnotes":""},"categories":[18,19],"tags":[20,24,21,22,23],"_links":{"self":[{"href":"https:\/\/gruene-ov-stuttgart.de\/sued\/wp-json\/wp\/v2\/posts\/126"}],"collection":[{"href":"https:\/\/gruene-ov-stuttgart.de\/sued\/wp-json\/wp\/v2\/posts"}],"about":[{"href":"https:\/\/gruene-ov-stuttgart.de\/sued\/wp-json\/wp\/v2\/types\/post"}],"author":[{"embeddable":true,"href":"https:\/\/gruene-ov-stuttgart.de\/sued\/wp-json\/wp\/v2\/users\/2"}],"replies":[{"embeddable":true,"href":"https:\/\/gruene-ov-stuttgart.de\/sued\/wp-json\/wp\/v2\/comments?post=126"}],"version-history":[{"count":13,"href":"https:\/\/gruene-ov-stuttgart.de\/sued\/wp-json\/wp\/v2\/posts\/126\/revisions"}],"predecessor-version":[{"id":146,"href":"https:\/\/gruene-ov-stuttgart.de\/sued\/wp-json\/wp\/v2\/posts\/126\/revisions\/146"}],"wp:featuredmedia":[{"embeddable":true,"href":"https:\/\/gruene-ov-stuttgart.de\/sued\/wp-json\/wp\/v2\/media\/130"}],"wp:attachment":[{"href":"https:\/\/gruene-ov-stuttgart.de\/sued\/wp-json\/wp\/v2\/media?parent=126"}],"wp:term":[{"taxonomy":"category","embeddable":true,"href":"https:\/\/gruene-ov-stuttgart.de\/sued\/wp-json\/wp\/v2\/categories?post=126"},{"taxonomy":"post_tag","embeddable":true,"href":"https:\/\/gruene-ov-stuttgart.de\/sued\/wp-json\/wp\/v2\/tags?post=126"}],"curies":[{"name":"wp","href":"https:\/\/api.w.org\/{rel}","templated":true}]}}