{"id":180,"date":"2016-07-03T17:16:50","date_gmt":"2016-07-03T15:16:50","guid":{"rendered":"http:\/\/gruene-ov-stuttgart.de\/sued\/?p=180"},"modified":"2016-07-20T17:19:12","modified_gmt":"2016-07-20T15:19:12","slug":"heusteigviertelstrassenfest-2016-weniger-regen-noch-bessere-stimmung","status":"publish","type":"post","link":"https:\/\/gruene-ov-stuttgart.de\/sued\/allgemein\/heusteigviertelstrassenfest-2016-weniger-regen-noch-bessere-stimmung\/","title":{"rendered":"Heusteigviertelstra\u00dfenfest 2016 weniger Regen &#8211; noch bessere Stimmung"},"content":{"rendered":"<p>Die\u00a0Gr\u00fcnen aus Stuttgart-Mitte und Stuttgart-S\u00fcd mit eigenem Infostand auf dem Heusteigviertelstra\u00dfenfest: Das\u00a0hat seit langem Tradition. Der Regenschauer fiel diesmal nur kurz aus. Das wiederum war ein Bruch mit der Tradition. Es sieht toll aus, wenn bei strahlendem Sonnenschein die Mozartstra\u00dfe mit gr\u00fcnen Luftballons gepflastert ist. N\u00e4chstes Jahr nat\u00fcrlich wieder!<\/p>\n<p>&nbsp;<\/p>\n<img loading=\"lazy\" decoding=\"async\" class=\"alignnone wp-image-150 size-medium\" src=\"https:\/\/gruene-ov-stuttgart.de\/sued\/wp-content\/uploads\/2016\/07\/Heusteigfest_Helen_Bern-400x294.jpg\" width=\"400\" height=\"294\" srcset=\"https:\/\/gruene-ov-stuttgart.de\/sued\/wp-content\/uploads\/2016\/07\/Heusteigfest_Helen_Bern-400x294.jpg 400w, https:\/\/gruene-ov-stuttgart.de\/sued\/wp-content\/uploads\/2016\/07\/Heusteigfest_Helen_Bern-768x564.jpg 768w, https:\/\/gruene-ov-stuttgart.de\/sued\/wp-content\/uploads\/2016\/07\/Heusteigfest_Helen_Bern.jpg 800w, https:\/\/gruene-ov-stuttgart.de\/sued\/wp-content\/uploads\/2016\/07\/Heusteigfest_Helen_Bern-150x110.jpg 150w\" sizes=\"(max-width: 400px) 100vw, 400px\" \/> <img loading=\"lazy\" decoding=\"async\" class=\"alignnone size-medium wp-image-183\" src=\"https:\/\/gruene-ov-stuttgart.de\/sued\/wp-content\/uploads\/2016\/07\/IMG_0866-400x300.jpg\" alt=\"IMG_0866\" width=\"400\" height=\"300\" srcset=\"https:\/\/gruene-ov-stuttgart.de\/sued\/wp-content\/uploads\/2016\/07\/IMG_0866-400x300.jpg 400w, https:\/\/gruene-ov-stuttgart.de\/sued\/wp-content\/uploads\/2016\/07\/IMG_0866-768x576.jpg 768w, https:\/\/gruene-ov-stuttgart.de\/sued\/wp-content\/uploads\/2016\/07\/IMG_0866-800x600.jpg 800w, https:\/\/gruene-ov-stuttgart.de\/sued\/wp-content\/uploads\/2016\/07\/IMG_0866-150x113.jpg 150w, https:\/\/gruene-ov-stuttgart.de\/sued\/wp-content\/uploads\/2016\/07\/IMG_0866.jpg 1632w\" sizes=\"(max-width: 400px) 100vw, 400px\" \/>\n","protected":false},"excerpt":{"rendered":"<p>Die\u00a0Gr\u00fcnen aus Stuttgart-Mitte und Stuttgart-S\u00fcd mit eigenem Infostand auf dem Heusteigviertelstra\u00dfenfest: Das\u00a0hat seit langem Tradition. Der Regenschauer fiel diesmal nur kurz aus. Das wiederum war ein Bruch mit der Tradition&#8230;. <\/p>\n","protected":false},"author":2,"featured_media":182,"comment_status":"open","ping_status":"open","sticky":false,"template":"","format":"standard","meta":{"footnotes":""},"categories":[1,16],"tags":[],"_links":{"self":[{"href":"https:\/\/gruene-ov-stuttgart.de\/sued\/wp-json\/wp\/v2\/posts\/180"}],"collection":[{"href":"https:\/\/gruene-ov-stuttgart.de\/sued\/wp-json\/wp\/v2\/posts"}],"about":[{"href":"https:\/\/gruene-ov-stuttgart.de\/sued\/wp-json\/wp\/v2\/types\/post"}],"author":[{"embeddable":true,"href":"https:\/\/gruene-ov-stuttgart.de\/sued\/wp-json\/wp\/v2\/users\/2"}],"replies":[{"embeddable":true,"href":"https:\/\/gruene-ov-stuttgart.de\/sued\/wp-json\/wp\/v2\/comments?post=180"}],"version-history":[{"count":3,"href":"https:\/\/gruene-ov-stuttgart.de\/sued\/wp-json\/wp\/v2\/posts\/180\/revisions"}],"predecessor-version":[{"id":185,"href":"https:\/\/gruene-ov-stuttgart.de\/sued\/wp-json\/wp\/v2\/posts\/180\/revisions\/185"}],"wp:featuredmedia":[{"embeddable":true,"href":"https:\/\/gruene-ov-stuttgart.de\/sued\/wp-json\/wp\/v2\/media\/182"}],"wp:attachment":[{"href":"https:\/\/gruene-ov-stuttgart.de\/sued\/wp-json\/wp\/v2\/media?parent=180"}],"wp:term":[{"taxonomy":"category","embeddable":true,"href":"https:\/\/gruene-ov-stuttgart.de\/sued\/wp-json\/wp\/v2\/categories?post=180"},{"taxonomy":"post_tag","embeddable":true,"href":"https:\/\/gruene-ov-stuttgart.de\/sued\/wp-json\/wp\/v2\/tags?post=180"}],"curies":[{"name":"wp","href":"https:\/\/api.w.org\/{rel}","templated":true}]}}