{"id":249,"date":"2017-02-13T20:12:00","date_gmt":"2017-02-13T19:12:00","guid":{"rendered":"http:\/\/gruene-ov-stuttgart.de\/sued\/?p=249"},"modified":"2017-02-13T20:19:39","modified_gmt":"2017-02-13T19:19:39","slug":"schwabtunnel-sicherer-machen-fuer-radfahrer-und-fussgaenger","status":"publish","type":"post","link":"https:\/\/gruene-ov-stuttgart.de\/sued\/verkehr\/fahrrad\/schwabtunnel-sicherer-machen-fuer-radfahrer-und-fussgaenger\/","title":{"rendered":"Schwabtunnel sicherer machen f\u00fcr Radfahrer und Fu\u00dfg\u00e4nger"},"content":{"rendered":"<p><strong>Der Schwabtunnel ist die direkteste Verbindung<\/strong> zwischen den Gebieten B\u00f6blinger Stra\u00dfe, Schreiberstra\u00dfe und M\u00f6hringer Stra\u00dfe (Hauptradweg 1) in den Stadtbezirken Stuttgart-S\u00fcd und Stuttgart-West. Die wenigsten Radfahrer trauen sich aber, auf der Fahrbahn durch den Schwabtunnel zu fahren, denn immer wieder kommt es vor, dass Autofahrer dr\u00e4ngeln, hupen oder gef\u00e4hrlich dicht vorbeifahren, weil die geringe Fahrbahnbreite sie verleitet den vorgeschriebenen Sicherheitsabstand nicht einzuhalten.<\/p>\n<p>So sind Radfahrer gef\u00e4hrdet und viele weichen daher auf die nicht f\u00fcr Radfahrer freigegebenen schmalen Gehwege aus. Je nach Geschwindigkeit werden hier Fu\u00dfg\u00e4nger behindert oder sogar gef\u00e4hrdet. F\u00fcr die Sicherheit von Fu\u00dfg\u00e4ngern und Radfahrern ist es wie \u00fcberall wichtig, beide verkehrlich zu trennen.<\/p>\n<p>Die unsichere Situation erschwert auch das Erreichen des im Verkehrsentwicklungskonzept Stuttgart 2030 angestrebten Ziels, dass Stuttgarts Einwohner k\u00fcnftig mehr Rad fahren oder zu Fu\u00df gehen statt mit ihrem Kraftfahrzeug zu fahren.<\/p>\n<p><strong>Deshalb haben wir im Bezirksbeirat folgenden Antrag gestellt.<\/strong><\/p>\n<p>1. Der Bezirksbeirat S\u00fcd bittet die Verwaltung, ein Verkehrskonzept zu entwickeln, wie Radfahrer sicher auf der Fahrbahn durch den Schwabtunnel gef\u00fchrt werden k\u00f6nnen.<br \/>\nIn die \u00dcberlegungen einbezogen sein sollen auch folgende Vorschl\u00e4ge:<br \/>\na) Im Schwabtunnel jeden Fahrstreifen mittig mit einem roten Sicherheitsstreifen versehen als prominente visuelle Signalisierung, dass hier Radfahrer in der Fahrbahnmitte fahren d\u00fcrfen und sollen. Zus\u00e4tzlich gekennzeichnet mit der Sharrow-Fahrbahnmarkierung (vgl. Anm. 1). Ggf. als Feldversuch gestalten.<br \/>\nb) Tempobegrenzung auf 30 km\/h in beiden Fahrtrichtungen zwischen dem bestehenden Tempo-30-Bereich vor der Schickardtschule und der Kreuzung Schwab-\/Reinsburgstra\u00dfe zur Erh\u00f6hung der Sicherheit der Radfahrer durch Herstellen gleichrangiger Geschwindigkeit zwischen Kfz-Verkehr und Radverkehr.<\/p>\n<p>2. Zudem m\u00f6ge die Verwaltung aufzeigen, wie eine sichere F\u00fchrung der Radfahrer vom Sch\u00f6ttleplatz die Schickhardtstra\u00dfe hinauf m\u00f6glich ist, damit auch hier Radfahrer sich weniger gef\u00e4hrdet f\u00fchlen und nicht auf den Gehweg ausweichen. Denkbar w\u00e4re z.B. ein Radschutzstreifen (vgl. Anm. 2), da ein solcher den Radfahrern und Autofahrern anzeigt, dass Radfahrer hier fahren d\u00fcrfen und auch sollen, und das mit einem sicheren Abstand von parkenden Autos.<\/p>\n<p>3. Zugleich sollen die Gehwege so beschildert und gestaltet werden, dass allen Radfahrern klar ist, dass das Befahren des Gehwegs mit dem Fahrrad nicht gestattet ist.<\/p>\n<p><strong>Anmerkungen<\/strong><\/p>\n<p>Zu 1.<br \/>\nSharrows (engl. Kunstwort aus shared (geteilt) und arrow (Pfeil)) sind Piktogramme f\u00fcr Fahrrad und Pfeilen, die als Fahrbahnmarkierungen in dichter Folge auf der gemeinsam zu benutzenden Fahrbahn aufgebracht sind. Diese Fahrbahn-Markierungen sollen signalisieren, dass Fahrradfahrer in der Mitte der Fahrbahn fahren d\u00fcrfen und sollen.<br \/>\nVgl. zur Erl\u00e4uterung<br \/>\n<a href=\"https:\/\/de.wikipedia.org\/wiki\/Anteilig_genutzter_Fahrstreifen\" target=\"_blank\">https:\/\/de.wikipedia.org\/wiki\/Anteilig_genutzter_Fahrstreifen<\/a><br \/>\nVgl. die Einf\u00fchrung in Osnabr\u00fcck, wo man sich auf die guten Erfahrungen in Wien bezieht:<br \/>\n<a href=\"http:\/\/www.hasepost.de\/sharrow-fahrrad-piktogramme-lotter-strasse-osnabrueck-16601-16601\/\" target=\"_blank\">http:\/\/www.hasepost.de\/sharrow-fahrrad-piktogramme-lotter-strasse-osnabrueck-16601-16601\/<\/a><br \/>\nZu den guten Erfahrungen in Wien: <a href=\"http:\/\/radkompetenz.at\/654\/stadt-wien-veroeffentlicht-positive-sharrow-studie\/\" target=\"_blank\">http:\/\/radkompetenz.at\/654\/stadt-wien-veroeffentlicht-positive-sharrow-studie\/<\/a><\/p>\n<p>Zu 2.<br \/>\nRadschutzstreifen bedeuten, dass Autofahrer mit ihren rechten Reifen auf ihnen fahren d\u00fcrfen, wenn sie keinen Radfahrer gef\u00e4hrden. Deshalb ist der Schutzstreifen \u2013 anders als ein Radweg \u2013 nicht mit durchgehender, sondern mit unterbrochener Linie gekennzeichnet. Ein Radschutzstreifen engt deshalb die Fahrbahn nicht ein, solange kein Fahrrad auf dem Radschutzstreifen f\u00e4hrt. F\u00e4hrt hier ein Fahrrad, so d\u00fcrfte das Auto sowieso nur in sicherem Abstand \u00fcberholen.<br \/>\nWichtig f\u00fcr Radfahrer ist auch, dass durch den Radschutzstreifen signalisiert wird, dass sie in ausreichendem Abstand zu parkenden Autos fahren d\u00fcrfen, die bei \u00d6ffnung von Autot\u00fcren eine gro\u00dfe Gefahr f\u00fcr Radfahrer darstellen.<\/p>\n<p><strong>Abstimmung<\/strong><\/p>\n<p>Nachdem noch der Vorschlag von Radschutzstreifen aufgenommen wurde, wurde der Antrag mit 15 Ja-Stimmen und einer Nein-Stimme am 7.2.2017 angenommen.<\/p>\n","protected":false},"excerpt":{"rendered":"<p>Der Schwabtunnel ist die direkteste Verbindung zwischen den Gebieten B\u00f6blinger Stra\u00dfe, Schreiberstra\u00dfe und M\u00f6hringer Stra\u00dfe (Hauptradweg 1) in den Stadtbezirken Stuttgart-S\u00fcd und Stuttgart-West. Die wenigsten Radfahrer trauen sich aber, auf&#8230; <\/p>\n","protected":false},"author":2,"featured_media":0,"comment_status":"open","ping_status":"open","sticky":false,"template":"","format":"standard","meta":{"footnotes":""},"categories":[14,29],"tags":[],"_links":{"self":[{"href":"https:\/\/gruene-ov-stuttgart.de\/sued\/wp-json\/wp\/v2\/posts\/249"}],"collection":[{"href":"https:\/\/gruene-ov-stuttgart.de\/sued\/wp-json\/wp\/v2\/posts"}],"about":[{"href":"https:\/\/gruene-ov-stuttgart.de\/sued\/wp-json\/wp\/v2\/types\/post"}],"author":[{"embeddable":true,"href":"https:\/\/gruene-ov-stuttgart.de\/sued\/wp-json\/wp\/v2\/users\/2"}],"replies":[{"embeddable":true,"href":"https:\/\/gruene-ov-stuttgart.de\/sued\/wp-json\/wp\/v2\/comments?post=249"}],"version-history":[{"count":4,"href":"https:\/\/gruene-ov-stuttgart.de\/sued\/wp-json\/wp\/v2\/posts\/249\/revisions"}],"predecessor-version":[{"id":253,"href":"https:\/\/gruene-ov-stuttgart.de\/sued\/wp-json\/wp\/v2\/posts\/249\/revisions\/253"}],"wp:attachment":[{"href":"https:\/\/gruene-ov-stuttgart.de\/sued\/wp-json\/wp\/v2\/media?parent=249"}],"wp:term":[{"taxonomy":"category","embeddable":true,"href":"https:\/\/gruene-ov-stuttgart.de\/sued\/wp-json\/wp\/v2\/categories?post=249"},{"taxonomy":"post_tag","embeddable":true,"href":"https:\/\/gruene-ov-stuttgart.de\/sued\/wp-json\/wp\/v2\/tags?post=249"}],"curies":[{"name":"wp","href":"https:\/\/api.w.org\/{rel}","templated":true}]}}