{"id":334,"date":"2017-05-25T15:05:16","date_gmt":"2017-05-25T13:05:16","guid":{"rendered":"http:\/\/gruene-ov-stuttgart.de\/sued\/?p=334"},"modified":"2017-07-18T15:09:08","modified_gmt":"2017-07-18T13:09:08","slug":"ideen-fuer-schoenere-plaetze-und-spielplaetze","status":"publish","type":"post","link":"https:\/\/gruene-ov-stuttgart.de\/sued\/bezirksbeirat\/ideen-fuer-schoenere-plaetze-und-spielplaetze\/","title":{"rendered":"Ideen f\u00fcr sch\u00f6nere Pl\u00e4tze und Spielpl\u00e4tze"},"content":{"rendered":"<p>Parallel zum Doppelhaushalt 2018\/2019 werden auch die Gelder aus der Stadtentwicklungspauschale (STEP) vergeben. Diese STEP-Gelder sind gedacht f\u00fcr Versch\u00f6nerungen des Wohnumfeldes (Pl\u00e4tze, Kreuzungen, Wege usw.) oder f\u00fcr Versch\u00f6nerung von Spielpl\u00e4tzen.<br \/>\n\u00dcber diese Projekte entscheidet der Bezirksbeirat zusammen mit der Verwaltung.<\/p>\n<p>Wir Gr\u00fcnen haben folgende Vorschl\u00e4ge eingebracht:<\/p>\n<p><strong>STEP Antr\u00e4ge 2017<\/strong><\/p>\n<p><strong>Platzentwicklung an der Ecke \u201eT\u00fcbinger-Str. \/ Silberburgstra\u00dfe\u201c<\/strong><\/p>\n<p>Die Freifl\u00e4che zwischen T\u00fcbinger Str. und Silberburgstr. sollte durch entsprechende Gestaltung zu einem richtigen Platz mit Aufenthaltsqualit\u00e4t werden. Bisher ist er nicht nur unansehnlich, sondern auch f\u00fcr Fu\u00dfg\u00e4nger am Abend uneinsichtig und entspricht in den Abendstunden nicht dem Sicherheitsbed\u00fcrfnis von Fu\u00dfg\u00e4ngern. Die Stra\u00dfenf\u00fchrung w\u00fcrde es zudem erlauben, den Platz zu vergr\u00f6\u00dfern. Damit w\u00fcrde dieser Platz zu einer genialen Verbindung zwischen der urbanen T\u00fcbinger Str. in City-N\u00e4he und dem zunehmend \u00f6ffentlich belebten S\u00fcden der Stadt.<\/p>\n<p>Diese Kreuzung w\u00fcrde mit entsprechender Gestaltung die einmalige M\u00f6glichkeit bieten, eine gr\u00fcne Verbindung zu der etwas \u201evereinsamten\u201c Gr\u00fcnanlage an der Silberburgstr. zu schaffen und damit eine gr\u00fcne Verbindung von der T\u00fcbinger Str. bis zur Karlsh\u00f6he erreichen.<\/p>\n<p>Der Platz kann eine zus\u00e4tzliche Bereicherung erfahren, wenn die anliegenden Brauereigeb\u00e4ude von Dinkelacker eine Begr\u00fcnung erfahren. Die Stadt sollte sich daf\u00fcr bei dem Unternehmen einsetzen bzw. pr\u00fcfen, ob ein entsprechender Pflanzstreifen vom \u00f6ffentlichen Raum dazu zugestanden werden kann.<\/p>\n<p>&nbsp;<\/p>\n<p><strong>Infrastrukturausstattung (Strom und Wasser) der Pl\u00e4tze in Stuttgart-S\u00fcd<\/strong><\/p>\n<p>Die beliebtesten Pl\u00e4tze des Stuttgarter S\u00fcdens (S\u00fcdheimer Platz, Bihl-Platz, Erwin-Sch\u00f6ttle-Platz, Marienplatz) wurden in den letzten Jahren aufw\u00e4ndig saniert und umgestaltet. Sie werden von den Bewohnern des Stuttgarter S\u00fcdens in zunehmendem Ma\u00dfe angenommen, auch weil dort \u00fcbers Jahr verteilt, die unterschiedlichsten Feste und Aktivit\u00e4ten stattfinden.<\/p>\n<p>So unterschiedlich diese Pl\u00e4tze und Aktivit\u00e4ten auch sind, ist ihnen eins gemein: Es fehlt (teilweise) eine ad\u00e4quate Strom- und Wasserversorgung. Diese eigentlich selbstverst\u00e4ndlich notwendige Infrastruktureinrichtung eines Platzes wurde bei der Sanierung dieser Pl\u00e4tze leider nur teilweise ber\u00fccksichtig. Die Durchf\u00fchrung von niederschwellig organisierten b\u00fcrgerschaftlichen Gruppenaktivit\u00e4ten und Festen wird daher durch hohe Kosten &#8211; z.B f\u00fcr Mietgenerator &#8211; deutlich erschwert.<\/p>\n<p>Der Bezirksbeirat bittet die Verwaltung mit Mitteln der Stadtentwicklungspauschale STEP 2017 \/ 2018 auf den 4 Pl\u00e4tzen (S\u00fcdheimer Platz, Bihl-Platz, Erwin-Sch\u00f6ttle-Platz, Marienplatz) eine ad\u00e4quaten Strom- und Wasserversorgung zu installieren.<\/p>\n<p>&nbsp;<\/p>\n<p><strong>Kreuzung Alexanderstr. \/ Neue Weinsteige (Seite Etzelstr. u. Fortf\u00fchrung Alexanderst. Richtung S\u00fcden)<\/strong><\/p>\n<p>Die Kreuzung Alexanderstr. \/ Neue Weinsteige und die beidseitigen, kleinen Pl\u00e4tze sind ein sehr frequentierte Fu\u00dfg\u00e4ngerbereich, bedingt durch die dortige Bushaltestelle, den Fu\u00dfweg zu U-Bahn Bopser, die Etzelfarm und die Kita Etzel. Dar\u00fcber hinaus ist diese Kreuzung f\u00fcr Viele auch der Zugang zu den oberen Parkanlagen (Spielplatz, Weissenburgpark).<br \/>\nDer kleine Platz soll aufgewertet werden, z.B. durch Sitzgelegenheiten und weitere, sch\u00f6ne Bepflanzung.<br \/>\nDie aktuellen Umbauten zur Verkehrsberuhigung Etzelstr. haben zwar den verkehrsberuhigenden und sichernden Aspekt ansatzweise umgesetzt, aber dabei ist die Gestaltung g\u00e4nzlich \u201eunter den Tisch fallen lassen\u201c.<\/p>\n<p>Auf der anderen Seite m\u00fcssen die Einfassungen der Baumbeete seit langem repariert werden. Zur Verbesserung der Aufenthaltsqualit\u00e4t sollen an den Einfassungen B\u00e4nke angebracht werden. Zudem soll das Beet mit Einbeziehung der Anwohner richtig bepflanzt werden.<br \/>\nEs sollte das widerrechtliche Parken auf den Gehfl\u00e4chen verhindert werden.<\/p>\n<p>&nbsp;<\/p>\n<p><strong>Aufwertung B\u00f6blinger Str. zwischen Erwin-Schoettle-Platz und Biehlplatz<\/strong><\/p>\n<p>Die BB-Str. ist im oberen Abschnitt bekannterma\u00dfen nicht fu\u00dfg\u00e4ngerfreundlich und entspricht nicht dem Anspruch eines sch\u00f6nen Stra\u00dfenbildes, das von st\u00e4dtischer Mischfunktion gepr\u00e4gt ist. Mehrere Bauma\u00dfnahmen werden in den n\u00e4chsten Jahren in diesem Abschnitt ebenfalls anstehen. Im Zuge der Bauma\u00dfnahmen werden die betroffenen Stra\u00dfen Abschnitte nach Fertigstellung zumindest erneuert sein. Die Weiterf\u00fchrung der BB-Str. wird dann noch mehr negativ in den Blick r\u00fccken.<br \/>\nDie Verwaltung hatte bereits bei der \u00f6ffentlichen Aussprache im April 2016 einige verbessernde Gestaltungsvorschl\u00e4ge vorgestellt. Dazu geh\u00f6rten z.B., wo m\u00f6glich, die Verbreiterung der Gehwege und eine partielle Neugestaltung der Gr\u00fcnbeete entlang der Au\u00dfenmauer von Hofbr\u00e4u. Eine Aufwertung dieses Bereichs w\u00fcrde eine h\u00f6here Frequentierung durch Fu\u00dfg\u00e4nger mit sich bringen und Heslach insgesamt in der Wohnqualit\u00e4t und im \u00f6ffentlichen Raum aufwerten.<\/p>\n<p>&nbsp;<\/p>\n<p><strong>Spielplatz Wernhaldenpark<\/strong><\/p>\n<p>Der Spielplatz obere Immenhoferstrasse, Rebmannstrasse, Roter Socken Weg, Wernhaldenpark befindet sich im Dornr\u00f6schenschlaf. Kostbarer \u00f6ffentlicher Raum, mit guter Luftqualit\u00e4t (unterhalb Degerlocher Wald) wird suboptimal den B\u00fcrger*Innen zur Verf\u00fcgung gestellt.<\/p>\n<p>Hier befindet sich der einzige gr\u00f6\u00dfere Bolzplatz im S\u00fcden. Beim n\u00e4chsten Bolzplatz Ecke Zeller\/Lehen wurden \u201eK\u00e4fige\u201c in das Spielfeld eingesetzt \u2013 es ist wesentlich verkleinert &#8211; und es kann nicht richtig Fu\u00dfball gespielt werden. Dennoch ist dieser Bolzplatz \u00fcbervoll, die Nachfrage ist also gro\u00df. Erreichbar ist der Platz 5 Minuten aufw\u00e4rts Haltestelle Zellerstrasse.<\/p>\n<p>Es kommen seit letztem Jahr h\u00e4ufiger \u201eFreestyler\u201c und machen Klimmz\u00fcge am Basketballkorb oder an der verrosteten 40 Jahre alten Schaukel. Dieses Terrassenplateau w\u00e4re ausgezeichnet geeignet f\u00fcr Calestenics.<br \/>\nWenn der Platz saniert w\u00e4re, profitieren hier also Jung und Alt und die Menschen, die sich das Fitnessstudio nicht leisten k\u00f6nnen.<\/p>\n<p>&nbsp;<\/p>\n<p>&nbsp;<\/p>\n<p>&nbsp;<\/p>\n<p>&nbsp;<\/p>\n","protected":false},"excerpt":{"rendered":"<p>Parallel zum Doppelhaushalt 2018\/2019 werden auch die Gelder aus der Stadtentwicklungspauschale (STEP) vergeben. Diese STEP-Gelder sind gedacht f\u00fcr Versch\u00f6nerungen des Wohnumfeldes (Pl\u00e4tze, Kreuzungen, Wege usw.) oder f\u00fcr Versch\u00f6nerung von Spielpl\u00e4tzen&#8230;. <\/p>\n","protected":false},"author":2,"featured_media":0,"comment_status":"open","ping_status":"open","sticky":false,"template":"","format":"standard","meta":{"footnotes":""},"categories":[3,15,8],"tags":[],"_links":{"self":[{"href":"https:\/\/gruene-ov-stuttgart.de\/sued\/wp-json\/wp\/v2\/posts\/334"}],"collection":[{"href":"https:\/\/gruene-ov-stuttgart.de\/sued\/wp-json\/wp\/v2\/posts"}],"about":[{"href":"https:\/\/gruene-ov-stuttgart.de\/sued\/wp-json\/wp\/v2\/types\/post"}],"author":[{"embeddable":true,"href":"https:\/\/gruene-ov-stuttgart.de\/sued\/wp-json\/wp\/v2\/users\/2"}],"replies":[{"embeddable":true,"href":"https:\/\/gruene-ov-stuttgart.de\/sued\/wp-json\/wp\/v2\/comments?post=334"}],"version-history":[{"count":4,"href":"https:\/\/gruene-ov-stuttgart.de\/sued\/wp-json\/wp\/v2\/posts\/334\/revisions"}],"predecessor-version":[{"id":338,"href":"https:\/\/gruene-ov-stuttgart.de\/sued\/wp-json\/wp\/v2\/posts\/334\/revisions\/338"}],"wp:attachment":[{"href":"https:\/\/gruene-ov-stuttgart.de\/sued\/wp-json\/wp\/v2\/media?parent=334"}],"wp:term":[{"taxonomy":"category","embeddable":true,"href":"https:\/\/gruene-ov-stuttgart.de\/sued\/wp-json\/wp\/v2\/categories?post=334"},{"taxonomy":"post_tag","embeddable":true,"href":"https:\/\/gruene-ov-stuttgart.de\/sued\/wp-json\/wp\/v2\/tags?post=334"}],"curies":[{"name":"wp","href":"https:\/\/api.w.org\/{rel}","templated":true}]}}