{"id":684,"date":"2020-12-10T15:18:54","date_gmt":"2020-12-10T14:18:54","guid":{"rendered":"http:\/\/gruene-ov-stuttgart.de\/sued\/?p=684"},"modified":"2020-12-10T16:09:26","modified_gmt":"2020-12-10T15:09:26","slug":"infrastruktur-des-marienplatz-nachjustieren","status":"publish","type":"post","link":"https:\/\/gruene-ov-stuttgart.de\/sued\/bezirksbeirat\/infrastruktur-des-marienplatz-nachjustieren\/","title":{"rendered":"Infrastruktur des Marienplatz nachjustieren"},"content":{"rendered":"\n<p>Nach den Erfahrungen des Sommers 2020 mit einer immer intensiveren und teils st\u00f6renden Nutzung des Marienplatz haben mehrere Bezirksbeiratsfraktionen gemeinsam Vorschl\u00e4ge erarbeitet und in den Bezirksbeirat eingebracht, um die Infrastruktur und die Nutzung des beliebtesten Platzes im Stuttgarter S\u00fcden an die ver\u00e4nderten Anforderungen anzupassen. <\/p>\n\n\n\n<p>17 Jahre nach der Inbetriebnahme des neugestalteten Marienplatzes (Freie Planungsgruppe 7) hat sich der Platz zu einem der beliebtesten Aufenthaltsorte der Stadt entwickelt. Die zunehmend intensive Nutzung vor allem durch zahlreiche privat feiernde Gruppen hat die nur sp\u00e4rlich vorhandene Infrastruktur, das Sicherheitsbed\u00fcrfnis und die Toleranz der Anwohner sowie den Wunsch nach Nutzervielfalt in den Sommermonaten deutlich \u00fcberstrapaziert. Die Corona-Situation hat die Defizite noch st\u00e4rker sichtbar gemacht und erfordert f\u00fcr die Sommersaison 2021 deutliche Nachjustierungen.&nbsp;<\/p>\n\n\n\n<p>In Gespr\u00e4chen mit Betroffenen und Akteuren haben sich folgende Bedarfe herauskristallisiert, die hiermit mit gebotener Dringlichkeit an die Verwaltung mit der Bitte um wohlwollende Pr\u00fcfung weitergegeben werden:<\/p>\n\n\n\n<ol type=\"1\"><li>Planung und Errichtung einer kostenlosen station\u00e4ren\u00a0<strong>WC-Anlage<\/strong>\u00a0mit ausreichender Kapazit\u00e4t. <em>Erg\u00e4nzung<\/em>: <em>Eventuell vor\u00fcbergehend die vorhandene Toilette kostenlos machen<\/em>.<\/li><li>Personelle Aufstockung der Mobilen Jugendarbeit (oder anderer Organisationsformen wie der Kommunalen Kriminalpr\u00e4vention) zur Wahrnehmung eines effektiven\u00a0<strong>Streetworking<\/strong>\u00a0unter den Nutzern des Platzes.<\/li><li>Verhinderung der Ruhest\u00f6rung (nach 22 Uhr in Mischgebiet max. 45 dB!) durch Polizei bzw. st\u00e4dtischen Vollzugsdienst, vor allem Unterbindung von nicht genehmigter\u00a0<strong>Musikbeschallung<\/strong>\u00a0aus Verst\u00e4rkeranlagen.<\/li><li>\u00dcberpr\u00fcfung der\u00a0<strong>Beleuchtungssituation<\/strong>\u00a0und gegebenenfalls Entwicklung eines angepassten Konzepts und dessen Umsetzung.<\/li><li>Darstellung der Erfahrungen mit Peer-Konzepten und\u00a0<strong>Mediations-Teams<\/strong>\u00a0(Nutzungskonflikte) mit dem Ziel einvernehmlicher Regelungen und einer \u201ekooperativen Stadtgesellschaft\u201c.<\/li><li>Einrichtung einer\u00a0<strong>\u201eVeranstaltungsgruppe\u201c<\/strong>\u00a0zur Entwicklung eines Jahresplans von punktuellen kulturellen Aktivit\u00e4ten zur vielf\u00e4ltigen Belebung des Platzes.<\/li><\/ol>\n\n\n\n<p><strong>Begr\u00fcndungen:<\/strong><\/p>\n\n\n\n<p>Zu 1: Die einzige (kostenpflichtige) Automatik-WC-Anlage f\u00fcr jeweils 1 Person an der \u201eIbis-Ecke\u201c des Platzes ist weder von der Kapazit\u00e4t her noch durch die mangelnden Akzeptanz bei den Platznutzern geeignet, die Hygiene-Probleme von bis zu 300 Leuten zu l\u00f6sen. Die derzeitige komplette Verlagerung der WC-Problematik auf die Platz-Gastronomie sowie in die Ecken der umliegenden Bebauung ist unzumutbar. Die von der AWS durchgef\u00fchrte Auslastungsuntersuchung der bestehenden Anlage taugt nicht zur Erfassung des tats\u00e4chlichen Bedarfs.<\/p>\n\n\n\n<p>Zu 2: Die infolge der \u201eEckensee-Vorf\u00e4lle\u201c eingesetzten Streetworking-Kapazit\u00e4ten in der City m\u00fcssen angesichts der teilweisen Verlagerung des Geschehens auf den Marienplatz auch hier eingesetzt werden. Die Mobile Jugendarbeit S\u00fcd ist personell nicht in der Lage, diese zus\u00e4tzlichen Aufgaben zu \u00fcbernehmen.<\/p>\n\n\n\n<p>Zu 3: Zur Attraktivit\u00e4t der unerw\u00fcnschten n\u00e4chtlichen Feiern auf dem Marienplatz und damit gleichzeitig zum Hauptst\u00f6rfaktor f\u00fcr die Anwohner geh\u00f6rt die laute Musikbeschallung. Diese ist beim Einsatz entsprechender personeller \u00dcberwachungskapazit\u00e4ten rechtssicher einzugrenzen.<\/p>\n\n\n\n<p>Zu 6: In der Vergangenheit gab es immer wieder attraktive Einzelnutzungen kultureller Art (z.B. Freiluft-Kino, klassische Musik\/Jazz, Theater\/Performance, Kunst im \u00f6ffentlichen Raum), die geeignet waren, tempro\u00e4re Angebote f\u00fcr verschiedenste Zielgruppen zu machen und so zum vielf\u00e4ltigen Charme des Platzes beizutragen. Eine F\u00f6rderung und Koordinierung solcher Aktivit\u00e4ten k\u00f6nnte (mit Hilfe des Bezirksbudgets) durch eine Art \u201ePlatz-Intendanz\u201c in Form einer Veranstaltungsgruppe erfolgen.<\/p>\n\n\n\n<p>Der Antrag wurde am 8.12.2020 interfraktionell von unserer Fraktionen gemeinsam mit den Fraktionen CDU, FDP, FrAktion, PULS sowie SPD eingebracht und einstimmig beschlossen.<br><\/p>\n","protected":false},"excerpt":{"rendered":"<p>Nach den Erfahrungen des Sommers 2020 mit einer immer intensiveren \u2013 teils auch st\u00f6renden \u2013 Nutzung des Marienplatzes haben mehrere Fraktionen des Bezirksbeirats gemeinsam Vorschl\u00e4ge erarbeitet und in den Bezirksbeirat eingebracht, um die Infrastruktur und die Nutzung des beliebtesten Platzes im Stuttgarter S\u00fcden an die ver\u00e4nderten Anforderungen anzupassen. <\/p>\n","protected":false},"author":11,"featured_media":685,"comment_status":"open","ping_status":"open","sticky":false,"template":"","format":"standard","meta":{"footnotes":""},"categories":[3,32,25],"tags":[60,59],"_links":{"self":[{"href":"https:\/\/gruene-ov-stuttgart.de\/sued\/wp-json\/wp\/v2\/posts\/684"}],"collection":[{"href":"https:\/\/gruene-ov-stuttgart.de\/sued\/wp-json\/wp\/v2\/posts"}],"about":[{"href":"https:\/\/gruene-ov-stuttgart.de\/sued\/wp-json\/wp\/v2\/types\/post"}],"author":[{"embeddable":true,"href":"https:\/\/gruene-ov-stuttgart.de\/sued\/wp-json\/wp\/v2\/users\/11"}],"replies":[{"embeddable":true,"href":"https:\/\/gruene-ov-stuttgart.de\/sued\/wp-json\/wp\/v2\/comments?post=684"}],"version-history":[{"count":3,"href":"https:\/\/gruene-ov-stuttgart.de\/sued\/wp-json\/wp\/v2\/posts\/684\/revisions"}],"predecessor-version":[{"id":698,"href":"https:\/\/gruene-ov-stuttgart.de\/sued\/wp-json\/wp\/v2\/posts\/684\/revisions\/698"}],"wp:featuredmedia":[{"embeddable":true,"href":"https:\/\/gruene-ov-stuttgart.de\/sued\/wp-json\/wp\/v2\/media\/685"}],"wp:attachment":[{"href":"https:\/\/gruene-ov-stuttgart.de\/sued\/wp-json\/wp\/v2\/media?parent=684"}],"wp:term":[{"taxonomy":"category","embeddable":true,"href":"https:\/\/gruene-ov-stuttgart.de\/sued\/wp-json\/wp\/v2\/categories?post=684"},{"taxonomy":"post_tag","embeddable":true,"href":"https:\/\/gruene-ov-stuttgart.de\/sued\/wp-json\/wp\/v2\/tags?post=684"}],"curies":[{"name":"wp","href":"https:\/\/api.w.org\/{rel}","templated":true}]}}