{"id":1083,"date":"2023-05-29T15:09:24","date_gmt":"2023-05-29T13:09:24","guid":{"rendered":"https:\/\/gruene-ov-stuttgart.de\/west\/?p=1083"},"modified":"2023-05-29T15:09:26","modified_gmt":"2023-05-29T13:09:26","slug":"gemeinsam-fuer-photovoltaik","status":"publish","type":"post","link":"https:\/\/gruene-ov-stuttgart.de\/west\/gemeinsam-fuer-photovoltaik\/","title":{"rendered":"Gemeinsam f\u00fcr Photovoltaik"},"content":{"rendered":"\n<p>Zusammen mit dem <a href=\"https:\/\/www.bund-stuttgart.de\/\">BUND e.V. Kreisverband Stuttgart<\/a> hat der Ortsverband West von B\u00fcndnis 90\/Die Gr\u00fcnen am 20. Mai 2023 einen Info-Stand am Bismarckplatz angeboten. Der diesmalige Schwerpunkt lag beim Thema Balkonkraftwerke. Hierbei hatten die Gr\u00fcnen umfassend Gelegenheit \u00fcber die bestehenden rechtlichen Aspekten und geplanten politischen Initiativen in der Stadt zu informieren. Die Mitglieder des BUND konnten die Fragen zu den technischen Gegebenheiten und den Umwestaspekten eines Balkonkraftwerks, aber auch dar\u00fcber hinaus f\u00fcr gr\u00f6\u00dferen Photovoltaik-Anlagen beantworten und ausf\u00fchrlich hierzu beraten. Ein besonderes Highlight war das vom BUND e.V. mitgebrachte mobile Balkonkraftwerk. Hier konnten sich die B\u00fcrgerinnen und B\u00fcrger ein eigenes Bild von den Dimensionen und M\u00f6glichkeiten einer PV-Kraftwerks machen.<\/p>\n\n\n\n<p>Mit den vielen guten Gespr\u00e4chen und hilfreichen Anregungen der B\u00fcrgerinnen und B\u00fcrger zu aktuellen Themen war die Aktion f\u00fcr alle Seiten ein Gewinn. Weitere Info-St\u00e4nde sind im zwei-monats Takt geplant und werden rechtzeitig in unserem <a href=\"https:\/\/gruene-ov-stuttgart.de\/west\/veranstaltungen-2\/\">Terminkalender<\/a> angek\u00fcndigt.<\/p>\n\n\n\n<p>Bei Fragen oder anregungen schreiben Sie uns gerne \u00fcber unser <a href=\"https:\/\/gruene-ov-stuttgart.de\/west\/kontakt\/\">Kontaktformular<\/a>.<\/p>\n","protected":false},"excerpt":{"rendered":"<p>Zusammen mit dem BUND e.V. Kreisverband Stuttgart hat der Ortsverband West von B\u00fcndnis 90\/Die Gr\u00fcnen am 20. Mai 2023 einen Info-Stand am Bismarckplatz angeboten. Der diesmalige Schwerpunkt lag beim Thema [&hellip;]<\/p>\n","protected":false},"author":-1,"featured_media":1085,"comment_status":"open","ping_status":"open","sticky":false,"template":"","format":"standard","meta":{"footnotes":"","beyondwords_generate_audio":"","beyondwords_integration_method":"","beyondwords_project_id":"","beyondwords_content_id":"","beyondwords_preview_token":"","beyondwords_player_content":"","beyondwords_player_style":"","beyondwords_language_code":"","beyondwords_language_id":"","beyondwords_title_voice_id":"","beyondwords_body_voice_id":"","beyondwords_summary_voice_id":"","beyondwords_error_message":"","beyondwords_disabled":"","beyondwords_delete_content":"","beyondwords_podcast_id":"","beyondwords_hash":"","publish_post_to_speechkit":"","speechkit_hash":"","speechkit_generate_audio":"","speechkit_project_id":"","speechkit_podcast_id":"","speechkit_error_message":"","speechkit_disabled":"","speechkit_access_key":"","speechkit_error":"","speechkit_info":"","speechkit_response":"","speechkit_retries":"","speechkit_status":"","speechkit_updated_at":"","_speechkit_link":"","_speechkit_text":""},"categories":[1,8,7],"tags":[],"class_list":["post-1083","post","type-post","status-publish","format-standard","has-post-thumbnail","hentry","category-aktuelles","category-impressionen","category-ortsverband"],"yoast_head":"<!-- This site is optimized with the Yoast SEO plugin v27.5 - https:\/\/yoast.com\/product\/yoast-seo-wordpress\/ -->\n<title>Gemeinsam f\u00fcr Photovoltaik - Gr\u00fcne Stuttgart West<\/title>\n<meta name=\"robots\" content=\"index, follow, max-snippet:-1, max-image-preview:large, max-video-preview:-1\" \/>\n<link rel=\"canonical\" href=\"https:\/\/gruene-ov-stuttgart.de\/west\/gemeinsam-fuer-photovoltaik\/\" \/>\n<meta property=\"og:locale\" content=\"de_DE\" \/>\n<meta property=\"og:type\" content=\"article\" \/>\n<meta property=\"og:title\" content=\"Gemeinsam f\u00fcr Photovoltaik - Gr\u00fcne Stuttgart West\" \/>\n<meta property=\"og:description\" content=\"Zusammen mit dem BUND e.V. Kreisverband Stuttgart hat der Ortsverband West von B\u00fcndnis 90\/Die Gr\u00fcnen am 20. Mai 2023 einen Info-Stand am Bismarckplatz angeboten. Der diesmalige Schwerpunkt lag beim Thema [&hellip;]\" \/>\n<meta property=\"og:url\" content=\"https:\/\/gruene-ov-stuttgart.de\/west\/gemeinsam-fuer-photovoltaik\/\" \/>\n<meta property=\"og:site_name\" content=\"Gr\u00fcne Stuttgart West\" \/>\n<meta property=\"article:published_time\" content=\"2023-05-29T13:09:24+00:00\" \/>\n<meta property=\"article:modified_time\" content=\"2023-05-29T13:09:26+00:00\" \/>\n<meta property=\"og:image\" content=\"https:\/\/gruene-ov-stuttgart.de\/west\/wp-content\/uploads\/2023\/05\/image3-scaled.jpeg\" \/>\n\t<meta property=\"og:image:width\" content=\"2560\" \/>\n\t<meta property=\"og:image:height\" content=\"1920\" \/>\n\t<meta property=\"og:image:type\" content=\"image\/jpeg\" \/>\n<meta name=\"author\" content=\"Stefan Lasse\" \/>\n<meta name=\"twitter:card\" content=\"summary_large_image\" \/>\n<script type=\"application\/ld+json\" class=\"yoast-schema-graph\">{\"@context\":\"https:\\\/\\\/schema.org\",\"@graph\":[{\"@type\":\"Article\",\"@id\":\"https:\\\/\\\/gruene-ov-stuttgart.de\\\/west\\\/gemeinsam-fuer-photovoltaik\\\/#article\",\"isPartOf\":{\"@id\":\"https:\\\/\\\/gruene-ov-stuttgart.de\\\/west\\\/gemeinsam-fuer-photovoltaik\\\/\"},\"author\":{\"name\":\"Stefan Lasse\",\"@id\":\"https:\\\/\\\/gruene-ov-stuttgart.de\\\/west\\\/#\\\/schema\\\/person\\\/b862d460087e7b9bc4d06cff084a75d8\"},\"headline\":\"Gemeinsam f\u00fcr Photovoltaik\",\"datePublished\":\"2023-05-29T13:09:24+00:00\",\"dateModified\":\"2023-05-29T13:09:26+00:00\",\"mainEntityOfPage\":{\"@id\":\"https:\\\/\\\/gruene-ov-stuttgart.de\\\/west\\\/gemeinsam-fuer-photovoltaik\\\/\"},\"wordCount\":176,\"commentCount\":0,\"image\":{\"@id\":\"https:\\\/\\\/gruene-ov-stuttgart.de\\\/west\\\/gemeinsam-fuer-photovoltaik\\\/#primaryimage\"},\"thumbnailUrl\":\"https:\\\/\\\/gruene-ov-stuttgart.de\\\/west\\\/wp-content\\\/uploads\\\/2023\\\/05\\\/image3-scaled.jpeg\",\"articleSection\":[\"Aktuelles\",\"Impressionen\",\"Ortsverband\"],\"inLanguage\":\"de\",\"potentialAction\":[{\"@type\":\"CommentAction\",\"name\":\"Comment\",\"target\":[\"https:\\\/\\\/gruene-ov-stuttgart.de\\\/west\\\/gemeinsam-fuer-photovoltaik\\\/#respond\"]}]},{\"@type\":\"WebPage\",\"@id\":\"https:\\\/\\\/gruene-ov-stuttgart.de\\\/west\\\/gemeinsam-fuer-photovoltaik\\\/\",\"url\":\"https:\\\/\\\/gruene-ov-stuttgart.de\\\/west\\\/gemeinsam-fuer-photovoltaik\\\/\",\"name\":\"Gemeinsam f\u00fcr Photovoltaik - Gr\u00fcne Stuttgart West\",\"isPartOf\":{\"@id\":\"https:\\\/\\\/gruene-ov-stuttgart.de\\\/west\\\/#website\"},\"primaryImageOfPage\":{\"@id\":\"https:\\\/\\\/gruene-ov-stuttgart.de\\\/west\\\/gemeinsam-fuer-photovoltaik\\\/#primaryimage\"},\"image\":{\"@id\":\"https:\\\/\\\/gruene-ov-stuttgart.de\\\/west\\\/gemeinsam-fuer-photovoltaik\\\/#primaryimage\"},\"thumbnailUrl\":\"https:\\\/\\\/gruene-ov-stuttgart.de\\\/west\\\/wp-content\\\/uploads\\\/2023\\\/05\\\/image3-scaled.jpeg\",\"datePublished\":\"2023-05-29T13:09:24+00:00\",\"dateModified\":\"2023-05-29T13:09:26+00:00\",\"author\":{\"@id\":\"https:\\\/\\\/gruene-ov-stuttgart.de\\\/west\\\/#\\\/schema\\\/person\\\/b862d460087e7b9bc4d06cff084a75d8\"},\"breadcrumb\":{\"@id\":\"https:\\\/\\\/gruene-ov-stuttgart.de\\\/west\\\/gemeinsam-fuer-photovoltaik\\\/#breadcrumb\"},\"inLanguage\":\"de\",\"potentialAction\":[{\"@type\":\"ReadAction\",\"target\":[\"https:\\\/\\\/gruene-ov-stuttgart.de\\\/west\\\/gemeinsam-fuer-photovoltaik\\\/\"]}]},{\"@type\":\"ImageObject\",\"inLanguage\":\"de\",\"@id\":\"https:\\\/\\\/gruene-ov-stuttgart.de\\\/west\\\/gemeinsam-fuer-photovoltaik\\\/#primaryimage\",\"url\":\"https:\\\/\\\/gruene-ov-stuttgart.de\\\/west\\\/wp-content\\\/uploads\\\/2023\\\/05\\\/image3-scaled.jpeg\",\"contentUrl\":\"https:\\\/\\\/gruene-ov-stuttgart.de\\\/west\\\/wp-content\\\/uploads\\\/2023\\\/05\\\/image3-scaled.jpeg\",\"width\":2560,\"height\":1920},{\"@type\":\"BreadcrumbList\",\"@id\":\"https:\\\/\\\/gruene-ov-stuttgart.de\\\/west\\\/gemeinsam-fuer-photovoltaik\\\/#breadcrumb\",\"itemListElement\":[{\"@type\":\"ListItem\",\"position\":1,\"name\":\"Startseite\",\"item\":\"https:\\\/\\\/gruene-ov-stuttgart.de\\\/west\\\/\"},{\"@type\":\"ListItem\",\"position\":2,\"name\":\"Gemeinsam f\u00fcr Photovoltaik\"}]},{\"@type\":\"WebSite\",\"@id\":\"https:\\\/\\\/gruene-ov-stuttgart.de\\\/west\\\/#website\",\"url\":\"https:\\\/\\\/gruene-ov-stuttgart.de\\\/west\\\/\",\"name\":\"Gr\u00fcne Stuttgart West\",\"description\":\"B\u00fcndnis 90\\\/DIE GR\u00dcNEN im Stuttgarter Westen\",\"potentialAction\":[{\"@type\":\"SearchAction\",\"target\":{\"@type\":\"EntryPoint\",\"urlTemplate\":\"https:\\\/\\\/gruene-ov-stuttgart.de\\\/west\\\/?s={search_term_string}\"},\"query-input\":{\"@type\":\"PropertyValueSpecification\",\"valueRequired\":true,\"valueName\":\"search_term_string\"}}],\"inLanguage\":\"de\"},{\"@type\":\"Person\",\"@id\":\"https:\\\/\\\/gruene-ov-stuttgart.de\\\/west\\\/#\\\/schema\\\/person\\\/b862d460087e7b9bc4d06cff084a75d8\",\"name\":\"Stefan Lasse\",\"image\":{\"@type\":\"ImageObject\",\"inLanguage\":\"de\",\"@id\":\"https:\\\/\\\/secure.gravatar.com\\\/avatar\\\/fb04a2a775efe583f4ea8f912e71808b8703c157698c98059855ccb8779a10af?s=96&d=wavatar&r=g\",\"url\":\"https:\\\/\\\/secure.gravatar.com\\\/avatar\\\/fb04a2a775efe583f4ea8f912e71808b8703c157698c98059855ccb8779a10af?s=96&d=wavatar&r=g\",\"contentUrl\":\"https:\\\/\\\/secure.gravatar.com\\\/avatar\\\/fb04a2a775efe583f4ea8f912e71808b8703c157698c98059855ccb8779a10af?s=96&d=wavatar&r=g\",\"caption\":\"Stefan Lasse\"},\"url\":\"https:\\\/\\\/gruene-ov-stuttgart.de\\\/west\\\/author\\\/stefan-lasse\\\/\"}]}<\/script>\n<!-- \/ Yoast SEO plugin. -->","yoast_head_json":{"title":"Gemeinsam f\u00fcr Photovoltaik - Gr\u00fcne Stuttgart West","robots":{"index":"index","follow":"follow","max-snippet":"max-snippet:-1","max-image-preview":"max-image-preview:large","max-video-preview":"max-video-preview:-1"},"canonical":"https:\/\/gruene-ov-stuttgart.de\/west\/gemeinsam-fuer-photovoltaik\/","og_locale":"de_DE","og_type":"article","og_title":"Gemeinsam f\u00fcr Photovoltaik - Gr\u00fcne Stuttgart West","og_description":"Zusammen mit dem BUND e.V. Kreisverband Stuttgart hat der Ortsverband West von B\u00fcndnis 90\/Die Gr\u00fcnen am 20. Mai 2023 einen Info-Stand am Bismarckplatz angeboten. Der diesmalige Schwerpunkt lag beim Thema [&hellip;]","og_url":"https:\/\/gruene-ov-stuttgart.de\/west\/gemeinsam-fuer-photovoltaik\/","og_site_name":"Gr\u00fcne Stuttgart West","article_published_time":"2023-05-29T13:09:24+00:00","article_modified_time":"2023-05-29T13:09:26+00:00","og_image":[{"width":2560,"height":1920,"url":"https:\/\/gruene-ov-stuttgart.de\/west\/wp-content\/uploads\/2023\/05\/image3-scaled.jpeg","type":"image\/jpeg"}],"author":"Stefan Lasse","twitter_card":"summary_large_image","schema":{"@context":"https:\/\/schema.org","@graph":[{"@type":"Article","@id":"https:\/\/gruene-ov-stuttgart.de\/west\/gemeinsam-fuer-photovoltaik\/#article","isPartOf":{"@id":"https:\/\/gruene-ov-stuttgart.de\/west\/gemeinsam-fuer-photovoltaik\/"},"author":{"name":"Stefan Lasse","@id":"https:\/\/gruene-ov-stuttgart.de\/west\/#\/schema\/person\/b862d460087e7b9bc4d06cff084a75d8"},"headline":"Gemeinsam f\u00fcr Photovoltaik","datePublished":"2023-05-29T13:09:24+00:00","dateModified":"2023-05-29T13:09:26+00:00","mainEntityOfPage":{"@id":"https:\/\/gruene-ov-stuttgart.de\/west\/gemeinsam-fuer-photovoltaik\/"},"wordCount":176,"commentCount":0,"image":{"@id":"https:\/\/gruene-ov-stuttgart.de\/west\/gemeinsam-fuer-photovoltaik\/#primaryimage"},"thumbnailUrl":"https:\/\/gruene-ov-stuttgart.de\/west\/wp-content\/uploads\/2023\/05\/image3-scaled.jpeg","articleSection":["Aktuelles","Impressionen","Ortsverband"],"inLanguage":"de","potentialAction":[{"@type":"CommentAction","name":"Comment","target":["https:\/\/gruene-ov-stuttgart.de\/west\/gemeinsam-fuer-photovoltaik\/#respond"]}]},{"@type":"WebPage","@id":"https:\/\/gruene-ov-stuttgart.de\/west\/gemeinsam-fuer-photovoltaik\/","url":"https:\/\/gruene-ov-stuttgart.de\/west\/gemeinsam-fuer-photovoltaik\/","name":"Gemeinsam f\u00fcr Photovoltaik - Gr\u00fcne Stuttgart West","isPartOf":{"@id":"https:\/\/gruene-ov-stuttgart.de\/west\/#website"},"primaryImageOfPage":{"@id":"https:\/\/gruene-ov-stuttgart.de\/west\/gemeinsam-fuer-photovoltaik\/#primaryimage"},"image":{"@id":"https:\/\/gruene-ov-stuttgart.de\/west\/gemeinsam-fuer-photovoltaik\/#primaryimage"},"thumbnailUrl":"https:\/\/gruene-ov-stuttgart.de\/west\/wp-content\/uploads\/2023\/05\/image3-scaled.jpeg","datePublished":"2023-05-29T13:09:24+00:00","dateModified":"2023-05-29T13:09:26+00:00","author":{"@id":"https:\/\/gruene-ov-stuttgart.de\/west\/#\/schema\/person\/b862d460087e7b9bc4d06cff084a75d8"},"breadcrumb":{"@id":"https:\/\/gruene-ov-stuttgart.de\/west\/gemeinsam-fuer-photovoltaik\/#breadcrumb"},"inLanguage":"de","potentialAction":[{"@type":"ReadAction","target":["https:\/\/gruene-ov-stuttgart.de\/west\/gemeinsam-fuer-photovoltaik\/"]}]},{"@type":"ImageObject","inLanguage":"de","@id":"https:\/\/gruene-ov-stuttgart.de\/west\/gemeinsam-fuer-photovoltaik\/#primaryimage","url":"https:\/\/gruene-ov-stuttgart.de\/west\/wp-content\/uploads\/2023\/05\/image3-scaled.jpeg","contentUrl":"https:\/\/gruene-ov-stuttgart.de\/west\/wp-content\/uploads\/2023\/05\/image3-scaled.jpeg","width":2560,"height":1920},{"@type":"BreadcrumbList","@id":"https:\/\/gruene-ov-stuttgart.de\/west\/gemeinsam-fuer-photovoltaik\/#breadcrumb","itemListElement":[{"@type":"ListItem","position":1,"name":"Startseite","item":"https:\/\/gruene-ov-stuttgart.de\/west\/"},{"@type":"ListItem","position":2,"name":"Gemeinsam f\u00fcr Photovoltaik"}]},{"@type":"WebSite","@id":"https:\/\/gruene-ov-stuttgart.de\/west\/#website","url":"https:\/\/gruene-ov-stuttgart.de\/west\/","name":"Gr\u00fcne Stuttgart West","description":"B\u00fcndnis 90\/DIE GR\u00dcNEN im Stuttgarter Westen","potentialAction":[{"@type":"SearchAction","target":{"@type":"EntryPoint","urlTemplate":"https:\/\/gruene-ov-stuttgart.de\/west\/?s={search_term_string}"},"query-input":{"@type":"PropertyValueSpecification","valueRequired":true,"valueName":"search_term_string"}}],"inLanguage":"de"},{"@type":"Person","@id":"https:\/\/gruene-ov-stuttgart.de\/west\/#\/schema\/person\/b862d460087e7b9bc4d06cff084a75d8","name":"Stefan Lasse","image":{"@type":"ImageObject","inLanguage":"de","@id":"https:\/\/secure.gravatar.com\/avatar\/fb04a2a775efe583f4ea8f912e71808b8703c157698c98059855ccb8779a10af?s=96&d=wavatar&r=g","url":"https:\/\/secure.gravatar.com\/avatar\/fb04a2a775efe583f4ea8f912e71808b8703c157698c98059855ccb8779a10af?s=96&d=wavatar&r=g","contentUrl":"https:\/\/secure.gravatar.com\/avatar\/fb04a2a775efe583f4ea8f912e71808b8703c157698c98059855ccb8779a10af?s=96&d=wavatar&r=g","caption":"Stefan Lasse"},"url":"https:\/\/gruene-ov-stuttgart.de\/west\/author\/stefan-lasse\/"}]}},"_links":{"self":[{"href":"https:\/\/gruene-ov-stuttgart.de\/west\/wp-json\/wp\/v2\/posts\/1083","targetHints":{"allow":["GET"]}}],"collection":[{"href":"https:\/\/gruene-ov-stuttgart.de\/west\/wp-json\/wp\/v2\/posts"}],"about":[{"href":"https:\/\/gruene-ov-stuttgart.de\/west\/wp-json\/wp\/v2\/types\/post"}],"author":[{"embeddable":true,"href":"https:\/\/gruene-ov-stuttgart.de\/west\/wp-json\/wp\/v2\/users\/14"}],"replies":[{"embeddable":true,"href":"https:\/\/gruene-ov-stuttgart.de\/west\/wp-json\/wp\/v2\/comments?post=1083"}],"version-history":[{"count":3,"href":"https:\/\/gruene-ov-stuttgart.de\/west\/wp-json\/wp\/v2\/posts\/1083\/revisions"}],"predecessor-version":[{"id":1087,"href":"https:\/\/gruene-ov-stuttgart.de\/west\/wp-json\/wp\/v2\/posts\/1083\/revisions\/1087"}],"wp:featuredmedia":[{"embeddable":true,"href":"https:\/\/gruene-ov-stuttgart.de\/west\/wp-json\/wp\/v2\/media\/1085"}],"wp:attachment":[{"href":"https:\/\/gruene-ov-stuttgart.de\/west\/wp-json\/wp\/v2\/media?parent=1083"}],"wp:term":[{"taxonomy":"category","embeddable":true,"href":"https:\/\/gruene-ov-stuttgart.de\/west\/wp-json\/wp\/v2\/categories?post=1083"},{"taxonomy":"post_tag","embeddable":true,"href":"https:\/\/gruene-ov-stuttgart.de\/west\/wp-json\/wp\/v2\/tags?post=1083"}],"curies":[{"name":"wp","href":"https:\/\/api.w.org\/{rel}","templated":true}]}}