{"id":1555,"date":"2024-02-17T10:22:50","date_gmt":"2024-02-17T09:22:50","guid":{"rendered":"https:\/\/gruene-ov-stuttgart.de\/west\/?p=1555"},"modified":"2024-02-23T14:41:44","modified_gmt":"2024-02-23T13:41:44","slug":"startschuss-fuer-den-superblock-augustenstrasse","status":"publish","type":"post","link":"https:\/\/gruene-ov-stuttgart.de\/west\/startschuss-fuer-den-superblock-augustenstrasse\/","title":{"rendered":"Startschuss f\u00fcr den Superblock Augustenstra\u00dfe"},"content":{"rendered":"\n<p>Seit einiger Zeit stehen die ersten Schilder des Tiefbauamtes in der Augustenstra\u00dfe, und im Januar haben  die Vorarbeiten zur Einrichtung des geplanten Superblocks begonnen. Nach Abschluss der Vorarbeiten zur Einrichtung im April 2024 soll f\u00fcr 18 Monate der Superblock zun\u00e4chst als Verkehrsversuch laufen. Der Verkehrsversuch wird gutachterlich und wissenschaftlich begleitet und evaluiert.<\/p>\n\n\n\n<p>Wir freuen uns, dass der Superblock, urspr\u00fcnglich aus einer Initiative der Nachbarschaft entstanden, nun endlich umgesetzt wird! Viele weitere Informationen haben wir euch auf unserer <a href=\"https:\/\/gruene-ov-stuttgart.de\/west\/gruen-wirkt\/die-augustenstrasse-wird-zum-superblock\/\">Themenseite <\/a>zusammengefasst.<\/p>\n\n\n\n<p>Wird es dort laut? Kann ich mein Haus und meine Weinhandlung noch mit dem Auto erreichen? Was machen die M\u00fcllfahrzeuge? Bleibt das f\u00fcr immer? Diese und viele weitere Fragen beantwortet die Stadt Stuttgart auf ihrer <a href=\"https:\/\/www.stuttgart-meine-stadt.de\/faq-superblock\/\" target=\"_blank\" rel=\"noreferrer noopener\">FAQ-Seite zum Projekt<\/a>. <\/p>\n\n\n\n<p>Ihr habt noch weitere Fragen, wollt uns Feedback zur Planung geben oder direkt ein Stra\u00dfenfest organisieren? Sprecht uns gern an: auf unserem ersten Infostand am Vormittag des 2.3.2023 auf dem Bismarckplatz! <\/p>\n\n\n\n<p><\/p>\n","protected":false},"excerpt":{"rendered":"<p>Seit einiger Zeit stehen die ersten Schilder des Tiefbauamtes in der Augustenstra\u00dfe, und im Januar haben die Vorarbeiten zur Einrichtung des geplanten Superblocks begonnen. Nach Abschluss der Vorarbeiten zur Einrichtung [&hellip;]<\/p>\n","protected":false},"author":-1,"featured_media":1556,"comment_status":"open","ping_status":"open","sticky":false,"template":"","format":"standard","meta":{"footnotes":"","beyondwords_generate_audio":"","beyondwords_integration_method":"","beyondwords_project_id":"","beyondwords_content_id":"","beyondwords_preview_token":"","beyondwords_player_content":"","beyondwords_player_style":"","beyondwords_language_code":"","beyondwords_language_id":"","beyondwords_title_voice_id":"","beyondwords_body_voice_id":"","beyondwords_summary_voice_id":"","beyondwords_error_message":"","beyondwords_disabled":"","beyondwords_delete_content":"","beyondwords_podcast_id":"","beyondwords_hash":"","publish_post_to_speechkit":"","speechkit_hash":"","speechkit_generate_audio":"","speechkit_project_id":"","speechkit_podcast_id":"","speechkit_error_message":"","speechkit_disabled":"","speechkit_access_key":"","speechkit_error":"","speechkit_info":"","speechkit_response":"","speechkit_retries":"","speechkit_status":"","speechkit_updated_at":"","_speechkit_link":"","_speechkit_text":""},"categories":[1,10,11],"tags":[],"class_list":["post-1555","post","type-post","status-publish","format-standard","has-post-thumbnail","hentry","category-aktuelles","category-bezirksbeirat","category-gruen-wirkt"],"yoast_head":"<!-- This site is optimized with the Yoast SEO plugin v27.5 - https:\/\/yoast.com\/product\/yoast-seo-wordpress\/ -->\n<title>Startschuss f\u00fcr den Superblock Augustenstra\u00dfe - Gr\u00fcne Stuttgart West<\/title>\n<meta name=\"robots\" content=\"index, follow, max-snippet:-1, max-image-preview:large, max-video-preview:-1\" \/>\n<link rel=\"canonical\" href=\"https:\/\/gruene-ov-stuttgart.de\/west\/startschuss-fuer-den-superblock-augustenstrasse\/\" \/>\n<meta property=\"og:locale\" content=\"de_DE\" \/>\n<meta property=\"og:type\" content=\"article\" \/>\n<meta property=\"og:title\" content=\"Startschuss f\u00fcr den Superblock Augustenstra\u00dfe - Gr\u00fcne Stuttgart West\" \/>\n<meta property=\"og:description\" content=\"Seit einiger Zeit stehen die ersten Schilder des Tiefbauamtes in der Augustenstra\u00dfe, und im Januar haben die Vorarbeiten zur Einrichtung des geplanten Superblocks begonnen. Nach Abschluss der Vorarbeiten zur Einrichtung [&hellip;]\" \/>\n<meta property=\"og:url\" content=\"https:\/\/gruene-ov-stuttgart.de\/west\/startschuss-fuer-den-superblock-augustenstrasse\/\" \/>\n<meta property=\"og:site_name\" content=\"Gr\u00fcne Stuttgart West\" \/>\n<meta property=\"article:published_time\" content=\"2024-02-17T09:22:50+00:00\" \/>\n<meta property=\"article:modified_time\" content=\"2024-02-23T13:41:44+00:00\" \/>\n<meta property=\"og:image\" content=\"https:\/\/gruene-ov-stuttgart.de\/west\/wp-content\/uploads\/2024\/02\/Superblock-Plakat.jpeg\" \/>\n\t<meta property=\"og:image:width\" content=\"1450\" \/>\n\t<meta property=\"og:image:height\" content=\"2048\" \/>\n\t<meta property=\"og:image:type\" content=\"image\/jpeg\" \/>\n<meta name=\"author\" content=\"Nadine Ulrich\" \/>\n<meta name=\"twitter:card\" content=\"summary_large_image\" \/>\n<script type=\"application\/ld+json\" class=\"yoast-schema-graph\">{\"@context\":\"https:\\\/\\\/schema.org\",\"@graph\":[{\"@type\":\"Article\",\"@id\":\"https:\\\/\\\/gruene-ov-stuttgart.de\\\/west\\\/startschuss-fuer-den-superblock-augustenstrasse\\\/#article\",\"isPartOf\":{\"@id\":\"https:\\\/\\\/gruene-ov-stuttgart.de\\\/west\\\/startschuss-fuer-den-superblock-augustenstrasse\\\/\"},\"author\":{\"name\":\"Nadine Ulrich\",\"@id\":\"https:\\\/\\\/gruene-ov-stuttgart.de\\\/west\\\/#\\\/schema\\\/person\\\/2a672d01b1b433d13f731ec10c30c607\"},\"headline\":\"Startschuss f\u00fcr den Superblock Augustenstra\u00dfe\",\"datePublished\":\"2024-02-17T09:22:50+00:00\",\"dateModified\":\"2024-02-23T13:41:44+00:00\",\"mainEntityOfPage\":{\"@id\":\"https:\\\/\\\/gruene-ov-stuttgart.de\\\/west\\\/startschuss-fuer-den-superblock-augustenstrasse\\\/\"},\"wordCount\":159,\"commentCount\":0,\"image\":{\"@id\":\"https:\\\/\\\/gruene-ov-stuttgart.de\\\/west\\\/startschuss-fuer-den-superblock-augustenstrasse\\\/#primaryimage\"},\"thumbnailUrl\":\"https:\\\/\\\/gruene-ov-stuttgart.de\\\/west\\\/wp-content\\\/uploads\\\/2024\\\/02\\\/Superblock-Plakat.jpeg\",\"articleSection\":[\"Aktuelles\",\"Bezirksbeirat\",\"Gr\u00fcn wirkt!\"],\"inLanguage\":\"de\",\"potentialAction\":[{\"@type\":\"CommentAction\",\"name\":\"Comment\",\"target\":[\"https:\\\/\\\/gruene-ov-stuttgart.de\\\/west\\\/startschuss-fuer-den-superblock-augustenstrasse\\\/#respond\"]}]},{\"@type\":\"WebPage\",\"@id\":\"https:\\\/\\\/gruene-ov-stuttgart.de\\\/west\\\/startschuss-fuer-den-superblock-augustenstrasse\\\/\",\"url\":\"https:\\\/\\\/gruene-ov-stuttgart.de\\\/west\\\/startschuss-fuer-den-superblock-augustenstrasse\\\/\",\"name\":\"Startschuss f\u00fcr den Superblock Augustenstra\u00dfe - Gr\u00fcne Stuttgart West\",\"isPartOf\":{\"@id\":\"https:\\\/\\\/gruene-ov-stuttgart.de\\\/west\\\/#website\"},\"primaryImageOfPage\":{\"@id\":\"https:\\\/\\\/gruene-ov-stuttgart.de\\\/west\\\/startschuss-fuer-den-superblock-augustenstrasse\\\/#primaryimage\"},\"image\":{\"@id\":\"https:\\\/\\\/gruene-ov-stuttgart.de\\\/west\\\/startschuss-fuer-den-superblock-augustenstrasse\\\/#primaryimage\"},\"thumbnailUrl\":\"https:\\\/\\\/gruene-ov-stuttgart.de\\\/west\\\/wp-content\\\/uploads\\\/2024\\\/02\\\/Superblock-Plakat.jpeg\",\"datePublished\":\"2024-02-17T09:22:50+00:00\",\"dateModified\":\"2024-02-23T13:41:44+00:00\",\"author\":{\"@id\":\"https:\\\/\\\/gruene-ov-stuttgart.de\\\/west\\\/#\\\/schema\\\/person\\\/2a672d01b1b433d13f731ec10c30c607\"},\"breadcrumb\":{\"@id\":\"https:\\\/\\\/gruene-ov-stuttgart.de\\\/west\\\/startschuss-fuer-den-superblock-augustenstrasse\\\/#breadcrumb\"},\"inLanguage\":\"de\",\"potentialAction\":[{\"@type\":\"ReadAction\",\"target\":[\"https:\\\/\\\/gruene-ov-stuttgart.de\\\/west\\\/startschuss-fuer-den-superblock-augustenstrasse\\\/\"]}]},{\"@type\":\"ImageObject\",\"inLanguage\":\"de\",\"@id\":\"https:\\\/\\\/gruene-ov-stuttgart.de\\\/west\\\/startschuss-fuer-den-superblock-augustenstrasse\\\/#primaryimage\",\"url\":\"https:\\\/\\\/gruene-ov-stuttgart.de\\\/west\\\/wp-content\\\/uploads\\\/2024\\\/02\\\/Superblock-Plakat.jpeg\",\"contentUrl\":\"https:\\\/\\\/gruene-ov-stuttgart.de\\\/west\\\/wp-content\\\/uploads\\\/2024\\\/02\\\/Superblock-Plakat.jpeg\",\"width\":1450,\"height\":2048},{\"@type\":\"BreadcrumbList\",\"@id\":\"https:\\\/\\\/gruene-ov-stuttgart.de\\\/west\\\/startschuss-fuer-den-superblock-augustenstrasse\\\/#breadcrumb\",\"itemListElement\":[{\"@type\":\"ListItem\",\"position\":1,\"name\":\"Startseite\",\"item\":\"https:\\\/\\\/gruene-ov-stuttgart.de\\\/west\\\/\"},{\"@type\":\"ListItem\",\"position\":2,\"name\":\"Startschuss f\u00fcr den Superblock Augustenstra\u00dfe\"}]},{\"@type\":\"WebSite\",\"@id\":\"https:\\\/\\\/gruene-ov-stuttgart.de\\\/west\\\/#website\",\"url\":\"https:\\\/\\\/gruene-ov-stuttgart.de\\\/west\\\/\",\"name\":\"Gr\u00fcne Stuttgart West\",\"description\":\"B\u00fcndnis 90\\\/DIE GR\u00dcNEN im Stuttgarter Westen\",\"potentialAction\":[{\"@type\":\"SearchAction\",\"target\":{\"@type\":\"EntryPoint\",\"urlTemplate\":\"https:\\\/\\\/gruene-ov-stuttgart.de\\\/west\\\/?s={search_term_string}\"},\"query-input\":{\"@type\":\"PropertyValueSpecification\",\"valueRequired\":true,\"valueName\":\"search_term_string\"}}],\"inLanguage\":\"de\"},{\"@type\":\"Person\",\"@id\":\"https:\\\/\\\/gruene-ov-stuttgart.de\\\/west\\\/#\\\/schema\\\/person\\\/2a672d01b1b433d13f731ec10c30c607\",\"name\":\"Nadine Ulrich\",\"image\":{\"@type\":\"ImageObject\",\"inLanguage\":\"de\",\"@id\":\"https:\\\/\\\/secure.gravatar.com\\\/avatar\\\/fe5f5ea9cfe9b6a0f4ccf5d719f7623ba41f80a8630280fbc887b66d408c9916?s=96&d=wavatar&r=g\",\"url\":\"https:\\\/\\\/secure.gravatar.com\\\/avatar\\\/fe5f5ea9cfe9b6a0f4ccf5d719f7623ba41f80a8630280fbc887b66d408c9916?s=96&d=wavatar&r=g\",\"contentUrl\":\"https:\\\/\\\/secure.gravatar.com\\\/avatar\\\/fe5f5ea9cfe9b6a0f4ccf5d719f7623ba41f80a8630280fbc887b66d408c9916?s=96&d=wavatar&r=g\",\"caption\":\"Nadine Ulrich\"},\"url\":\"https:\\\/\\\/gruene-ov-stuttgart.de\\\/west\\\/author\\\/nadine-ulrich\\\/\"}]}<\/script>\n<!-- \/ Yoast SEO plugin. -->","yoast_head_json":{"title":"Startschuss f\u00fcr den Superblock Augustenstra\u00dfe - Gr\u00fcne Stuttgart West","robots":{"index":"index","follow":"follow","max-snippet":"max-snippet:-1","max-image-preview":"max-image-preview:large","max-video-preview":"max-video-preview:-1"},"canonical":"https:\/\/gruene-ov-stuttgart.de\/west\/startschuss-fuer-den-superblock-augustenstrasse\/","og_locale":"de_DE","og_type":"article","og_title":"Startschuss f\u00fcr den Superblock Augustenstra\u00dfe - Gr\u00fcne Stuttgart West","og_description":"Seit einiger Zeit stehen die ersten Schilder des Tiefbauamtes in der Augustenstra\u00dfe, und im Januar haben die Vorarbeiten zur Einrichtung des geplanten Superblocks begonnen. Nach Abschluss der Vorarbeiten zur Einrichtung [&hellip;]","og_url":"https:\/\/gruene-ov-stuttgart.de\/west\/startschuss-fuer-den-superblock-augustenstrasse\/","og_site_name":"Gr\u00fcne Stuttgart West","article_published_time":"2024-02-17T09:22:50+00:00","article_modified_time":"2024-02-23T13:41:44+00:00","og_image":[{"width":1450,"height":2048,"url":"https:\/\/gruene-ov-stuttgart.de\/west\/wp-content\/uploads\/2024\/02\/Superblock-Plakat.jpeg","type":"image\/jpeg"}],"author":"Nadine Ulrich","twitter_card":"summary_large_image","schema":{"@context":"https:\/\/schema.org","@graph":[{"@type":"Article","@id":"https:\/\/gruene-ov-stuttgart.de\/west\/startschuss-fuer-den-superblock-augustenstrasse\/#article","isPartOf":{"@id":"https:\/\/gruene-ov-stuttgart.de\/west\/startschuss-fuer-den-superblock-augustenstrasse\/"},"author":{"name":"Nadine Ulrich","@id":"https:\/\/gruene-ov-stuttgart.de\/west\/#\/schema\/person\/2a672d01b1b433d13f731ec10c30c607"},"headline":"Startschuss f\u00fcr den Superblock Augustenstra\u00dfe","datePublished":"2024-02-17T09:22:50+00:00","dateModified":"2024-02-23T13:41:44+00:00","mainEntityOfPage":{"@id":"https:\/\/gruene-ov-stuttgart.de\/west\/startschuss-fuer-den-superblock-augustenstrasse\/"},"wordCount":159,"commentCount":0,"image":{"@id":"https:\/\/gruene-ov-stuttgart.de\/west\/startschuss-fuer-den-superblock-augustenstrasse\/#primaryimage"},"thumbnailUrl":"https:\/\/gruene-ov-stuttgart.de\/west\/wp-content\/uploads\/2024\/02\/Superblock-Plakat.jpeg","articleSection":["Aktuelles","Bezirksbeirat","Gr\u00fcn wirkt!"],"inLanguage":"de","potentialAction":[{"@type":"CommentAction","name":"Comment","target":["https:\/\/gruene-ov-stuttgart.de\/west\/startschuss-fuer-den-superblock-augustenstrasse\/#respond"]}]},{"@type":"WebPage","@id":"https:\/\/gruene-ov-stuttgart.de\/west\/startschuss-fuer-den-superblock-augustenstrasse\/","url":"https:\/\/gruene-ov-stuttgart.de\/west\/startschuss-fuer-den-superblock-augustenstrasse\/","name":"Startschuss f\u00fcr den Superblock Augustenstra\u00dfe - Gr\u00fcne Stuttgart West","isPartOf":{"@id":"https:\/\/gruene-ov-stuttgart.de\/west\/#website"},"primaryImageOfPage":{"@id":"https:\/\/gruene-ov-stuttgart.de\/west\/startschuss-fuer-den-superblock-augustenstrasse\/#primaryimage"},"image":{"@id":"https:\/\/gruene-ov-stuttgart.de\/west\/startschuss-fuer-den-superblock-augustenstrasse\/#primaryimage"},"thumbnailUrl":"https:\/\/gruene-ov-stuttgart.de\/west\/wp-content\/uploads\/2024\/02\/Superblock-Plakat.jpeg","datePublished":"2024-02-17T09:22:50+00:00","dateModified":"2024-02-23T13:41:44+00:00","author":{"@id":"https:\/\/gruene-ov-stuttgart.de\/west\/#\/schema\/person\/2a672d01b1b433d13f731ec10c30c607"},"breadcrumb":{"@id":"https:\/\/gruene-ov-stuttgart.de\/west\/startschuss-fuer-den-superblock-augustenstrasse\/#breadcrumb"},"inLanguage":"de","potentialAction":[{"@type":"ReadAction","target":["https:\/\/gruene-ov-stuttgart.de\/west\/startschuss-fuer-den-superblock-augustenstrasse\/"]}]},{"@type":"ImageObject","inLanguage":"de","@id":"https:\/\/gruene-ov-stuttgart.de\/west\/startschuss-fuer-den-superblock-augustenstrasse\/#primaryimage","url":"https:\/\/gruene-ov-stuttgart.de\/west\/wp-content\/uploads\/2024\/02\/Superblock-Plakat.jpeg","contentUrl":"https:\/\/gruene-ov-stuttgart.de\/west\/wp-content\/uploads\/2024\/02\/Superblock-Plakat.jpeg","width":1450,"height":2048},{"@type":"BreadcrumbList","@id":"https:\/\/gruene-ov-stuttgart.de\/west\/startschuss-fuer-den-superblock-augustenstrasse\/#breadcrumb","itemListElement":[{"@type":"ListItem","position":1,"name":"Startseite","item":"https:\/\/gruene-ov-stuttgart.de\/west\/"},{"@type":"ListItem","position":2,"name":"Startschuss f\u00fcr den Superblock Augustenstra\u00dfe"}]},{"@type":"WebSite","@id":"https:\/\/gruene-ov-stuttgart.de\/west\/#website","url":"https:\/\/gruene-ov-stuttgart.de\/west\/","name":"Gr\u00fcne Stuttgart West","description":"B\u00fcndnis 90\/DIE GR\u00dcNEN im Stuttgarter Westen","potentialAction":[{"@type":"SearchAction","target":{"@type":"EntryPoint","urlTemplate":"https:\/\/gruene-ov-stuttgart.de\/west\/?s={search_term_string}"},"query-input":{"@type":"PropertyValueSpecification","valueRequired":true,"valueName":"search_term_string"}}],"inLanguage":"de"},{"@type":"Person","@id":"https:\/\/gruene-ov-stuttgart.de\/west\/#\/schema\/person\/2a672d01b1b433d13f731ec10c30c607","name":"Nadine Ulrich","image":{"@type":"ImageObject","inLanguage":"de","@id":"https:\/\/secure.gravatar.com\/avatar\/fe5f5ea9cfe9b6a0f4ccf5d719f7623ba41f80a8630280fbc887b66d408c9916?s=96&d=wavatar&r=g","url":"https:\/\/secure.gravatar.com\/avatar\/fe5f5ea9cfe9b6a0f4ccf5d719f7623ba41f80a8630280fbc887b66d408c9916?s=96&d=wavatar&r=g","contentUrl":"https:\/\/secure.gravatar.com\/avatar\/fe5f5ea9cfe9b6a0f4ccf5d719f7623ba41f80a8630280fbc887b66d408c9916?s=96&d=wavatar&r=g","caption":"Nadine Ulrich"},"url":"https:\/\/gruene-ov-stuttgart.de\/west\/author\/nadine-ulrich\/"}]}},"_links":{"self":[{"href":"https:\/\/gruene-ov-stuttgart.de\/west\/wp-json\/wp\/v2\/posts\/1555","targetHints":{"allow":["GET"]}}],"collection":[{"href":"https:\/\/gruene-ov-stuttgart.de\/west\/wp-json\/wp\/v2\/posts"}],"about":[{"href":"https:\/\/gruene-ov-stuttgart.de\/west\/wp-json\/wp\/v2\/types\/post"}],"author":[{"embeddable":true,"href":"https:\/\/gruene-ov-stuttgart.de\/west\/wp-json\/wp\/v2\/users\/18"}],"replies":[{"embeddable":true,"href":"https:\/\/gruene-ov-stuttgart.de\/west\/wp-json\/wp\/v2\/comments?post=1555"}],"version-history":[{"count":2,"href":"https:\/\/gruene-ov-stuttgart.de\/west\/wp-json\/wp\/v2\/posts\/1555\/revisions"}],"predecessor-version":[{"id":1559,"href":"https:\/\/gruene-ov-stuttgart.de\/west\/wp-json\/wp\/v2\/posts\/1555\/revisions\/1559"}],"wp:featuredmedia":[{"embeddable":true,"href":"https:\/\/gruene-ov-stuttgart.de\/west\/wp-json\/wp\/v2\/media\/1556"}],"wp:attachment":[{"href":"https:\/\/gruene-ov-stuttgart.de\/west\/wp-json\/wp\/v2\/media?parent=1555"}],"wp:term":[{"taxonomy":"category","embeddable":true,"href":"https:\/\/gruene-ov-stuttgart.de\/west\/wp-json\/wp\/v2\/categories?post=1555"},{"taxonomy":"post_tag","embeddable":true,"href":"https:\/\/gruene-ov-stuttgart.de\/west\/wp-json\/wp\/v2\/tags?post=1555"}],"curies":[{"name":"wp","href":"https:\/\/api.w.org\/{rel}","templated":true}]}}