{"id":1561,"date":"2024-02-23T14:34:04","date_gmt":"2024-02-23T13:34:04","guid":{"rendered":"https:\/\/gruene-ov-stuttgart.de\/west\/?p=1561"},"modified":"2024-02-23T14:40:40","modified_gmt":"2024-02-23T13:40:40","slug":"gruen-wirkt-auch-in-deiner-nachbarschaft","status":"publish","type":"post","link":"https:\/\/gruene-ov-stuttgart.de\/west\/gruen-wirkt-auch-in-deiner-nachbarschaft\/","title":{"rendered":"Gr\u00fcn wirkt: Auch in deiner Nachbarschaft!"},"content":{"rendered":"\n<p>Seit der letzten Kommunalwahl 2019 stellt B\u00fcndnis 90 \/ Die Gr\u00fcnen mit sieben Sitzen die st\u00e4rke Fraktion im Bezirksbeirat Stuttgart-West. Mit eurer starken Unterst\u00fctzung konnten wir viele tolle Projekte umsetzen &#8211; vom Abendmarkt \u00fcber Schw\u00e4tzb\u00e4nkle bis zu den Stuttgarter Ecken und neuen Pl\u00e4tzen. <\/p>\n\n\n\n<div class=\"wp-block-media-text is-stacked-on-mobile\" style=\"grid-template-columns:39% auto\"><figure class=\"wp-block-media-text__media\"><a href=\"https:\/\/gruene-ov-stuttgart.de\/west\/gruen-wirkt\/\"><img loading=\"lazy\" decoding=\"async\" width=\"800\" height=\"492\" src=\"https:\/\/gruene-ov-stuttgart.de\/west\/wp-content\/uploads\/2024\/02\/Gruen-Wirkt-800x492.jpg\" alt=\"\" class=\"wp-image-1562 size-full\" srcset=\"https:\/\/gruene-ov-stuttgart.de\/west\/wp-content\/uploads\/2024\/02\/Gruen-Wirkt-800x492.jpg 800w, https:\/\/gruene-ov-stuttgart.de\/west\/wp-content\/uploads\/2024\/02\/Gruen-Wirkt-400x246.jpg 400w, https:\/\/gruene-ov-stuttgart.de\/west\/wp-content\/uploads\/2024\/02\/Gruen-Wirkt-768x472.jpg 768w, https:\/\/gruene-ov-stuttgart.de\/west\/wp-content\/uploads\/2024\/02\/Gruen-Wirkt.jpg 1117w\" sizes=\"auto, (max-width: 800px) 100vw, 800px\" \/><\/a><\/figure><div class=\"wp-block-media-text__content\">\n<p>Gleichzeitig haben wir noch viele neue Ideen: angefangen beim Superblock Augustenstra\u00dfe \u00fcber einen inklusiven Spielplatz bis hin zu mehr bezahlbarem Wohnraum im Westen wollen wir uns weiter f\u00fcr einen vielf\u00e4ltigen b\u00fcrgerfreundlichen Stadtteil einsetzen. Auf unserer <a href=\"https:\/\/gruene-ov-stuttgart.de\/west\/gruen-wirkt\/\">&#8222;Gr\u00fcn wirkt!&#8220;-Karte<\/a> k\u00f6nnt ihr sehen, was in eurer Nachbarschaft bereits umgesetzt wurde &#8211; und was auf unserer Agenda steht.<\/p>\n<\/div><\/div>\n\n\n\n<p>Ihr habt noch mehr Ideen? Wunderbar! <a href=\"https:\/\/gruene-ov-stuttgart.de\/west\/kontakt\/\">Schickt sie uns <\/a>und bringt euch ein, wir freuen uns auf euch!<\/p>\n","protected":false},"excerpt":{"rendered":"<p>Seit der letzten Kommunalwahl 2019 stellt B\u00fcndnis 90 \/ Die Gr\u00fcnen mit sieben Sitzen die st\u00e4rke Fraktion im Bezirksbeirat Stuttgart-West. Mit eurer starken Unterst\u00fctzung konnten wir viele tolle Projekte umsetzen [&hellip;]<\/p>\n","protected":false},"author":-1,"featured_media":1562,"comment_status":"open","ping_status":"open","sticky":false,"template":"","format":"standard","meta":{"footnotes":"","beyondwords_generate_audio":"","beyondwords_integration_method":"","beyondwords_project_id":"","beyondwords_content_id":"","beyondwords_preview_token":"","beyondwords_player_content":"","beyondwords_player_style":"","beyondwords_language_code":"","beyondwords_language_id":"","beyondwords_title_voice_id":"","beyondwords_body_voice_id":"","beyondwords_summary_voice_id":"","beyondwords_error_message":"","beyondwords_disabled":"","beyondwords_delete_content":"","beyondwords_podcast_id":"","beyondwords_hash":"","publish_post_to_speechkit":"","speechkit_hash":"","speechkit_generate_audio":"","speechkit_project_id":"","speechkit_podcast_id":"","speechkit_error_message":"","speechkit_disabled":"","speechkit_access_key":"","speechkit_error":"","speechkit_info":"","speechkit_response":"","speechkit_retries":"","speechkit_status":"","speechkit_updated_at":"","_speechkit_link":"","_speechkit_text":""},"categories":[1,10,11,8,7,9],"tags":[],"class_list":["post-1561","post","type-post","status-publish","format-standard","has-post-thumbnail","hentry","category-aktuelles","category-bezirksbeirat","category-gruen-wirkt","category-impressionen","category-ortsverband","category-positionen"],"yoast_head":"<!-- This site is optimized with the Yoast SEO plugin v27.5 - https:\/\/yoast.com\/product\/yoast-seo-wordpress\/ -->\n<title>Gr\u00fcn wirkt: Auch in deiner Nachbarschaft! - Gr\u00fcne Stuttgart West<\/title>\n<meta name=\"robots\" content=\"index, follow, max-snippet:-1, max-image-preview:large, max-video-preview:-1\" \/>\n<link rel=\"canonical\" href=\"https:\/\/gruene-ov-stuttgart.de\/west\/gruen-wirkt-auch-in-deiner-nachbarschaft\/\" \/>\n<meta property=\"og:locale\" content=\"de_DE\" \/>\n<meta property=\"og:type\" content=\"article\" \/>\n<meta property=\"og:title\" content=\"Gr\u00fcn wirkt: Auch in deiner Nachbarschaft! - Gr\u00fcne Stuttgart West\" \/>\n<meta property=\"og:description\" content=\"Seit der letzten Kommunalwahl 2019 stellt B\u00fcndnis 90 \/ Die Gr\u00fcnen mit sieben Sitzen die st\u00e4rke Fraktion im Bezirksbeirat Stuttgart-West. Mit eurer starken Unterst\u00fctzung konnten wir viele tolle Projekte umsetzen [&hellip;]\" \/>\n<meta property=\"og:url\" content=\"https:\/\/gruene-ov-stuttgart.de\/west\/gruen-wirkt-auch-in-deiner-nachbarschaft\/\" \/>\n<meta property=\"og:site_name\" content=\"Gr\u00fcne Stuttgart West\" \/>\n<meta property=\"article:published_time\" content=\"2024-02-23T13:34:04+00:00\" \/>\n<meta property=\"article:modified_time\" content=\"2024-02-23T13:40:40+00:00\" \/>\n<meta property=\"og:image\" content=\"https:\/\/gruene-ov-stuttgart.de\/west\/wp-content\/uploads\/2024\/02\/Gruen-Wirkt.jpg\" \/>\n\t<meta property=\"og:image:width\" content=\"1117\" \/>\n\t<meta property=\"og:image:height\" content=\"687\" \/>\n\t<meta property=\"og:image:type\" content=\"image\/jpeg\" \/>\n<meta name=\"author\" content=\"Nadine Ulrich\" \/>\n<meta name=\"twitter:card\" content=\"summary_large_image\" \/>\n<script type=\"application\/ld+json\" class=\"yoast-schema-graph\">{\"@context\":\"https:\\\/\\\/schema.org\",\"@graph\":[{\"@type\":\"Article\",\"@id\":\"https:\\\/\\\/gruene-ov-stuttgart.de\\\/west\\\/gruen-wirkt-auch-in-deiner-nachbarschaft\\\/#article\",\"isPartOf\":{\"@id\":\"https:\\\/\\\/gruene-ov-stuttgart.de\\\/west\\\/gruen-wirkt-auch-in-deiner-nachbarschaft\\\/\"},\"author\":{\"name\":\"Nadine Ulrich\",\"@id\":\"https:\\\/\\\/gruene-ov-stuttgart.de\\\/west\\\/#\\\/schema\\\/person\\\/2a672d01b1b433d13f731ec10c30c607\"},\"headline\":\"Gr\u00fcn wirkt: Auch in deiner Nachbarschaft!\",\"datePublished\":\"2024-02-23T13:34:04+00:00\",\"dateModified\":\"2024-02-23T13:40:40+00:00\",\"mainEntityOfPage\":{\"@id\":\"https:\\\/\\\/gruene-ov-stuttgart.de\\\/west\\\/gruen-wirkt-auch-in-deiner-nachbarschaft\\\/\"},\"wordCount\":133,\"commentCount\":0,\"image\":{\"@id\":\"https:\\\/\\\/gruene-ov-stuttgart.de\\\/west\\\/gruen-wirkt-auch-in-deiner-nachbarschaft\\\/#primaryimage\"},\"thumbnailUrl\":\"https:\\\/\\\/gruene-ov-stuttgart.de\\\/west\\\/wp-content\\\/uploads\\\/2024\\\/02\\\/Gruen-Wirkt.jpg\",\"articleSection\":[\"Aktuelles\",\"Bezirksbeirat\",\"Gr\u00fcn wirkt!\",\"Impressionen\",\"Ortsverband\",\"Positionen\"],\"inLanguage\":\"de\",\"potentialAction\":[{\"@type\":\"CommentAction\",\"name\":\"Comment\",\"target\":[\"https:\\\/\\\/gruene-ov-stuttgart.de\\\/west\\\/gruen-wirkt-auch-in-deiner-nachbarschaft\\\/#respond\"]}]},{\"@type\":\"WebPage\",\"@id\":\"https:\\\/\\\/gruene-ov-stuttgart.de\\\/west\\\/gruen-wirkt-auch-in-deiner-nachbarschaft\\\/\",\"url\":\"https:\\\/\\\/gruene-ov-stuttgart.de\\\/west\\\/gruen-wirkt-auch-in-deiner-nachbarschaft\\\/\",\"name\":\"Gr\u00fcn wirkt: Auch in deiner Nachbarschaft! - Gr\u00fcne Stuttgart West\",\"isPartOf\":{\"@id\":\"https:\\\/\\\/gruene-ov-stuttgart.de\\\/west\\\/#website\"},\"primaryImageOfPage\":{\"@id\":\"https:\\\/\\\/gruene-ov-stuttgart.de\\\/west\\\/gruen-wirkt-auch-in-deiner-nachbarschaft\\\/#primaryimage\"},\"image\":{\"@id\":\"https:\\\/\\\/gruene-ov-stuttgart.de\\\/west\\\/gruen-wirkt-auch-in-deiner-nachbarschaft\\\/#primaryimage\"},\"thumbnailUrl\":\"https:\\\/\\\/gruene-ov-stuttgart.de\\\/west\\\/wp-content\\\/uploads\\\/2024\\\/02\\\/Gruen-Wirkt.jpg\",\"datePublished\":\"2024-02-23T13:34:04+00:00\",\"dateModified\":\"2024-02-23T13:40:40+00:00\",\"author\":{\"@id\":\"https:\\\/\\\/gruene-ov-stuttgart.de\\\/west\\\/#\\\/schema\\\/person\\\/2a672d01b1b433d13f731ec10c30c607\"},\"breadcrumb\":{\"@id\":\"https:\\\/\\\/gruene-ov-stuttgart.de\\\/west\\\/gruen-wirkt-auch-in-deiner-nachbarschaft\\\/#breadcrumb\"},\"inLanguage\":\"de\",\"potentialAction\":[{\"@type\":\"ReadAction\",\"target\":[\"https:\\\/\\\/gruene-ov-stuttgart.de\\\/west\\\/gruen-wirkt-auch-in-deiner-nachbarschaft\\\/\"]}]},{\"@type\":\"ImageObject\",\"inLanguage\":\"de\",\"@id\":\"https:\\\/\\\/gruene-ov-stuttgart.de\\\/west\\\/gruen-wirkt-auch-in-deiner-nachbarschaft\\\/#primaryimage\",\"url\":\"https:\\\/\\\/gruene-ov-stuttgart.de\\\/west\\\/wp-content\\\/uploads\\\/2024\\\/02\\\/Gruen-Wirkt.jpg\",\"contentUrl\":\"https:\\\/\\\/gruene-ov-stuttgart.de\\\/west\\\/wp-content\\\/uploads\\\/2024\\\/02\\\/Gruen-Wirkt.jpg\",\"width\":1117,\"height\":687},{\"@type\":\"BreadcrumbList\",\"@id\":\"https:\\\/\\\/gruene-ov-stuttgart.de\\\/west\\\/gruen-wirkt-auch-in-deiner-nachbarschaft\\\/#breadcrumb\",\"itemListElement\":[{\"@type\":\"ListItem\",\"position\":1,\"name\":\"Startseite\",\"item\":\"https:\\\/\\\/gruene-ov-stuttgart.de\\\/west\\\/\"},{\"@type\":\"ListItem\",\"position\":2,\"name\":\"Gr\u00fcn wirkt: Auch in deiner Nachbarschaft!\"}]},{\"@type\":\"WebSite\",\"@id\":\"https:\\\/\\\/gruene-ov-stuttgart.de\\\/west\\\/#website\",\"url\":\"https:\\\/\\\/gruene-ov-stuttgart.de\\\/west\\\/\",\"name\":\"Gr\u00fcne Stuttgart West\",\"description\":\"B\u00fcndnis 90\\\/DIE GR\u00dcNEN im Stuttgarter Westen\",\"potentialAction\":[{\"@type\":\"SearchAction\",\"target\":{\"@type\":\"EntryPoint\",\"urlTemplate\":\"https:\\\/\\\/gruene-ov-stuttgart.de\\\/west\\\/?s={search_term_string}\"},\"query-input\":{\"@type\":\"PropertyValueSpecification\",\"valueRequired\":true,\"valueName\":\"search_term_string\"}}],\"inLanguage\":\"de\"},{\"@type\":\"Person\",\"@id\":\"https:\\\/\\\/gruene-ov-stuttgart.de\\\/west\\\/#\\\/schema\\\/person\\\/2a672d01b1b433d13f731ec10c30c607\",\"name\":\"Nadine Ulrich\",\"image\":{\"@type\":\"ImageObject\",\"inLanguage\":\"de\",\"@id\":\"https:\\\/\\\/secure.gravatar.com\\\/avatar\\\/fe5f5ea9cfe9b6a0f4ccf5d719f7623ba41f80a8630280fbc887b66d408c9916?s=96&d=wavatar&r=g\",\"url\":\"https:\\\/\\\/secure.gravatar.com\\\/avatar\\\/fe5f5ea9cfe9b6a0f4ccf5d719f7623ba41f80a8630280fbc887b66d408c9916?s=96&d=wavatar&r=g\",\"contentUrl\":\"https:\\\/\\\/secure.gravatar.com\\\/avatar\\\/fe5f5ea9cfe9b6a0f4ccf5d719f7623ba41f80a8630280fbc887b66d408c9916?s=96&d=wavatar&r=g\",\"caption\":\"Nadine Ulrich\"},\"url\":\"https:\\\/\\\/gruene-ov-stuttgart.de\\\/west\\\/author\\\/nadine-ulrich\\\/\"}]}<\/script>\n<!-- \/ Yoast SEO plugin. -->","yoast_head_json":{"title":"Gr\u00fcn wirkt: Auch in deiner Nachbarschaft! - Gr\u00fcne Stuttgart West","robots":{"index":"index","follow":"follow","max-snippet":"max-snippet:-1","max-image-preview":"max-image-preview:large","max-video-preview":"max-video-preview:-1"},"canonical":"https:\/\/gruene-ov-stuttgart.de\/west\/gruen-wirkt-auch-in-deiner-nachbarschaft\/","og_locale":"de_DE","og_type":"article","og_title":"Gr\u00fcn wirkt: Auch in deiner Nachbarschaft! - Gr\u00fcne Stuttgart West","og_description":"Seit der letzten Kommunalwahl 2019 stellt B\u00fcndnis 90 \/ Die Gr\u00fcnen mit sieben Sitzen die st\u00e4rke Fraktion im Bezirksbeirat Stuttgart-West. Mit eurer starken Unterst\u00fctzung konnten wir viele tolle Projekte umsetzen [&hellip;]","og_url":"https:\/\/gruene-ov-stuttgart.de\/west\/gruen-wirkt-auch-in-deiner-nachbarschaft\/","og_site_name":"Gr\u00fcne Stuttgart West","article_published_time":"2024-02-23T13:34:04+00:00","article_modified_time":"2024-02-23T13:40:40+00:00","og_image":[{"width":1117,"height":687,"url":"https:\/\/gruene-ov-stuttgart.de\/west\/wp-content\/uploads\/2024\/02\/Gruen-Wirkt.jpg","type":"image\/jpeg"}],"author":"Nadine Ulrich","twitter_card":"summary_large_image","schema":{"@context":"https:\/\/schema.org","@graph":[{"@type":"Article","@id":"https:\/\/gruene-ov-stuttgart.de\/west\/gruen-wirkt-auch-in-deiner-nachbarschaft\/#article","isPartOf":{"@id":"https:\/\/gruene-ov-stuttgart.de\/west\/gruen-wirkt-auch-in-deiner-nachbarschaft\/"},"author":{"name":"Nadine Ulrich","@id":"https:\/\/gruene-ov-stuttgart.de\/west\/#\/schema\/person\/2a672d01b1b433d13f731ec10c30c607"},"headline":"Gr\u00fcn wirkt: Auch in deiner Nachbarschaft!","datePublished":"2024-02-23T13:34:04+00:00","dateModified":"2024-02-23T13:40:40+00:00","mainEntityOfPage":{"@id":"https:\/\/gruene-ov-stuttgart.de\/west\/gruen-wirkt-auch-in-deiner-nachbarschaft\/"},"wordCount":133,"commentCount":0,"image":{"@id":"https:\/\/gruene-ov-stuttgart.de\/west\/gruen-wirkt-auch-in-deiner-nachbarschaft\/#primaryimage"},"thumbnailUrl":"https:\/\/gruene-ov-stuttgart.de\/west\/wp-content\/uploads\/2024\/02\/Gruen-Wirkt.jpg","articleSection":["Aktuelles","Bezirksbeirat","Gr\u00fcn wirkt!","Impressionen","Ortsverband","Positionen"],"inLanguage":"de","potentialAction":[{"@type":"CommentAction","name":"Comment","target":["https:\/\/gruene-ov-stuttgart.de\/west\/gruen-wirkt-auch-in-deiner-nachbarschaft\/#respond"]}]},{"@type":"WebPage","@id":"https:\/\/gruene-ov-stuttgart.de\/west\/gruen-wirkt-auch-in-deiner-nachbarschaft\/","url":"https:\/\/gruene-ov-stuttgart.de\/west\/gruen-wirkt-auch-in-deiner-nachbarschaft\/","name":"Gr\u00fcn wirkt: Auch in deiner Nachbarschaft! - Gr\u00fcne Stuttgart West","isPartOf":{"@id":"https:\/\/gruene-ov-stuttgart.de\/west\/#website"},"primaryImageOfPage":{"@id":"https:\/\/gruene-ov-stuttgart.de\/west\/gruen-wirkt-auch-in-deiner-nachbarschaft\/#primaryimage"},"image":{"@id":"https:\/\/gruene-ov-stuttgart.de\/west\/gruen-wirkt-auch-in-deiner-nachbarschaft\/#primaryimage"},"thumbnailUrl":"https:\/\/gruene-ov-stuttgart.de\/west\/wp-content\/uploads\/2024\/02\/Gruen-Wirkt.jpg","datePublished":"2024-02-23T13:34:04+00:00","dateModified":"2024-02-23T13:40:40+00:00","author":{"@id":"https:\/\/gruene-ov-stuttgart.de\/west\/#\/schema\/person\/2a672d01b1b433d13f731ec10c30c607"},"breadcrumb":{"@id":"https:\/\/gruene-ov-stuttgart.de\/west\/gruen-wirkt-auch-in-deiner-nachbarschaft\/#breadcrumb"},"inLanguage":"de","potentialAction":[{"@type":"ReadAction","target":["https:\/\/gruene-ov-stuttgart.de\/west\/gruen-wirkt-auch-in-deiner-nachbarschaft\/"]}]},{"@type":"ImageObject","inLanguage":"de","@id":"https:\/\/gruene-ov-stuttgart.de\/west\/gruen-wirkt-auch-in-deiner-nachbarschaft\/#primaryimage","url":"https:\/\/gruene-ov-stuttgart.de\/west\/wp-content\/uploads\/2024\/02\/Gruen-Wirkt.jpg","contentUrl":"https:\/\/gruene-ov-stuttgart.de\/west\/wp-content\/uploads\/2024\/02\/Gruen-Wirkt.jpg","width":1117,"height":687},{"@type":"BreadcrumbList","@id":"https:\/\/gruene-ov-stuttgart.de\/west\/gruen-wirkt-auch-in-deiner-nachbarschaft\/#breadcrumb","itemListElement":[{"@type":"ListItem","position":1,"name":"Startseite","item":"https:\/\/gruene-ov-stuttgart.de\/west\/"},{"@type":"ListItem","position":2,"name":"Gr\u00fcn wirkt: Auch in deiner Nachbarschaft!"}]},{"@type":"WebSite","@id":"https:\/\/gruene-ov-stuttgart.de\/west\/#website","url":"https:\/\/gruene-ov-stuttgart.de\/west\/","name":"Gr\u00fcne Stuttgart West","description":"B\u00fcndnis 90\/DIE GR\u00dcNEN im Stuttgarter Westen","potentialAction":[{"@type":"SearchAction","target":{"@type":"EntryPoint","urlTemplate":"https:\/\/gruene-ov-stuttgart.de\/west\/?s={search_term_string}"},"query-input":{"@type":"PropertyValueSpecification","valueRequired":true,"valueName":"search_term_string"}}],"inLanguage":"de"},{"@type":"Person","@id":"https:\/\/gruene-ov-stuttgart.de\/west\/#\/schema\/person\/2a672d01b1b433d13f731ec10c30c607","name":"Nadine Ulrich","image":{"@type":"ImageObject","inLanguage":"de","@id":"https:\/\/secure.gravatar.com\/avatar\/fe5f5ea9cfe9b6a0f4ccf5d719f7623ba41f80a8630280fbc887b66d408c9916?s=96&d=wavatar&r=g","url":"https:\/\/secure.gravatar.com\/avatar\/fe5f5ea9cfe9b6a0f4ccf5d719f7623ba41f80a8630280fbc887b66d408c9916?s=96&d=wavatar&r=g","contentUrl":"https:\/\/secure.gravatar.com\/avatar\/fe5f5ea9cfe9b6a0f4ccf5d719f7623ba41f80a8630280fbc887b66d408c9916?s=96&d=wavatar&r=g","caption":"Nadine Ulrich"},"url":"https:\/\/gruene-ov-stuttgart.de\/west\/author\/nadine-ulrich\/"}]}},"_links":{"self":[{"href":"https:\/\/gruene-ov-stuttgart.de\/west\/wp-json\/wp\/v2\/posts\/1561","targetHints":{"allow":["GET"]}}],"collection":[{"href":"https:\/\/gruene-ov-stuttgart.de\/west\/wp-json\/wp\/v2\/posts"}],"about":[{"href":"https:\/\/gruene-ov-stuttgart.de\/west\/wp-json\/wp\/v2\/types\/post"}],"author":[{"embeddable":true,"href":"https:\/\/gruene-ov-stuttgart.de\/west\/wp-json\/wp\/v2\/users\/18"}],"replies":[{"embeddable":true,"href":"https:\/\/gruene-ov-stuttgart.de\/west\/wp-json\/wp\/v2\/comments?post=1561"}],"version-history":[{"count":5,"href":"https:\/\/gruene-ov-stuttgart.de\/west\/wp-json\/wp\/v2\/posts\/1561\/revisions"}],"predecessor-version":[{"id":1568,"href":"https:\/\/gruene-ov-stuttgart.de\/west\/wp-json\/wp\/v2\/posts\/1561\/revisions\/1568"}],"wp:featuredmedia":[{"embeddable":true,"href":"https:\/\/gruene-ov-stuttgart.de\/west\/wp-json\/wp\/v2\/media\/1562"}],"wp:attachment":[{"href":"https:\/\/gruene-ov-stuttgart.de\/west\/wp-json\/wp\/v2\/media?parent=1561"}],"wp:term":[{"taxonomy":"category","embeddable":true,"href":"https:\/\/gruene-ov-stuttgart.de\/west\/wp-json\/wp\/v2\/categories?post=1561"},{"taxonomy":"post_tag","embeddable":true,"href":"https:\/\/gruene-ov-stuttgart.de\/west\/wp-json\/wp\/v2\/tags?post=1561"}],"curies":[{"name":"wp","href":"https:\/\/api.w.org\/{rel}","templated":true}]}}