{"id":1677,"date":"2024-04-09T17:16:46","date_gmt":"2024-04-09T15:16:46","guid":{"rendered":"https:\/\/gruene-ov-stuttgart.de\/west\/?p=1677"},"modified":"2024-04-09T17:18:58","modified_gmt":"2024-04-09T15:18:58","slug":"einladung-zum-infostand-auf-dem-diakonissenplatz","status":"publish","type":"post","link":"https:\/\/gruene-ov-stuttgart.de\/west\/einladung-zum-infostand-auf-dem-diakonissenplatz\/","title":{"rendered":"Einladung zum Infostand auf dem Diakonissenplatz"},"content":{"rendered":"\n<p>Hurra, endlich ist der Diakonissenplatz offen f\u00fcr alle! Und das nicht zuletzt, weil es eine starke B\u00fcrger*innenbeteiligung gab! Der Platz soll eine gr\u00fcne vielf\u00e4ltig genutzte Oase f\u00fcr alle sein. Am <strong>26.04.2024 ab 13.00 Uhr<\/strong> findet unser Infostand und Aktionsnachmittag zum Thema klimagerechte Aufenthaltsqualit\u00e4t im Westen, generations\u00fcbergreifendes Miteinander und Inklusion auf dem Diakonissenplatz statt. Auch hier sind uns eure Meinung und Ideen wichtig. Am Stand findet ihr tolle Giveaways, wir laden zum gemeinsamen Spielen und Sporteln ein. Mitglieder unseres Ortsverbandes sowie einige unserer Kandidierenden zur Kommunalwahl freuen sich auf regen Austausch, spannende Gespr\u00e4che oder eine Partie Tischtennis. <\/p>\n\n\n\n<p>Das ist noch nicht alles! Hast du dich schon einmal gefragt, was unter dem Platz eigentlich ist? Ab 14 Uhr \u00f6ffnet f\u00fcr uns die 1941 gebaute historische Bunkeranlage, in der sich nun der <a href=\"https:\/\/ku-bu.de\/\">Kulturbunker<\/a> befindet, ihre BunkerBAR (und ihre Toiletten) und bietet f\u00fcr Interessierte eine kleine F\u00fchrung durch den Bunker um 15.00 Uhr an.<\/p>\n","protected":false},"excerpt":{"rendered":"<p>Hurra, endlich ist der Diakonissenplatz offen f\u00fcr alle! Und das nicht zuletzt, weil es eine starke B\u00fcrger*innenbeteiligung gab! Der Platz soll eine gr\u00fcne vielf\u00e4ltig genutzte Oase f\u00fcr alle sein. Am [&hellip;]<\/p>\n","protected":false},"author":-1,"featured_media":1678,"comment_status":"open","ping_status":"open","sticky":false,"template":"","format":"standard","meta":{"footnotes":"","beyondwords_generate_audio":"","beyondwords_integration_method":"","beyondwords_project_id":"","beyondwords_content_id":"","beyondwords_preview_token":"","beyondwords_player_content":"","beyondwords_player_style":"","beyondwords_language_code":"","beyondwords_language_id":"","beyondwords_title_voice_id":"","beyondwords_body_voice_id":"","beyondwords_summary_voice_id":"","beyondwords_error_message":"","beyondwords_disabled":"","beyondwords_delete_content":"","beyondwords_podcast_id":"","beyondwords_hash":"","publish_post_to_speechkit":"","speechkit_hash":"","speechkit_generate_audio":"","speechkit_project_id":"","speechkit_podcast_id":"","speechkit_error_message":"","speechkit_disabled":"","speechkit_access_key":"","speechkit_error":"","speechkit_info":"","speechkit_response":"","speechkit_retries":"","speechkit_status":"","speechkit_updated_at":"","_speechkit_link":"","_speechkit_text":""},"categories":[1,11,7],"tags":[],"class_list":["post-1677","post","type-post","status-publish","format-standard","has-post-thumbnail","hentry","category-aktuelles","category-gruen-wirkt","category-ortsverband"],"yoast_head":"<!-- This site is optimized with the Yoast SEO plugin v27.5 - https:\/\/yoast.com\/product\/yoast-seo-wordpress\/ -->\n<title>Einladung zum Infostand auf dem Diakonissenplatz - Gr\u00fcne Stuttgart West<\/title>\n<meta name=\"robots\" content=\"index, follow, max-snippet:-1, max-image-preview:large, max-video-preview:-1\" \/>\n<link rel=\"canonical\" href=\"https:\/\/gruene-ov-stuttgart.de\/west\/einladung-zum-infostand-auf-dem-diakonissenplatz\/\" \/>\n<meta property=\"og:locale\" content=\"de_DE\" \/>\n<meta property=\"og:type\" content=\"article\" \/>\n<meta property=\"og:title\" content=\"Einladung zum Infostand auf dem Diakonissenplatz - Gr\u00fcne Stuttgart West\" \/>\n<meta property=\"og:description\" content=\"Hurra, endlich ist der Diakonissenplatz offen f\u00fcr alle! Und das nicht zuletzt, weil es eine starke B\u00fcrger*innenbeteiligung gab! Der Platz soll eine gr\u00fcne vielf\u00e4ltig genutzte Oase f\u00fcr alle sein. Am [&hellip;]\" \/>\n<meta property=\"og:url\" content=\"https:\/\/gruene-ov-stuttgart.de\/west\/einladung-zum-infostand-auf-dem-diakonissenplatz\/\" \/>\n<meta property=\"og:site_name\" content=\"Gr\u00fcne Stuttgart West\" \/>\n<meta property=\"article:published_time\" content=\"2024-04-09T15:16:46+00:00\" \/>\n<meta property=\"article:modified_time\" content=\"2024-04-09T15:18:58+00:00\" \/>\n<meta property=\"og:image\" content=\"https:\/\/gruene-ov-stuttgart.de\/west\/wp-content\/uploads\/2024\/04\/Plakat-Diak.jpg\" \/>\n\t<meta property=\"og:image:width\" content=\"702\" \/>\n\t<meta property=\"og:image:height\" content=\"951\" \/>\n\t<meta property=\"og:image:type\" content=\"image\/jpeg\" \/>\n<meta name=\"author\" content=\"Nadine Ulrich\" \/>\n<meta name=\"twitter:card\" content=\"summary_large_image\" \/>\n<script type=\"application\/ld+json\" class=\"yoast-schema-graph\">{\"@context\":\"https:\\\/\\\/schema.org\",\"@graph\":[{\"@type\":\"Article\",\"@id\":\"https:\\\/\\\/gruene-ov-stuttgart.de\\\/west\\\/einladung-zum-infostand-auf-dem-diakonissenplatz\\\/#article\",\"isPartOf\":{\"@id\":\"https:\\\/\\\/gruene-ov-stuttgart.de\\\/west\\\/einladung-zum-infostand-auf-dem-diakonissenplatz\\\/\"},\"author\":{\"name\":\"Nadine Ulrich\",\"@id\":\"https:\\\/\\\/gruene-ov-stuttgart.de\\\/west\\\/#\\\/schema\\\/person\\\/2a672d01b1b433d13f731ec10c30c607\"},\"headline\":\"Einladung zum Infostand auf dem Diakonissenplatz\",\"datePublished\":\"2024-04-09T15:16:46+00:00\",\"dateModified\":\"2024-04-09T15:18:58+00:00\",\"mainEntityOfPage\":{\"@id\":\"https:\\\/\\\/gruene-ov-stuttgart.de\\\/west\\\/einladung-zum-infostand-auf-dem-diakonissenplatz\\\/\"},\"wordCount\":163,\"commentCount\":0,\"image\":{\"@id\":\"https:\\\/\\\/gruene-ov-stuttgart.de\\\/west\\\/einladung-zum-infostand-auf-dem-diakonissenplatz\\\/#primaryimage\"},\"thumbnailUrl\":\"https:\\\/\\\/gruene-ov-stuttgart.de\\\/west\\\/wp-content\\\/uploads\\\/2024\\\/04\\\/Plakat-Diak.jpg\",\"articleSection\":[\"Aktuelles\",\"Gr\u00fcn wirkt!\",\"Ortsverband\"],\"inLanguage\":\"de\",\"potentialAction\":[{\"@type\":\"CommentAction\",\"name\":\"Comment\",\"target\":[\"https:\\\/\\\/gruene-ov-stuttgart.de\\\/west\\\/einladung-zum-infostand-auf-dem-diakonissenplatz\\\/#respond\"]}]},{\"@type\":\"WebPage\",\"@id\":\"https:\\\/\\\/gruene-ov-stuttgart.de\\\/west\\\/einladung-zum-infostand-auf-dem-diakonissenplatz\\\/\",\"url\":\"https:\\\/\\\/gruene-ov-stuttgart.de\\\/west\\\/einladung-zum-infostand-auf-dem-diakonissenplatz\\\/\",\"name\":\"Einladung zum Infostand auf dem Diakonissenplatz - Gr\u00fcne Stuttgart West\",\"isPartOf\":{\"@id\":\"https:\\\/\\\/gruene-ov-stuttgart.de\\\/west\\\/#website\"},\"primaryImageOfPage\":{\"@id\":\"https:\\\/\\\/gruene-ov-stuttgart.de\\\/west\\\/einladung-zum-infostand-auf-dem-diakonissenplatz\\\/#primaryimage\"},\"image\":{\"@id\":\"https:\\\/\\\/gruene-ov-stuttgart.de\\\/west\\\/einladung-zum-infostand-auf-dem-diakonissenplatz\\\/#primaryimage\"},\"thumbnailUrl\":\"https:\\\/\\\/gruene-ov-stuttgart.de\\\/west\\\/wp-content\\\/uploads\\\/2024\\\/04\\\/Plakat-Diak.jpg\",\"datePublished\":\"2024-04-09T15:16:46+00:00\",\"dateModified\":\"2024-04-09T15:18:58+00:00\",\"author\":{\"@id\":\"https:\\\/\\\/gruene-ov-stuttgart.de\\\/west\\\/#\\\/schema\\\/person\\\/2a672d01b1b433d13f731ec10c30c607\"},\"breadcrumb\":{\"@id\":\"https:\\\/\\\/gruene-ov-stuttgart.de\\\/west\\\/einladung-zum-infostand-auf-dem-diakonissenplatz\\\/#breadcrumb\"},\"inLanguage\":\"de\",\"potentialAction\":[{\"@type\":\"ReadAction\",\"target\":[\"https:\\\/\\\/gruene-ov-stuttgart.de\\\/west\\\/einladung-zum-infostand-auf-dem-diakonissenplatz\\\/\"]}]},{\"@type\":\"ImageObject\",\"inLanguage\":\"de\",\"@id\":\"https:\\\/\\\/gruene-ov-stuttgart.de\\\/west\\\/einladung-zum-infostand-auf-dem-diakonissenplatz\\\/#primaryimage\",\"url\":\"https:\\\/\\\/gruene-ov-stuttgart.de\\\/west\\\/wp-content\\\/uploads\\\/2024\\\/04\\\/Plakat-Diak.jpg\",\"contentUrl\":\"https:\\\/\\\/gruene-ov-stuttgart.de\\\/west\\\/wp-content\\\/uploads\\\/2024\\\/04\\\/Plakat-Diak.jpg\",\"width\":702,\"height\":951},{\"@type\":\"BreadcrumbList\",\"@id\":\"https:\\\/\\\/gruene-ov-stuttgart.de\\\/west\\\/einladung-zum-infostand-auf-dem-diakonissenplatz\\\/#breadcrumb\",\"itemListElement\":[{\"@type\":\"ListItem\",\"position\":1,\"name\":\"Startseite\",\"item\":\"https:\\\/\\\/gruene-ov-stuttgart.de\\\/west\\\/\"},{\"@type\":\"ListItem\",\"position\":2,\"name\":\"Einladung zum Infostand auf dem Diakonissenplatz\"}]},{\"@type\":\"WebSite\",\"@id\":\"https:\\\/\\\/gruene-ov-stuttgart.de\\\/west\\\/#website\",\"url\":\"https:\\\/\\\/gruene-ov-stuttgart.de\\\/west\\\/\",\"name\":\"Gr\u00fcne Stuttgart West\",\"description\":\"B\u00fcndnis 90\\\/DIE GR\u00dcNEN im Stuttgarter Westen\",\"potentialAction\":[{\"@type\":\"SearchAction\",\"target\":{\"@type\":\"EntryPoint\",\"urlTemplate\":\"https:\\\/\\\/gruene-ov-stuttgart.de\\\/west\\\/?s={search_term_string}\"},\"query-input\":{\"@type\":\"PropertyValueSpecification\",\"valueRequired\":true,\"valueName\":\"search_term_string\"}}],\"inLanguage\":\"de\"},{\"@type\":\"Person\",\"@id\":\"https:\\\/\\\/gruene-ov-stuttgart.de\\\/west\\\/#\\\/schema\\\/person\\\/2a672d01b1b433d13f731ec10c30c607\",\"name\":\"Nadine Ulrich\",\"image\":{\"@type\":\"ImageObject\",\"inLanguage\":\"de\",\"@id\":\"https:\\\/\\\/secure.gravatar.com\\\/avatar\\\/fe5f5ea9cfe9b6a0f4ccf5d719f7623ba41f80a8630280fbc887b66d408c9916?s=96&d=wavatar&r=g\",\"url\":\"https:\\\/\\\/secure.gravatar.com\\\/avatar\\\/fe5f5ea9cfe9b6a0f4ccf5d719f7623ba41f80a8630280fbc887b66d408c9916?s=96&d=wavatar&r=g\",\"contentUrl\":\"https:\\\/\\\/secure.gravatar.com\\\/avatar\\\/fe5f5ea9cfe9b6a0f4ccf5d719f7623ba41f80a8630280fbc887b66d408c9916?s=96&d=wavatar&r=g\",\"caption\":\"Nadine Ulrich\"},\"url\":\"https:\\\/\\\/gruene-ov-stuttgart.de\\\/west\\\/author\\\/nadine-ulrich\\\/\"}]}<\/script>\n<!-- \/ Yoast SEO plugin. -->","yoast_head_json":{"title":"Einladung zum Infostand auf dem Diakonissenplatz - Gr\u00fcne Stuttgart West","robots":{"index":"index","follow":"follow","max-snippet":"max-snippet:-1","max-image-preview":"max-image-preview:large","max-video-preview":"max-video-preview:-1"},"canonical":"https:\/\/gruene-ov-stuttgart.de\/west\/einladung-zum-infostand-auf-dem-diakonissenplatz\/","og_locale":"de_DE","og_type":"article","og_title":"Einladung zum Infostand auf dem Diakonissenplatz - Gr\u00fcne Stuttgart West","og_description":"Hurra, endlich ist der Diakonissenplatz offen f\u00fcr alle! Und das nicht zuletzt, weil es eine starke B\u00fcrger*innenbeteiligung gab! Der Platz soll eine gr\u00fcne vielf\u00e4ltig genutzte Oase f\u00fcr alle sein. Am [&hellip;]","og_url":"https:\/\/gruene-ov-stuttgart.de\/west\/einladung-zum-infostand-auf-dem-diakonissenplatz\/","og_site_name":"Gr\u00fcne Stuttgart West","article_published_time":"2024-04-09T15:16:46+00:00","article_modified_time":"2024-04-09T15:18:58+00:00","og_image":[{"width":702,"height":951,"url":"https:\/\/gruene-ov-stuttgart.de\/west\/wp-content\/uploads\/2024\/04\/Plakat-Diak.jpg","type":"image\/jpeg"}],"author":"Nadine Ulrich","twitter_card":"summary_large_image","schema":{"@context":"https:\/\/schema.org","@graph":[{"@type":"Article","@id":"https:\/\/gruene-ov-stuttgart.de\/west\/einladung-zum-infostand-auf-dem-diakonissenplatz\/#article","isPartOf":{"@id":"https:\/\/gruene-ov-stuttgart.de\/west\/einladung-zum-infostand-auf-dem-diakonissenplatz\/"},"author":{"name":"Nadine Ulrich","@id":"https:\/\/gruene-ov-stuttgart.de\/west\/#\/schema\/person\/2a672d01b1b433d13f731ec10c30c607"},"headline":"Einladung zum Infostand auf dem Diakonissenplatz","datePublished":"2024-04-09T15:16:46+00:00","dateModified":"2024-04-09T15:18:58+00:00","mainEntityOfPage":{"@id":"https:\/\/gruene-ov-stuttgart.de\/west\/einladung-zum-infostand-auf-dem-diakonissenplatz\/"},"wordCount":163,"commentCount":0,"image":{"@id":"https:\/\/gruene-ov-stuttgart.de\/west\/einladung-zum-infostand-auf-dem-diakonissenplatz\/#primaryimage"},"thumbnailUrl":"https:\/\/gruene-ov-stuttgart.de\/west\/wp-content\/uploads\/2024\/04\/Plakat-Diak.jpg","articleSection":["Aktuelles","Gr\u00fcn wirkt!","Ortsverband"],"inLanguage":"de","potentialAction":[{"@type":"CommentAction","name":"Comment","target":["https:\/\/gruene-ov-stuttgart.de\/west\/einladung-zum-infostand-auf-dem-diakonissenplatz\/#respond"]}]},{"@type":"WebPage","@id":"https:\/\/gruene-ov-stuttgart.de\/west\/einladung-zum-infostand-auf-dem-diakonissenplatz\/","url":"https:\/\/gruene-ov-stuttgart.de\/west\/einladung-zum-infostand-auf-dem-diakonissenplatz\/","name":"Einladung zum Infostand auf dem Diakonissenplatz - Gr\u00fcne Stuttgart West","isPartOf":{"@id":"https:\/\/gruene-ov-stuttgart.de\/west\/#website"},"primaryImageOfPage":{"@id":"https:\/\/gruene-ov-stuttgart.de\/west\/einladung-zum-infostand-auf-dem-diakonissenplatz\/#primaryimage"},"image":{"@id":"https:\/\/gruene-ov-stuttgart.de\/west\/einladung-zum-infostand-auf-dem-diakonissenplatz\/#primaryimage"},"thumbnailUrl":"https:\/\/gruene-ov-stuttgart.de\/west\/wp-content\/uploads\/2024\/04\/Plakat-Diak.jpg","datePublished":"2024-04-09T15:16:46+00:00","dateModified":"2024-04-09T15:18:58+00:00","author":{"@id":"https:\/\/gruene-ov-stuttgart.de\/west\/#\/schema\/person\/2a672d01b1b433d13f731ec10c30c607"},"breadcrumb":{"@id":"https:\/\/gruene-ov-stuttgart.de\/west\/einladung-zum-infostand-auf-dem-diakonissenplatz\/#breadcrumb"},"inLanguage":"de","potentialAction":[{"@type":"ReadAction","target":["https:\/\/gruene-ov-stuttgart.de\/west\/einladung-zum-infostand-auf-dem-diakonissenplatz\/"]}]},{"@type":"ImageObject","inLanguage":"de","@id":"https:\/\/gruene-ov-stuttgart.de\/west\/einladung-zum-infostand-auf-dem-diakonissenplatz\/#primaryimage","url":"https:\/\/gruene-ov-stuttgart.de\/west\/wp-content\/uploads\/2024\/04\/Plakat-Diak.jpg","contentUrl":"https:\/\/gruene-ov-stuttgart.de\/west\/wp-content\/uploads\/2024\/04\/Plakat-Diak.jpg","width":702,"height":951},{"@type":"BreadcrumbList","@id":"https:\/\/gruene-ov-stuttgart.de\/west\/einladung-zum-infostand-auf-dem-diakonissenplatz\/#breadcrumb","itemListElement":[{"@type":"ListItem","position":1,"name":"Startseite","item":"https:\/\/gruene-ov-stuttgart.de\/west\/"},{"@type":"ListItem","position":2,"name":"Einladung zum Infostand auf dem Diakonissenplatz"}]},{"@type":"WebSite","@id":"https:\/\/gruene-ov-stuttgart.de\/west\/#website","url":"https:\/\/gruene-ov-stuttgart.de\/west\/","name":"Gr\u00fcne Stuttgart West","description":"B\u00fcndnis 90\/DIE GR\u00dcNEN im Stuttgarter Westen","potentialAction":[{"@type":"SearchAction","target":{"@type":"EntryPoint","urlTemplate":"https:\/\/gruene-ov-stuttgart.de\/west\/?s={search_term_string}"},"query-input":{"@type":"PropertyValueSpecification","valueRequired":true,"valueName":"search_term_string"}}],"inLanguage":"de"},{"@type":"Person","@id":"https:\/\/gruene-ov-stuttgart.de\/west\/#\/schema\/person\/2a672d01b1b433d13f731ec10c30c607","name":"Nadine Ulrich","image":{"@type":"ImageObject","inLanguage":"de","@id":"https:\/\/secure.gravatar.com\/avatar\/fe5f5ea9cfe9b6a0f4ccf5d719f7623ba41f80a8630280fbc887b66d408c9916?s=96&d=wavatar&r=g","url":"https:\/\/secure.gravatar.com\/avatar\/fe5f5ea9cfe9b6a0f4ccf5d719f7623ba41f80a8630280fbc887b66d408c9916?s=96&d=wavatar&r=g","contentUrl":"https:\/\/secure.gravatar.com\/avatar\/fe5f5ea9cfe9b6a0f4ccf5d719f7623ba41f80a8630280fbc887b66d408c9916?s=96&d=wavatar&r=g","caption":"Nadine Ulrich"},"url":"https:\/\/gruene-ov-stuttgart.de\/west\/author\/nadine-ulrich\/"}]}},"_links":{"self":[{"href":"https:\/\/gruene-ov-stuttgart.de\/west\/wp-json\/wp\/v2\/posts\/1677","targetHints":{"allow":["GET"]}}],"collection":[{"href":"https:\/\/gruene-ov-stuttgart.de\/west\/wp-json\/wp\/v2\/posts"}],"about":[{"href":"https:\/\/gruene-ov-stuttgart.de\/west\/wp-json\/wp\/v2\/types\/post"}],"author":[{"embeddable":true,"href":"https:\/\/gruene-ov-stuttgart.de\/west\/wp-json\/wp\/v2\/users\/18"}],"replies":[{"embeddable":true,"href":"https:\/\/gruene-ov-stuttgart.de\/west\/wp-json\/wp\/v2\/comments?post=1677"}],"version-history":[{"count":2,"href":"https:\/\/gruene-ov-stuttgart.de\/west\/wp-json\/wp\/v2\/posts\/1677\/revisions"}],"predecessor-version":[{"id":1680,"href":"https:\/\/gruene-ov-stuttgart.de\/west\/wp-json\/wp\/v2\/posts\/1677\/revisions\/1680"}],"wp:featuredmedia":[{"embeddable":true,"href":"https:\/\/gruene-ov-stuttgart.de\/west\/wp-json\/wp\/v2\/media\/1678"}],"wp:attachment":[{"href":"https:\/\/gruene-ov-stuttgart.de\/west\/wp-json\/wp\/v2\/media?parent=1677"}],"wp:term":[{"taxonomy":"category","embeddable":true,"href":"https:\/\/gruene-ov-stuttgart.de\/west\/wp-json\/wp\/v2\/categories?post=1677"},{"taxonomy":"post_tag","embeddable":true,"href":"https:\/\/gruene-ov-stuttgart.de\/west\/wp-json\/wp\/v2\/tags?post=1677"}],"curies":[{"name":"wp","href":"https:\/\/api.w.org\/{rel}","templated":true}]}}