{"id":1763,"date":"2024-04-19T00:25:54","date_gmt":"2024-04-18T22:25:54","guid":{"rendered":"https:\/\/gruene-ov-stuttgart.de\/west\/?p=1763"},"modified":"2024-04-19T00:25:55","modified_gmt":"2024-04-18T22:25:55","slug":"einladung-zum-buergerfest-west","status":"publish","type":"post","link":"https:\/\/gruene-ov-stuttgart.de\/west\/einladung-zum-buergerfest-west\/","title":{"rendered":"Einladung zum B\u00fcrgerfest West"},"content":{"rendered":"\n<div class=\"wp-block-columns is-layout-flex wp-container-core-columns-is-layout-9d6595d7 wp-block-columns-is-layout-flex\">\n<div class=\"wp-block-column is-layout-flow wp-block-column-is-layout-flow\" style=\"flex-basis:100%\">\n<p>Wir laden Euch herzlich zum <strong>B\u00fcrgerfest West<\/strong> am Samstag, 4. Mai, ein. Euch erwartet:<\/p>\n\n\n\n<ul class=\"wp-block-list\">\n<li>Internationales Kulturprogramm<\/li>\n\n\n\n<li>Kinder &amp; Jugendprogramm<\/li>\n\n\n\n<li>Speisen aus aller Welt<\/li>\n\n\n\n<li>Sportangebote<\/li>\n<\/ul>\n\n\n\n<p>Zudem k\u00f6nnt Ihr Euch mit den Mitglieder des <strong>Bezirksbeirat West<\/strong> austauschen (darunter nat\u00fcrlich auch <a href=\"https:\/\/gruene-ov-stuttgart.de\/west\/das-sind-wir\/bezirksbeirat\/\">gr\u00fcne Bezirksbeir\u00e4te<\/a>). Kommt vorbei, wir freuen uns!<\/p>\n\n\n\n<p><strong>Veranstalter<\/strong>: Vereine im B\u00fcrgerzentrum, Bezirksbeirat West, MTV Stuttgart und<br>Handlungsfeldkonferenz Jugend, Beratung, Bildung West<\/p>\n<\/div>\n<\/div>\n\n\n\n<figure class=\"wp-block-image size-large is-resized\"><img loading=\"lazy\" decoding=\"async\" width=\"800\" height=\"521\" src=\"https:\/\/gruene-ov-stuttgart.de\/west\/wp-content\/uploads\/2024\/04\/grafik-800x521.png\" alt=\"\" class=\"wp-image-1764\" style=\"width:860px;height:auto\" srcset=\"https:\/\/gruene-ov-stuttgart.de\/west\/wp-content\/uploads\/2024\/04\/grafik-800x521.png 800w, https:\/\/gruene-ov-stuttgart.de\/west\/wp-content\/uploads\/2024\/04\/grafik-400x260.png 400w, https:\/\/gruene-ov-stuttgart.de\/west\/wp-content\/uploads\/2024\/04\/grafik-768x500.png 768w, https:\/\/gruene-ov-stuttgart.de\/west\/wp-content\/uploads\/2024\/04\/grafik-1536x1000.png 1536w, https:\/\/gruene-ov-stuttgart.de\/west\/wp-content\/uploads\/2024\/04\/grafik.png 2030w\" sizes=\"auto, (max-width: 800px) 100vw, 800px\" \/><\/figure>\n","protected":false},"excerpt":{"rendered":"<p>Wir laden Euch herzlich zum B\u00fcrgerfest West am Samstag, 4. Mai, ein. Euch erwartet: Zudem k\u00f6nnt Ihr Euch mit den Mitglieder des Bezirksbeirat West austauschen (darunter nat\u00fcrlich auch gr\u00fcne Bezirksbeir\u00e4te). [&hellip;]<\/p>\n","protected":false},"author":-1,"featured_media":1748,"comment_status":"open","ping_status":"open","sticky":false,"template":"","format":"standard","meta":{"footnotes":"","beyondwords_generate_audio":"0","beyondwords_integration_method":"","beyondwords_project_id":"","beyondwords_content_id":"","beyondwords_preview_token":"","beyondwords_player_content":"","beyondwords_player_style":"","beyondwords_language_code":"","beyondwords_language_id":"","beyondwords_title_voice_id":"","beyondwords_body_voice_id":"","beyondwords_summary_voice_id":"","beyondwords_error_message":"","beyondwords_disabled":"","beyondwords_delete_content":"","beyondwords_podcast_id":"","beyondwords_hash":"","publish_post_to_speechkit":"","speechkit_hash":"","speechkit_generate_audio":"","speechkit_project_id":"","speechkit_podcast_id":"","speechkit_error_message":"","speechkit_disabled":"","speechkit_access_key":"","speechkit_error":"","speechkit_info":"","speechkit_response":"","speechkit_retries":"","speechkit_status":"","speechkit_updated_at":"","_speechkit_link":"","_speechkit_text":""},"categories":[1],"tags":[],"class_list":["post-1763","post","type-post","status-publish","format-standard","has-post-thumbnail","hentry","category-aktuelles"],"yoast_head":"<!-- This site is optimized with the Yoast SEO plugin v27.5 - https:\/\/yoast.com\/product\/yoast-seo-wordpress\/ -->\n<title>Einladung zum B\u00fcrgerfest West - Gr\u00fcne Stuttgart West<\/title>\n<meta name=\"robots\" content=\"index, follow, max-snippet:-1, max-image-preview:large, max-video-preview:-1\" \/>\n<link rel=\"canonical\" href=\"https:\/\/gruene-ov-stuttgart.de\/west\/einladung-zum-buergerfest-west\/\" \/>\n<meta property=\"og:locale\" content=\"de_DE\" \/>\n<meta property=\"og:type\" content=\"article\" \/>\n<meta property=\"og:title\" content=\"Einladung zum B\u00fcrgerfest West - Gr\u00fcne Stuttgart West\" \/>\n<meta property=\"og:description\" content=\"Wir laden Euch herzlich zum B\u00fcrgerfest West am Samstag, 4. Mai, ein. Euch erwartet: Zudem k\u00f6nnt Ihr Euch mit den Mitglieder des Bezirksbeirat West austauschen (darunter nat\u00fcrlich auch gr\u00fcne Bezirksbeir\u00e4te). [&hellip;]\" \/>\n<meta property=\"og:url\" content=\"https:\/\/gruene-ov-stuttgart.de\/west\/einladung-zum-buergerfest-west\/\" \/>\n<meta property=\"og:site_name\" content=\"Gr\u00fcne Stuttgart West\" \/>\n<meta property=\"article:published_time\" content=\"2024-04-18T22:25:54+00:00\" \/>\n<meta property=\"article:modified_time\" content=\"2024-04-18T22:25:55+00:00\" \/>\n<meta property=\"og:image\" content=\"https:\/\/gruene-ov-stuttgart.de\/west\/wp-content\/uploads\/2024\/04\/buergerfest_west_2024.jpg\" \/>\n\t<meta property=\"og:image:width\" content=\"1240\" \/>\n\t<meta property=\"og:image:height\" content=\"1240\" \/>\n\t<meta property=\"og:image:type\" content=\"image\/jpeg\" \/>\n<meta name=\"author\" content=\"Markus Ganser\" \/>\n<meta name=\"twitter:card\" content=\"summary_large_image\" \/>\n<script type=\"application\/ld+json\" class=\"yoast-schema-graph\">{\"@context\":\"https:\\\/\\\/schema.org\",\"@graph\":[{\"@type\":\"Article\",\"@id\":\"https:\\\/\\\/gruene-ov-stuttgart.de\\\/west\\\/einladung-zum-buergerfest-west\\\/#article\",\"isPartOf\":{\"@id\":\"https:\\\/\\\/gruene-ov-stuttgart.de\\\/west\\\/einladung-zum-buergerfest-west\\\/\"},\"author\":{\"name\":\"Markus Ganser\",\"@id\":\"https:\\\/\\\/gruene-ov-stuttgart.de\\\/west\\\/#\\\/schema\\\/person\\\/4f1fc8f6a0d171ecc493f6ebd0a92ce9\"},\"headline\":\"Einladung zum B\u00fcrgerfest West\",\"datePublished\":\"2024-04-18T22:25:54+00:00\",\"dateModified\":\"2024-04-18T22:25:55+00:00\",\"mainEntityOfPage\":{\"@id\":\"https:\\\/\\\/gruene-ov-stuttgart.de\\\/west\\\/einladung-zum-buergerfest-west\\\/\"},\"wordCount\":68,\"commentCount\":0,\"image\":{\"@id\":\"https:\\\/\\\/gruene-ov-stuttgart.de\\\/west\\\/einladung-zum-buergerfest-west\\\/#primaryimage\"},\"thumbnailUrl\":\"https:\\\/\\\/gruene-ov-stuttgart.de\\\/west\\\/wp-content\\\/uploads\\\/2024\\\/04\\\/buergerfest_west_2024.jpg\",\"articleSection\":[\"Aktuelles\"],\"inLanguage\":\"de\",\"potentialAction\":[{\"@type\":\"CommentAction\",\"name\":\"Comment\",\"target\":[\"https:\\\/\\\/gruene-ov-stuttgart.de\\\/west\\\/einladung-zum-buergerfest-west\\\/#respond\"]}]},{\"@type\":\"WebPage\",\"@id\":\"https:\\\/\\\/gruene-ov-stuttgart.de\\\/west\\\/einladung-zum-buergerfest-west\\\/\",\"url\":\"https:\\\/\\\/gruene-ov-stuttgart.de\\\/west\\\/einladung-zum-buergerfest-west\\\/\",\"name\":\"Einladung zum B\u00fcrgerfest West - Gr\u00fcne Stuttgart West\",\"isPartOf\":{\"@id\":\"https:\\\/\\\/gruene-ov-stuttgart.de\\\/west\\\/#website\"},\"primaryImageOfPage\":{\"@id\":\"https:\\\/\\\/gruene-ov-stuttgart.de\\\/west\\\/einladung-zum-buergerfest-west\\\/#primaryimage\"},\"image\":{\"@id\":\"https:\\\/\\\/gruene-ov-stuttgart.de\\\/west\\\/einladung-zum-buergerfest-west\\\/#primaryimage\"},\"thumbnailUrl\":\"https:\\\/\\\/gruene-ov-stuttgart.de\\\/west\\\/wp-content\\\/uploads\\\/2024\\\/04\\\/buergerfest_west_2024.jpg\",\"datePublished\":\"2024-04-18T22:25:54+00:00\",\"dateModified\":\"2024-04-18T22:25:55+00:00\",\"author\":{\"@id\":\"https:\\\/\\\/gruene-ov-stuttgart.de\\\/west\\\/#\\\/schema\\\/person\\\/4f1fc8f6a0d171ecc493f6ebd0a92ce9\"},\"breadcrumb\":{\"@id\":\"https:\\\/\\\/gruene-ov-stuttgart.de\\\/west\\\/einladung-zum-buergerfest-west\\\/#breadcrumb\"},\"inLanguage\":\"de\",\"potentialAction\":[{\"@type\":\"ReadAction\",\"target\":[\"https:\\\/\\\/gruene-ov-stuttgart.de\\\/west\\\/einladung-zum-buergerfest-west\\\/\"]}]},{\"@type\":\"ImageObject\",\"inLanguage\":\"de\",\"@id\":\"https:\\\/\\\/gruene-ov-stuttgart.de\\\/west\\\/einladung-zum-buergerfest-west\\\/#primaryimage\",\"url\":\"https:\\\/\\\/gruene-ov-stuttgart.de\\\/west\\\/wp-content\\\/uploads\\\/2024\\\/04\\\/buergerfest_west_2024.jpg\",\"contentUrl\":\"https:\\\/\\\/gruene-ov-stuttgart.de\\\/west\\\/wp-content\\\/uploads\\\/2024\\\/04\\\/buergerfest_west_2024.jpg\",\"width\":1240,\"height\":1240},{\"@type\":\"BreadcrumbList\",\"@id\":\"https:\\\/\\\/gruene-ov-stuttgart.de\\\/west\\\/einladung-zum-buergerfest-west\\\/#breadcrumb\",\"itemListElement\":[{\"@type\":\"ListItem\",\"position\":1,\"name\":\"Startseite\",\"item\":\"https:\\\/\\\/gruene-ov-stuttgart.de\\\/west\\\/\"},{\"@type\":\"ListItem\",\"position\":2,\"name\":\"Einladung zum B\u00fcrgerfest West\"}]},{\"@type\":\"WebSite\",\"@id\":\"https:\\\/\\\/gruene-ov-stuttgart.de\\\/west\\\/#website\",\"url\":\"https:\\\/\\\/gruene-ov-stuttgart.de\\\/west\\\/\",\"name\":\"Gr\u00fcne Stuttgart West\",\"description\":\"B\u00fcndnis 90\\\/DIE GR\u00dcNEN im Stuttgarter Westen\",\"potentialAction\":[{\"@type\":\"SearchAction\",\"target\":{\"@type\":\"EntryPoint\",\"urlTemplate\":\"https:\\\/\\\/gruene-ov-stuttgart.de\\\/west\\\/?s={search_term_string}\"},\"query-input\":{\"@type\":\"PropertyValueSpecification\",\"valueRequired\":true,\"valueName\":\"search_term_string\"}}],\"inLanguage\":\"de\"},{\"@type\":\"Person\",\"@id\":\"https:\\\/\\\/gruene-ov-stuttgart.de\\\/west\\\/#\\\/schema\\\/person\\\/4f1fc8f6a0d171ecc493f6ebd0a92ce9\",\"name\":\"Markus Ganser\",\"image\":{\"@type\":\"ImageObject\",\"inLanguage\":\"de\",\"@id\":\"https:\\\/\\\/secure.gravatar.com\\\/avatar\\\/8a059f8d53f70ebd2d7efe5e2b47f2277dd0fbeaa1c84a62d836dc9e6b5e50de?s=96&d=wavatar&r=g\",\"url\":\"https:\\\/\\\/secure.gravatar.com\\\/avatar\\\/8a059f8d53f70ebd2d7efe5e2b47f2277dd0fbeaa1c84a62d836dc9e6b5e50de?s=96&d=wavatar&r=g\",\"contentUrl\":\"https:\\\/\\\/secure.gravatar.com\\\/avatar\\\/8a059f8d53f70ebd2d7efe5e2b47f2277dd0fbeaa1c84a62d836dc9e6b5e50de?s=96&d=wavatar&r=g\",\"caption\":\"Markus Ganser\"},\"url\":\"https:\\\/\\\/gruene-ov-stuttgart.de\\\/west\\\/author\\\/markus-ganser\\\/\"}]}<\/script>\n<!-- \/ Yoast SEO plugin. -->","yoast_head_json":{"title":"Einladung zum B\u00fcrgerfest West - Gr\u00fcne Stuttgart West","robots":{"index":"index","follow":"follow","max-snippet":"max-snippet:-1","max-image-preview":"max-image-preview:large","max-video-preview":"max-video-preview:-1"},"canonical":"https:\/\/gruene-ov-stuttgart.de\/west\/einladung-zum-buergerfest-west\/","og_locale":"de_DE","og_type":"article","og_title":"Einladung zum B\u00fcrgerfest West - Gr\u00fcne Stuttgart West","og_description":"Wir laden Euch herzlich zum B\u00fcrgerfest West am Samstag, 4. Mai, ein. Euch erwartet: Zudem k\u00f6nnt Ihr Euch mit den Mitglieder des Bezirksbeirat West austauschen (darunter nat\u00fcrlich auch gr\u00fcne Bezirksbeir\u00e4te). [&hellip;]","og_url":"https:\/\/gruene-ov-stuttgart.de\/west\/einladung-zum-buergerfest-west\/","og_site_name":"Gr\u00fcne Stuttgart West","article_published_time":"2024-04-18T22:25:54+00:00","article_modified_time":"2024-04-18T22:25:55+00:00","og_image":[{"width":1240,"height":1240,"url":"https:\/\/gruene-ov-stuttgart.de\/west\/wp-content\/uploads\/2024\/04\/buergerfest_west_2024.jpg","type":"image\/jpeg"}],"author":"Markus Ganser","twitter_card":"summary_large_image","schema":{"@context":"https:\/\/schema.org","@graph":[{"@type":"Article","@id":"https:\/\/gruene-ov-stuttgart.de\/west\/einladung-zum-buergerfest-west\/#article","isPartOf":{"@id":"https:\/\/gruene-ov-stuttgart.de\/west\/einladung-zum-buergerfest-west\/"},"author":{"name":"Markus Ganser","@id":"https:\/\/gruene-ov-stuttgart.de\/west\/#\/schema\/person\/4f1fc8f6a0d171ecc493f6ebd0a92ce9"},"headline":"Einladung zum B\u00fcrgerfest West","datePublished":"2024-04-18T22:25:54+00:00","dateModified":"2024-04-18T22:25:55+00:00","mainEntityOfPage":{"@id":"https:\/\/gruene-ov-stuttgart.de\/west\/einladung-zum-buergerfest-west\/"},"wordCount":68,"commentCount":0,"image":{"@id":"https:\/\/gruene-ov-stuttgart.de\/west\/einladung-zum-buergerfest-west\/#primaryimage"},"thumbnailUrl":"https:\/\/gruene-ov-stuttgart.de\/west\/wp-content\/uploads\/2024\/04\/buergerfest_west_2024.jpg","articleSection":["Aktuelles"],"inLanguage":"de","potentialAction":[{"@type":"CommentAction","name":"Comment","target":["https:\/\/gruene-ov-stuttgart.de\/west\/einladung-zum-buergerfest-west\/#respond"]}]},{"@type":"WebPage","@id":"https:\/\/gruene-ov-stuttgart.de\/west\/einladung-zum-buergerfest-west\/","url":"https:\/\/gruene-ov-stuttgart.de\/west\/einladung-zum-buergerfest-west\/","name":"Einladung zum B\u00fcrgerfest West - Gr\u00fcne Stuttgart West","isPartOf":{"@id":"https:\/\/gruene-ov-stuttgart.de\/west\/#website"},"primaryImageOfPage":{"@id":"https:\/\/gruene-ov-stuttgart.de\/west\/einladung-zum-buergerfest-west\/#primaryimage"},"image":{"@id":"https:\/\/gruene-ov-stuttgart.de\/west\/einladung-zum-buergerfest-west\/#primaryimage"},"thumbnailUrl":"https:\/\/gruene-ov-stuttgart.de\/west\/wp-content\/uploads\/2024\/04\/buergerfest_west_2024.jpg","datePublished":"2024-04-18T22:25:54+00:00","dateModified":"2024-04-18T22:25:55+00:00","author":{"@id":"https:\/\/gruene-ov-stuttgart.de\/west\/#\/schema\/person\/4f1fc8f6a0d171ecc493f6ebd0a92ce9"},"breadcrumb":{"@id":"https:\/\/gruene-ov-stuttgart.de\/west\/einladung-zum-buergerfest-west\/#breadcrumb"},"inLanguage":"de","potentialAction":[{"@type":"ReadAction","target":["https:\/\/gruene-ov-stuttgart.de\/west\/einladung-zum-buergerfest-west\/"]}]},{"@type":"ImageObject","inLanguage":"de","@id":"https:\/\/gruene-ov-stuttgart.de\/west\/einladung-zum-buergerfest-west\/#primaryimage","url":"https:\/\/gruene-ov-stuttgart.de\/west\/wp-content\/uploads\/2024\/04\/buergerfest_west_2024.jpg","contentUrl":"https:\/\/gruene-ov-stuttgart.de\/west\/wp-content\/uploads\/2024\/04\/buergerfest_west_2024.jpg","width":1240,"height":1240},{"@type":"BreadcrumbList","@id":"https:\/\/gruene-ov-stuttgart.de\/west\/einladung-zum-buergerfest-west\/#breadcrumb","itemListElement":[{"@type":"ListItem","position":1,"name":"Startseite","item":"https:\/\/gruene-ov-stuttgart.de\/west\/"},{"@type":"ListItem","position":2,"name":"Einladung zum B\u00fcrgerfest West"}]},{"@type":"WebSite","@id":"https:\/\/gruene-ov-stuttgart.de\/west\/#website","url":"https:\/\/gruene-ov-stuttgart.de\/west\/","name":"Gr\u00fcne Stuttgart West","description":"B\u00fcndnis 90\/DIE GR\u00dcNEN im Stuttgarter Westen","potentialAction":[{"@type":"SearchAction","target":{"@type":"EntryPoint","urlTemplate":"https:\/\/gruene-ov-stuttgart.de\/west\/?s={search_term_string}"},"query-input":{"@type":"PropertyValueSpecification","valueRequired":true,"valueName":"search_term_string"}}],"inLanguage":"de"},{"@type":"Person","@id":"https:\/\/gruene-ov-stuttgart.de\/west\/#\/schema\/person\/4f1fc8f6a0d171ecc493f6ebd0a92ce9","name":"Markus Ganser","image":{"@type":"ImageObject","inLanguage":"de","@id":"https:\/\/secure.gravatar.com\/avatar\/8a059f8d53f70ebd2d7efe5e2b47f2277dd0fbeaa1c84a62d836dc9e6b5e50de?s=96&d=wavatar&r=g","url":"https:\/\/secure.gravatar.com\/avatar\/8a059f8d53f70ebd2d7efe5e2b47f2277dd0fbeaa1c84a62d836dc9e6b5e50de?s=96&d=wavatar&r=g","contentUrl":"https:\/\/secure.gravatar.com\/avatar\/8a059f8d53f70ebd2d7efe5e2b47f2277dd0fbeaa1c84a62d836dc9e6b5e50de?s=96&d=wavatar&r=g","caption":"Markus Ganser"},"url":"https:\/\/gruene-ov-stuttgart.de\/west\/author\/markus-ganser\/"}]}},"_links":{"self":[{"href":"https:\/\/gruene-ov-stuttgart.de\/west\/wp-json\/wp\/v2\/posts\/1763","targetHints":{"allow":["GET"]}}],"collection":[{"href":"https:\/\/gruene-ov-stuttgart.de\/west\/wp-json\/wp\/v2\/posts"}],"about":[{"href":"https:\/\/gruene-ov-stuttgart.de\/west\/wp-json\/wp\/v2\/types\/post"}],"author":[{"embeddable":true,"href":"https:\/\/gruene-ov-stuttgart.de\/west\/wp-json\/wp\/v2\/users\/17"}],"replies":[{"embeddable":true,"href":"https:\/\/gruene-ov-stuttgart.de\/west\/wp-json\/wp\/v2\/comments?post=1763"}],"version-history":[{"count":6,"href":"https:\/\/gruene-ov-stuttgart.de\/west\/wp-json\/wp\/v2\/posts\/1763\/revisions"}],"predecessor-version":[{"id":1771,"href":"https:\/\/gruene-ov-stuttgart.de\/west\/wp-json\/wp\/v2\/posts\/1763\/revisions\/1771"}],"wp:featuredmedia":[{"embeddable":true,"href":"https:\/\/gruene-ov-stuttgart.de\/west\/wp-json\/wp\/v2\/media\/1748"}],"wp:attachment":[{"href":"https:\/\/gruene-ov-stuttgart.de\/west\/wp-json\/wp\/v2\/media?parent=1763"}],"wp:term":[{"taxonomy":"category","embeddable":true,"href":"https:\/\/gruene-ov-stuttgart.de\/west\/wp-json\/wp\/v2\/categories?post=1763"},{"taxonomy":"post_tag","embeddable":true,"href":"https:\/\/gruene-ov-stuttgart.de\/west\/wp-json\/wp\/v2\/tags?post=1763"}],"curies":[{"name":"wp","href":"https:\/\/api.w.org\/{rel}","templated":true}]}}