{"id":1807,"date":"2024-05-05T23:52:19","date_gmt":"2024-05-05T21:52:19","guid":{"rendered":"https:\/\/gruene-ov-stuttgart.de\/west\/?p=1807"},"modified":"2024-05-05T23:53:25","modified_gmt":"2024-05-05T21:53:25","slug":"impressionen-vom-may-ayim-platz-und-buergerfest-west","status":"publish","type":"post","link":"https:\/\/gruene-ov-stuttgart.de\/west\/impressionen-vom-may-ayim-platz-und-buergerfest-west\/","title":{"rendered":"Impressionen vom May-Ayim-Platz und B\u00fcrgerfest West"},"content":{"rendered":"\n<p>An diesem Wochenende hat sich der Stuttgarter Westen, wie so h\u00e4ufig, vielf\u00e4ltig und bunt gezeigt. Zwei Veranstaltungen wollen wir an der Stelle kurz Revue passieren lassen:<\/p>\n\n\n\n<p>Auf dem <strong>May-Ayim-Platz<\/strong> (<a href=\"https:\/\/www.google.de\/maps\/place\/May-Ayim-Platz,+70176+Stuttgart-West\/@48.772516,9.157696,17z\/data=!3m1!4b1!4m6!3m5!1s0x4799db43c2cf3933:0x855cb5a82cda4719!8m2!3d48.772516!4d9.1602709!16s%2Fg%2F11kpjgddd0?entry=ttu\">liegt hier<\/a>), der vor Kurzem eingeweiht wurde, fand eine k\u00fcnstler-literarische Veranstaltung zum Tag des Geburtstag von <a href=\"https:\/\/de.wikipedia.org\/wiki\/May_Ayim\">May Ayim<\/a> (3. Mai) statt. Mit Lesungen, Musik und Open-Mic war ein rundum gelungenes Rahmenprogramm geboten. Wir von den Gr\u00fcnen sind sehr gern gekommen und haben das Projekt im Bezirksbeirat unterst\u00fctzt. Herzlichen Dank an die Organisatoren f\u00fcr diese wertvolle Initiative!<\/p>\n\n\n\n<div class=\"wp-block-columns is-layout-flex wp-container-core-columns-is-layout-9d6595d7 wp-block-columns-is-layout-flex\">\n<div class=\"wp-block-column is-layout-flow wp-block-column-is-layout-flow\">\n<figure class=\"wp-block-image size-large is-resized\"><img loading=\"lazy\" decoding=\"async\" width=\"800\" height=\"600\" src=\"https:\/\/gruene-ov-stuttgart.de\/west\/wp-content\/uploads\/2024\/05\/grafik-3-800x600.png\" alt=\"\" class=\"wp-image-1813\" style=\"width:459px;height:auto\" srcset=\"https:\/\/gruene-ov-stuttgart.de\/west\/wp-content\/uploads\/2024\/05\/grafik-3-800x600.png 800w, https:\/\/gruene-ov-stuttgart.de\/west\/wp-content\/uploads\/2024\/05\/grafik-3-400x300.png 400w, https:\/\/gruene-ov-stuttgart.de\/west\/wp-content\/uploads\/2024\/05\/grafik-3-768x576.png 768w, https:\/\/gruene-ov-stuttgart.de\/west\/wp-content\/uploads\/2024\/05\/grafik-3-1536x1152.png 1536w, https:\/\/gruene-ov-stuttgart.de\/west\/wp-content\/uploads\/2024\/05\/grafik-3.png 2048w\" sizes=\"auto, (max-width: 800px) 100vw, 800px\" \/><\/figure>\n<\/div>\n\n\n\n<div class=\"wp-block-column is-layout-flow wp-block-column-is-layout-flow\">\n<figure class=\"wp-block-image aligncenter size-large is-resized\"><img loading=\"lazy\" decoding=\"async\" width=\"1130\" height=\"1506\" src=\"https:\/\/gruene-ov-stuttgart.de\/west\/wp-content\/uploads\/2024\/05\/grafik-2-edited-1.png\" alt=\"\" class=\"wp-image-1812\" style=\"width:251px;height:auto\" srcset=\"https:\/\/gruene-ov-stuttgart.de\/west\/wp-content\/uploads\/2024\/05\/grafik-2-edited-1.png 1130w, https:\/\/gruene-ov-stuttgart.de\/west\/wp-content\/uploads\/2024\/05\/grafik-2-edited-1-400x533.png 400w, https:\/\/gruene-ov-stuttgart.de\/west\/wp-content\/uploads\/2024\/05\/grafik-2-edited-1-800x1066.png 800w, https:\/\/gruene-ov-stuttgart.de\/west\/wp-content\/uploads\/2024\/05\/grafik-2-edited-1-768x1024.png 768w\" sizes=\"auto, (max-width: 1130px) 100vw, 1130px\" \/><\/figure>\n<\/div>\n<\/div>\n\n\n\n<p>Am Samstag fand das <a href=\"https:\/\/gruene-ov-stuttgart.de\/west\/einladung-zum-buergerfest-west\/\"><strong>B\u00fcrgerfest West<\/strong> <\/a>statt. Viele Vereine und Initiativen aus dem Stuttgarter Westen haben zu einem gelungenen Tag beigetragen. Auch der Bezirksbeirat war mit einem Stand vertreten. Es hat <a href=\"https:\/\/gruene-ov-stuttgart.de\/west\/das-sind-wir\/bezirksbeirat\/fraktion\/\">uns<\/a> sehr gefreut, mit den B\u00fcrgern in den Austausch zu gehen, um \u00fcber geplante und umgesetzte Projekte im Westen zu reden (siehe auch <a href=\"https:\/\/gruene-ov-stuttgart.de\/west\/kontakt\/\">Gr\u00fcnWirkt<\/a>), aber auch neue Ideen aufzunehmen. <\/p>\n\n\n\n<figure class=\"wp-block-gallery has-nested-images columns-default is-cropped wp-block-gallery-1 is-layout-flex wp-block-gallery-is-layout-flex\">\n<figure class=\"wp-block-image size-large\"><img loading=\"lazy\" decoding=\"async\" width=\"800\" height=\"600\" data-id=\"1816\" src=\"https:\/\/gruene-ov-stuttgart.de\/west\/wp-content\/uploads\/2024\/05\/grafik-6-800x600.png\" alt=\"\" class=\"wp-image-1816\" srcset=\"https:\/\/gruene-ov-stuttgart.de\/west\/wp-content\/uploads\/2024\/05\/grafik-6-800x600.png 800w, https:\/\/gruene-ov-stuttgart.de\/west\/wp-content\/uploads\/2024\/05\/grafik-6-400x300.png 400w, https:\/\/gruene-ov-stuttgart.de\/west\/wp-content\/uploads\/2024\/05\/grafik-6-768x576.png 768w, https:\/\/gruene-ov-stuttgart.de\/west\/wp-content\/uploads\/2024\/05\/grafik-6-1536x1152.png 1536w, https:\/\/gruene-ov-stuttgart.de\/west\/wp-content\/uploads\/2024\/05\/grafik-6.png 2048w\" sizes=\"auto, (max-width: 800px) 100vw, 800px\" \/><\/figure>\n\n\n\n<figure class=\"wp-block-image size-large is-style-default\"><img loading=\"lazy\" decoding=\"async\" width=\"800\" height=\"600\" data-id=\"1814\" src=\"https:\/\/gruene-ov-stuttgart.de\/west\/wp-content\/uploads\/2024\/05\/grafik-4-800x600.png\" alt=\"\" class=\"wp-image-1814\" srcset=\"https:\/\/gruene-ov-stuttgart.de\/west\/wp-content\/uploads\/2024\/05\/grafik-4-800x600.png 800w, https:\/\/gruene-ov-stuttgart.de\/west\/wp-content\/uploads\/2024\/05\/grafik-4-400x300.png 400w, https:\/\/gruene-ov-stuttgart.de\/west\/wp-content\/uploads\/2024\/05\/grafik-4-768x576.png 768w, https:\/\/gruene-ov-stuttgart.de\/west\/wp-content\/uploads\/2024\/05\/grafik-4-1536x1152.png 1536w, https:\/\/gruene-ov-stuttgart.de\/west\/wp-content\/uploads\/2024\/05\/grafik-4.png 2048w\" sizes=\"auto, (max-width: 800px) 100vw, 800px\" \/><\/figure>\n<\/figure>\n","protected":false},"excerpt":{"rendered":"<p>An diesem Wochenende hat sich der Stuttgarter Westen, wie so h\u00e4ufig, vielf\u00e4ltig und bunt gezeigt. Zwei Veranstaltungen wollen wir an der Stelle kurz Revue passieren lassen: Auf dem May-Ayim-Platz (liegt [&hellip;]<\/p>\n","protected":false},"author":-1,"featured_media":0,"comment_status":"open","ping_status":"open","sticky":false,"template":"","format":"standard","meta":{"footnotes":"","beyondwords_generate_audio":"","beyondwords_integration_method":"","beyondwords_project_id":"","beyondwords_content_id":"","beyondwords_preview_token":"","beyondwords_player_content":"","beyondwords_player_style":"","beyondwords_language_code":"","beyondwords_language_id":"","beyondwords_title_voice_id":"","beyondwords_body_voice_id":"","beyondwords_summary_voice_id":"","beyondwords_error_message":"","beyondwords_disabled":"","beyondwords_delete_content":"","beyondwords_podcast_id":"","beyondwords_hash":"","publish_post_to_speechkit":"","speechkit_hash":"","speechkit_generate_audio":"","speechkit_project_id":"","speechkit_podcast_id":"","speechkit_error_message":"","speechkit_disabled":"","speechkit_access_key":"","speechkit_error":"","speechkit_info":"","speechkit_response":"","speechkit_retries":"","speechkit_status":"","speechkit_updated_at":"","_speechkit_link":"","_speechkit_text":""},"categories":[1],"tags":[],"class_list":["post-1807","post","type-post","status-publish","format-standard","hentry","category-aktuelles"],"yoast_head":"<!-- This site is optimized with the Yoast SEO plugin v27.5 - https:\/\/yoast.com\/product\/yoast-seo-wordpress\/ -->\n<title>Impressionen vom May-Ayim-Platz und B\u00fcrgerfest West - Gr\u00fcne Stuttgart West<\/title>\n<meta name=\"robots\" content=\"index, follow, max-snippet:-1, max-image-preview:large, max-video-preview:-1\" \/>\n<link rel=\"canonical\" href=\"https:\/\/gruene-ov-stuttgart.de\/west\/impressionen-vom-may-ayim-platz-und-buergerfest-west\/\" \/>\n<meta property=\"og:locale\" content=\"de_DE\" \/>\n<meta property=\"og:type\" content=\"article\" \/>\n<meta property=\"og:title\" content=\"Impressionen vom May-Ayim-Platz und B\u00fcrgerfest West - Gr\u00fcne Stuttgart West\" \/>\n<meta property=\"og:description\" content=\"An diesem Wochenende hat sich der Stuttgarter Westen, wie so h\u00e4ufig, vielf\u00e4ltig und bunt gezeigt. Zwei Veranstaltungen wollen wir an der Stelle kurz Revue passieren lassen: Auf dem May-Ayim-Platz (liegt [&hellip;]\" \/>\n<meta property=\"og:url\" content=\"https:\/\/gruene-ov-stuttgart.de\/west\/impressionen-vom-may-ayim-platz-und-buergerfest-west\/\" \/>\n<meta property=\"og:site_name\" content=\"Gr\u00fcne Stuttgart West\" \/>\n<meta property=\"article:published_time\" content=\"2024-05-05T21:52:19+00:00\" \/>\n<meta property=\"article:modified_time\" content=\"2024-05-05T21:53:25+00:00\" \/>\n<meta property=\"og:image\" content=\"https:\/\/gruene-ov-stuttgart.de\/west\/wp-content\/uploads\/2024\/05\/grafik-3-800x600.png\" \/>\n<meta name=\"author\" content=\"Markus Ganser\" \/>\n<meta name=\"twitter:card\" content=\"summary_large_image\" \/>\n<script type=\"application\/ld+json\" class=\"yoast-schema-graph\">{\"@context\":\"https:\\\/\\\/schema.org\",\"@graph\":[{\"@type\":\"Article\",\"@id\":\"https:\\\/\\\/gruene-ov-stuttgart.de\\\/west\\\/impressionen-vom-may-ayim-platz-und-buergerfest-west\\\/#article\",\"isPartOf\":{\"@id\":\"https:\\\/\\\/gruene-ov-stuttgart.de\\\/west\\\/impressionen-vom-may-ayim-platz-und-buergerfest-west\\\/\"},\"author\":{\"name\":\"Markus Ganser\",\"@id\":\"https:\\\/\\\/gruene-ov-stuttgart.de\\\/west\\\/#\\\/schema\\\/person\\\/4f1fc8f6a0d171ecc493f6ebd0a92ce9\"},\"headline\":\"Impressionen vom May-Ayim-Platz und B\u00fcrgerfest West\",\"datePublished\":\"2024-05-05T21:52:19+00:00\",\"dateModified\":\"2024-05-05T21:53:25+00:00\",\"mainEntityOfPage\":{\"@id\":\"https:\\\/\\\/gruene-ov-stuttgart.de\\\/west\\\/impressionen-vom-may-ayim-platz-und-buergerfest-west\\\/\"},\"wordCount\":160,\"commentCount\":0,\"image\":{\"@id\":\"https:\\\/\\\/gruene-ov-stuttgart.de\\\/west\\\/impressionen-vom-may-ayim-platz-und-buergerfest-west\\\/#primaryimage\"},\"thumbnailUrl\":\"https:\\\/\\\/gruene-ov-stuttgart.de\\\/west\\\/wp-content\\\/uploads\\\/2024\\\/05\\\/grafik-3-800x600.png\",\"articleSection\":[\"Aktuelles\"],\"inLanguage\":\"de\",\"potentialAction\":[{\"@type\":\"CommentAction\",\"name\":\"Comment\",\"target\":[\"https:\\\/\\\/gruene-ov-stuttgart.de\\\/west\\\/impressionen-vom-may-ayim-platz-und-buergerfest-west\\\/#respond\"]}]},{\"@type\":\"WebPage\",\"@id\":\"https:\\\/\\\/gruene-ov-stuttgart.de\\\/west\\\/impressionen-vom-may-ayim-platz-und-buergerfest-west\\\/\",\"url\":\"https:\\\/\\\/gruene-ov-stuttgart.de\\\/west\\\/impressionen-vom-may-ayim-platz-und-buergerfest-west\\\/\",\"name\":\"Impressionen vom May-Ayim-Platz und B\u00fcrgerfest West - Gr\u00fcne Stuttgart West\",\"isPartOf\":{\"@id\":\"https:\\\/\\\/gruene-ov-stuttgart.de\\\/west\\\/#website\"},\"primaryImageOfPage\":{\"@id\":\"https:\\\/\\\/gruene-ov-stuttgart.de\\\/west\\\/impressionen-vom-may-ayim-platz-und-buergerfest-west\\\/#primaryimage\"},\"image\":{\"@id\":\"https:\\\/\\\/gruene-ov-stuttgart.de\\\/west\\\/impressionen-vom-may-ayim-platz-und-buergerfest-west\\\/#primaryimage\"},\"thumbnailUrl\":\"https:\\\/\\\/gruene-ov-stuttgart.de\\\/west\\\/wp-content\\\/uploads\\\/2024\\\/05\\\/grafik-3-800x600.png\",\"datePublished\":\"2024-05-05T21:52:19+00:00\",\"dateModified\":\"2024-05-05T21:53:25+00:00\",\"author\":{\"@id\":\"https:\\\/\\\/gruene-ov-stuttgart.de\\\/west\\\/#\\\/schema\\\/person\\\/4f1fc8f6a0d171ecc493f6ebd0a92ce9\"},\"breadcrumb\":{\"@id\":\"https:\\\/\\\/gruene-ov-stuttgart.de\\\/west\\\/impressionen-vom-may-ayim-platz-und-buergerfest-west\\\/#breadcrumb\"},\"inLanguage\":\"de\",\"potentialAction\":[{\"@type\":\"ReadAction\",\"target\":[\"https:\\\/\\\/gruene-ov-stuttgart.de\\\/west\\\/impressionen-vom-may-ayim-platz-und-buergerfest-west\\\/\"]}]},{\"@type\":\"ImageObject\",\"inLanguage\":\"de\",\"@id\":\"https:\\\/\\\/gruene-ov-stuttgart.de\\\/west\\\/impressionen-vom-may-ayim-platz-und-buergerfest-west\\\/#primaryimage\",\"url\":\"https:\\\/\\\/gruene-ov-stuttgart.de\\\/west\\\/wp-content\\\/uploads\\\/2024\\\/05\\\/grafik-3.png\",\"contentUrl\":\"https:\\\/\\\/gruene-ov-stuttgart.de\\\/west\\\/wp-content\\\/uploads\\\/2024\\\/05\\\/grafik-3.png\",\"width\":2048,\"height\":1536},{\"@type\":\"BreadcrumbList\",\"@id\":\"https:\\\/\\\/gruene-ov-stuttgart.de\\\/west\\\/impressionen-vom-may-ayim-platz-und-buergerfest-west\\\/#breadcrumb\",\"itemListElement\":[{\"@type\":\"ListItem\",\"position\":1,\"name\":\"Startseite\",\"item\":\"https:\\\/\\\/gruene-ov-stuttgart.de\\\/west\\\/\"},{\"@type\":\"ListItem\",\"position\":2,\"name\":\"Impressionen vom May-Ayim-Platz und B\u00fcrgerfest West\"}]},{\"@type\":\"WebSite\",\"@id\":\"https:\\\/\\\/gruene-ov-stuttgart.de\\\/west\\\/#website\",\"url\":\"https:\\\/\\\/gruene-ov-stuttgart.de\\\/west\\\/\",\"name\":\"Gr\u00fcne Stuttgart West\",\"description\":\"B\u00fcndnis 90\\\/DIE GR\u00dcNEN im Stuttgarter Westen\",\"potentialAction\":[{\"@type\":\"SearchAction\",\"target\":{\"@type\":\"EntryPoint\",\"urlTemplate\":\"https:\\\/\\\/gruene-ov-stuttgart.de\\\/west\\\/?s={search_term_string}\"},\"query-input\":{\"@type\":\"PropertyValueSpecification\",\"valueRequired\":true,\"valueName\":\"search_term_string\"}}],\"inLanguage\":\"de\"},{\"@type\":\"Person\",\"@id\":\"https:\\\/\\\/gruene-ov-stuttgart.de\\\/west\\\/#\\\/schema\\\/person\\\/4f1fc8f6a0d171ecc493f6ebd0a92ce9\",\"name\":\"Markus Ganser\",\"image\":{\"@type\":\"ImageObject\",\"inLanguage\":\"de\",\"@id\":\"https:\\\/\\\/secure.gravatar.com\\\/avatar\\\/8a059f8d53f70ebd2d7efe5e2b47f2277dd0fbeaa1c84a62d836dc9e6b5e50de?s=96&d=wavatar&r=g\",\"url\":\"https:\\\/\\\/secure.gravatar.com\\\/avatar\\\/8a059f8d53f70ebd2d7efe5e2b47f2277dd0fbeaa1c84a62d836dc9e6b5e50de?s=96&d=wavatar&r=g\",\"contentUrl\":\"https:\\\/\\\/secure.gravatar.com\\\/avatar\\\/8a059f8d53f70ebd2d7efe5e2b47f2277dd0fbeaa1c84a62d836dc9e6b5e50de?s=96&d=wavatar&r=g\",\"caption\":\"Markus Ganser\"},\"url\":\"https:\\\/\\\/gruene-ov-stuttgart.de\\\/west\\\/author\\\/markus-ganser\\\/\"}]}<\/script>\n<!-- \/ Yoast SEO plugin. -->","yoast_head_json":{"title":"Impressionen vom May-Ayim-Platz und B\u00fcrgerfest West - Gr\u00fcne Stuttgart West","robots":{"index":"index","follow":"follow","max-snippet":"max-snippet:-1","max-image-preview":"max-image-preview:large","max-video-preview":"max-video-preview:-1"},"canonical":"https:\/\/gruene-ov-stuttgart.de\/west\/impressionen-vom-may-ayim-platz-und-buergerfest-west\/","og_locale":"de_DE","og_type":"article","og_title":"Impressionen vom May-Ayim-Platz und B\u00fcrgerfest West - Gr\u00fcne Stuttgart West","og_description":"An diesem Wochenende hat sich der Stuttgarter Westen, wie so h\u00e4ufig, vielf\u00e4ltig und bunt gezeigt. Zwei Veranstaltungen wollen wir an der Stelle kurz Revue passieren lassen: Auf dem May-Ayim-Platz (liegt [&hellip;]","og_url":"https:\/\/gruene-ov-stuttgart.de\/west\/impressionen-vom-may-ayim-platz-und-buergerfest-west\/","og_site_name":"Gr\u00fcne Stuttgart West","article_published_time":"2024-05-05T21:52:19+00:00","article_modified_time":"2024-05-05T21:53:25+00:00","og_image":[{"url":"https:\/\/gruene-ov-stuttgart.de\/west\/wp-content\/uploads\/2024\/05\/grafik-3-800x600.png","type":"","width":"","height":""}],"author":"Markus Ganser","twitter_card":"summary_large_image","schema":{"@context":"https:\/\/schema.org","@graph":[{"@type":"Article","@id":"https:\/\/gruene-ov-stuttgart.de\/west\/impressionen-vom-may-ayim-platz-und-buergerfest-west\/#article","isPartOf":{"@id":"https:\/\/gruene-ov-stuttgart.de\/west\/impressionen-vom-may-ayim-platz-und-buergerfest-west\/"},"author":{"name":"Markus Ganser","@id":"https:\/\/gruene-ov-stuttgart.de\/west\/#\/schema\/person\/4f1fc8f6a0d171ecc493f6ebd0a92ce9"},"headline":"Impressionen vom May-Ayim-Platz und B\u00fcrgerfest West","datePublished":"2024-05-05T21:52:19+00:00","dateModified":"2024-05-05T21:53:25+00:00","mainEntityOfPage":{"@id":"https:\/\/gruene-ov-stuttgart.de\/west\/impressionen-vom-may-ayim-platz-und-buergerfest-west\/"},"wordCount":160,"commentCount":0,"image":{"@id":"https:\/\/gruene-ov-stuttgart.de\/west\/impressionen-vom-may-ayim-platz-und-buergerfest-west\/#primaryimage"},"thumbnailUrl":"https:\/\/gruene-ov-stuttgart.de\/west\/wp-content\/uploads\/2024\/05\/grafik-3-800x600.png","articleSection":["Aktuelles"],"inLanguage":"de","potentialAction":[{"@type":"CommentAction","name":"Comment","target":["https:\/\/gruene-ov-stuttgart.de\/west\/impressionen-vom-may-ayim-platz-und-buergerfest-west\/#respond"]}]},{"@type":"WebPage","@id":"https:\/\/gruene-ov-stuttgart.de\/west\/impressionen-vom-may-ayim-platz-und-buergerfest-west\/","url":"https:\/\/gruene-ov-stuttgart.de\/west\/impressionen-vom-may-ayim-platz-und-buergerfest-west\/","name":"Impressionen vom May-Ayim-Platz und B\u00fcrgerfest West - Gr\u00fcne Stuttgart West","isPartOf":{"@id":"https:\/\/gruene-ov-stuttgart.de\/west\/#website"},"primaryImageOfPage":{"@id":"https:\/\/gruene-ov-stuttgart.de\/west\/impressionen-vom-may-ayim-platz-und-buergerfest-west\/#primaryimage"},"image":{"@id":"https:\/\/gruene-ov-stuttgart.de\/west\/impressionen-vom-may-ayim-platz-und-buergerfest-west\/#primaryimage"},"thumbnailUrl":"https:\/\/gruene-ov-stuttgart.de\/west\/wp-content\/uploads\/2024\/05\/grafik-3-800x600.png","datePublished":"2024-05-05T21:52:19+00:00","dateModified":"2024-05-05T21:53:25+00:00","author":{"@id":"https:\/\/gruene-ov-stuttgart.de\/west\/#\/schema\/person\/4f1fc8f6a0d171ecc493f6ebd0a92ce9"},"breadcrumb":{"@id":"https:\/\/gruene-ov-stuttgart.de\/west\/impressionen-vom-may-ayim-platz-und-buergerfest-west\/#breadcrumb"},"inLanguage":"de","potentialAction":[{"@type":"ReadAction","target":["https:\/\/gruene-ov-stuttgart.de\/west\/impressionen-vom-may-ayim-platz-und-buergerfest-west\/"]}]},{"@type":"ImageObject","inLanguage":"de","@id":"https:\/\/gruene-ov-stuttgart.de\/west\/impressionen-vom-may-ayim-platz-und-buergerfest-west\/#primaryimage","url":"https:\/\/gruene-ov-stuttgart.de\/west\/wp-content\/uploads\/2024\/05\/grafik-3.png","contentUrl":"https:\/\/gruene-ov-stuttgart.de\/west\/wp-content\/uploads\/2024\/05\/grafik-3.png","width":2048,"height":1536},{"@type":"BreadcrumbList","@id":"https:\/\/gruene-ov-stuttgart.de\/west\/impressionen-vom-may-ayim-platz-und-buergerfest-west\/#breadcrumb","itemListElement":[{"@type":"ListItem","position":1,"name":"Startseite","item":"https:\/\/gruene-ov-stuttgart.de\/west\/"},{"@type":"ListItem","position":2,"name":"Impressionen vom May-Ayim-Platz und B\u00fcrgerfest West"}]},{"@type":"WebSite","@id":"https:\/\/gruene-ov-stuttgart.de\/west\/#website","url":"https:\/\/gruene-ov-stuttgart.de\/west\/","name":"Gr\u00fcne Stuttgart West","description":"B\u00fcndnis 90\/DIE GR\u00dcNEN im Stuttgarter Westen","potentialAction":[{"@type":"SearchAction","target":{"@type":"EntryPoint","urlTemplate":"https:\/\/gruene-ov-stuttgart.de\/west\/?s={search_term_string}"},"query-input":{"@type":"PropertyValueSpecification","valueRequired":true,"valueName":"search_term_string"}}],"inLanguage":"de"},{"@type":"Person","@id":"https:\/\/gruene-ov-stuttgart.de\/west\/#\/schema\/person\/4f1fc8f6a0d171ecc493f6ebd0a92ce9","name":"Markus Ganser","image":{"@type":"ImageObject","inLanguage":"de","@id":"https:\/\/secure.gravatar.com\/avatar\/8a059f8d53f70ebd2d7efe5e2b47f2277dd0fbeaa1c84a62d836dc9e6b5e50de?s=96&d=wavatar&r=g","url":"https:\/\/secure.gravatar.com\/avatar\/8a059f8d53f70ebd2d7efe5e2b47f2277dd0fbeaa1c84a62d836dc9e6b5e50de?s=96&d=wavatar&r=g","contentUrl":"https:\/\/secure.gravatar.com\/avatar\/8a059f8d53f70ebd2d7efe5e2b47f2277dd0fbeaa1c84a62d836dc9e6b5e50de?s=96&d=wavatar&r=g","caption":"Markus Ganser"},"url":"https:\/\/gruene-ov-stuttgart.de\/west\/author\/markus-ganser\/"}]}},"_links":{"self":[{"href":"https:\/\/gruene-ov-stuttgart.de\/west\/wp-json\/wp\/v2\/posts\/1807","targetHints":{"allow":["GET"]}}],"collection":[{"href":"https:\/\/gruene-ov-stuttgart.de\/west\/wp-json\/wp\/v2\/posts"}],"about":[{"href":"https:\/\/gruene-ov-stuttgart.de\/west\/wp-json\/wp\/v2\/types\/post"}],"author":[{"embeddable":true,"href":"https:\/\/gruene-ov-stuttgart.de\/west\/wp-json\/wp\/v2\/users\/17"}],"replies":[{"embeddable":true,"href":"https:\/\/gruene-ov-stuttgart.de\/west\/wp-json\/wp\/v2\/comments?post=1807"}],"version-history":[{"count":4,"href":"https:\/\/gruene-ov-stuttgart.de\/west\/wp-json\/wp\/v2\/posts\/1807\/revisions"}],"predecessor-version":[{"id":1846,"href":"https:\/\/gruene-ov-stuttgart.de\/west\/wp-json\/wp\/v2\/posts\/1807\/revisions\/1846"}],"wp:attachment":[{"href":"https:\/\/gruene-ov-stuttgart.de\/west\/wp-json\/wp\/v2\/media?parent=1807"}],"wp:term":[{"taxonomy":"category","embeddable":true,"href":"https:\/\/gruene-ov-stuttgart.de\/west\/wp-json\/wp\/v2\/categories?post=1807"},{"taxonomy":"post_tag","embeddable":true,"href":"https:\/\/gruene-ov-stuttgart.de\/west\/wp-json\/wp\/v2\/tags?post=1807"}],"curies":[{"name":"wp","href":"https:\/\/api.w.org\/{rel}","templated":true}]}}