{"id":183,"date":"2018-02-11T23:35:23","date_gmt":"2018-02-11T22:35:23","guid":{"rendered":"http:\/\/gruene-ov-stuttgart.de\/west\/?p=183"},"modified":"2023-01-04T17:00:07","modified_gmt":"2023-01-04T16:00:07","slug":"wir-sagen-danke","status":"publish","type":"post","link":"https:\/\/gruene-ov-stuttgart.de\/west\/wir-sagen-danke\/","title":{"rendered":"Wir sagen &#8222;Danke&#8220;!"},"content":{"rendered":"<figure id=\"attachment_186\" aria-describedby=\"caption-attachment-186\" style=\"width: 400px\" class=\"wp-caption alignright\"><img loading=\"lazy\" decoding=\"async\" class=\"wp-image-186 size-medium\" src=\"https:\/\/gruene-ov-stuttgart.de\/west\/wp-content\/uploads\/2018\/02\/IMG_1277-400x300.jpg\" alt=\"\" width=\"400\" height=\"300\" srcset=\"https:\/\/gruene-ov-stuttgart.de\/west\/wp-content\/uploads\/2018\/02\/IMG_1277-400x300.jpg 400w, https:\/\/gruene-ov-stuttgart.de\/west\/wp-content\/uploads\/2018\/02\/IMG_1277-768x576.jpg 768w, https:\/\/gruene-ov-stuttgart.de\/west\/wp-content\/uploads\/2018\/02\/IMG_1277-800x600.jpg 800w, https:\/\/gruene-ov-stuttgart.de\/west\/wp-content\/uploads\/2018\/02\/IMG_1277-150x113.jpg 150w\" sizes=\"auto, (max-width: 400px) 100vw, 400px\" \/><figcaption id=\"caption-attachment-186\" class=\"wp-caption-text\">Anke und Bernhard bei unserer Eint\u00fctungs-Session<\/figcaption><\/figure>\n<p>Unser Ortsverband ist der gr\u00f6\u00dfte in Stuttgart, was die Mitgliederzahl angeht.<\/p>\n<p>Da wir jedes Mitglied und sein Engagement bei den GR\u00dcNEN sehr sch\u00e4tzen, haben wir uns zum Jahresbeginn eine kleine Postkartenaktion vorgenommen.<\/p>\n<p>Das Ziel? Danke zu sagen!<\/p>\n<p>Danke, dass Ihr dabei seid, danke, dass Ihr Euch einbringt und danke, dass Ihr an das Gr\u00fcne Programm glaubt!<\/p>\n<figure id=\"attachment_187\" aria-describedby=\"caption-attachment-187\" style=\"width: 400px\" class=\"wp-caption alignleft\"><img loading=\"lazy\" decoding=\"async\" class=\"wp-image-187 size-medium\" src=\"https:\/\/gruene-ov-stuttgart.de\/west\/wp-content\/uploads\/2018\/02\/IMG_1318-e1518386811186-400x533.jpg\" alt=\"\" width=\"400\" height=\"533\" srcset=\"https:\/\/gruene-ov-stuttgart.de\/west\/wp-content\/uploads\/2018\/02\/IMG_1318-e1518386811186-400x533.jpg 400w, https:\/\/gruene-ov-stuttgart.de\/west\/wp-content\/uploads\/2018\/02\/IMG_1318-e1518386811186-768x1024.jpg 768w, https:\/\/gruene-ov-stuttgart.de\/west\/wp-content\/uploads\/2018\/02\/IMG_1318-e1518386811186-800x1067.jpg 800w, https:\/\/gruene-ov-stuttgart.de\/west\/wp-content\/uploads\/2018\/02\/IMG_1318-e1518386811186-113x150.jpg 113w\" sizes=\"auto, (max-width: 400px) 100vw, 400px\" \/><figcaption id=\"caption-attachment-187\" class=\"wp-caption-text\">Jitka beim Verteilen der Gru\u00dfkarten<\/figcaption><\/figure>\n<p>&nbsp;<\/p>\n<p>Wir &#8211; Anke, Bernhard und Jitka &#8211; w\u00fcrden uns sehr freuen, wenn Ihr auch 2018 Euren Weg zu unseren Mitgliederversammlungen im B\u00fcrgerzentrum West findet.<\/p>\n<p>Dieses Jahr werden wir uns den Themen widmen, die in unserer Mitgliederumfrage die meisten Stimmen bekommen haben: <strong>B\u00fcrgerversicherung, &nbsp;\u00f6ffentlicher Nahverkehr, Radfahren und Mobilit\u00e4t, bedingungsloses Grundeinkommen und \u00f6kologischer Landbau<\/strong>.<\/p>\n<p>Wie Ihr sicher wisst: Nach der Wahl ist vor der Wahl. Daher werden wir uns nach der BTW17 nicht wirklich ausruhen k\u00f6nnen, da die Kommunal- und EU-Wahlen anstehen. Am 17. November wird auf einer Kreismitgliederversammlung die Kandidat*innenliste f\u00fcr die Gemeinderatswahl 2019 gew\u00e4hlt und unser OV m\u00f6chte starke Kandidat*innen ins Rennen schicken. Wer das nun sein wird? Das erf\u00e4hrt Ihr bei der Mitgliederversammlung am 28. Februar, wo sich die ambitionierten Mitglieder vorstellen werden. Stay tuned!<\/p>\n<p>Falls ihr auf Eure pers\u00f6nliche Karte noch wartet, seid bitte geduldig &#8211; wir sind dran!<\/p>\n<p>&nbsp;<\/p>\n","protected":false},"excerpt":{"rendered":"<p>Unser Ortsverband ist der gr\u00f6\u00dfte in Stuttgart, was die Mitgliederzahl angeht. Da wir jedes Mitglied und sein Engagement bei den GR\u00dcNEN sehr sch\u00e4tzen, haben wir uns zum Jahresbeginn eine kleine [&hellip;]<\/p>\n","protected":false},"author":-1,"featured_media":184,"comment_status":"open","ping_status":"open","sticky":false,"template":"","format":"standard","meta":{"footnotes":"","beyondwords_generate_audio":"","beyondwords_integration_method":"","beyondwords_project_id":"","beyondwords_content_id":"","beyondwords_preview_token":"","beyondwords_player_content":"","beyondwords_player_style":"","beyondwords_language_code":"","beyondwords_language_id":"","beyondwords_title_voice_id":"","beyondwords_body_voice_id":"","beyondwords_summary_voice_id":"","beyondwords_error_message":"","beyondwords_disabled":"","beyondwords_delete_content":"","beyondwords_podcast_id":"","beyondwords_hash":"","publish_post_to_speechkit":"","speechkit_hash":"","speechkit_generate_audio":"","speechkit_project_id":"","speechkit_podcast_id":"","speechkit_error_message":"","speechkit_disabled":"","speechkit_access_key":"","speechkit_error":"","speechkit_info":"","speechkit_response":"","speechkit_retries":"","speechkit_status":"","speechkit_updated_at":"","_speechkit_link":"","_speechkit_text":""},"categories":[8,7],"tags":[],"class_list":["post-183","post","type-post","status-publish","format-standard","has-post-thumbnail","hentry","category-impressionen","category-ortsverband"],"yoast_head":"<!-- This site is optimized with the Yoast SEO plugin v27.5 - https:\/\/yoast.com\/product\/yoast-seo-wordpress\/ -->\n<title>Wir sagen &quot;Danke&quot;! - Gr\u00fcne Stuttgart West<\/title>\n<meta name=\"robots\" content=\"index, follow, max-snippet:-1, max-image-preview:large, max-video-preview:-1\" \/>\n<link rel=\"canonical\" href=\"https:\/\/gruene-ov-stuttgart.de\/west\/wir-sagen-danke\/\" \/>\n<meta property=\"og:locale\" content=\"de_DE\" \/>\n<meta property=\"og:type\" content=\"article\" \/>\n<meta property=\"og:title\" content=\"Wir sagen &quot;Danke&quot;! - Gr\u00fcne Stuttgart West\" \/>\n<meta property=\"og:description\" content=\"Unser Ortsverband ist der gr\u00f6\u00dfte in Stuttgart, was die Mitgliederzahl angeht. Da wir jedes Mitglied und sein Engagement bei den GR\u00dcNEN sehr sch\u00e4tzen, haben wir uns zum Jahresbeginn eine kleine [&hellip;]\" \/>\n<meta property=\"og:url\" content=\"https:\/\/gruene-ov-stuttgart.de\/west\/wir-sagen-danke\/\" \/>\n<meta property=\"og:site_name\" content=\"Gr\u00fcne Stuttgart West\" \/>\n<meta property=\"article:published_time\" content=\"2018-02-11T22:35:23+00:00\" \/>\n<meta property=\"article:modified_time\" content=\"2023-01-04T16:00:07+00:00\" \/>\n<meta property=\"og:image\" content=\"https:\/\/gruene-ov-stuttgart.de\/west\/wp-content\/uploads\/2018\/02\/IMG_1279.jpg\" \/>\n\t<meta property=\"og:image:width\" content=\"3264\" \/>\n\t<meta property=\"og:image:height\" content=\"2448\" \/>\n\t<meta property=\"og:image:type\" content=\"image\/jpeg\" \/>\n<meta name=\"author\" content=\"Sebastian Karl\" \/>\n<meta name=\"twitter:card\" content=\"summary_large_image\" \/>\n<script type=\"application\/ld+json\" class=\"yoast-schema-graph\">{\"@context\":\"https:\\\/\\\/schema.org\",\"@graph\":[{\"@type\":\"Article\",\"@id\":\"https:\\\/\\\/gruene-ov-stuttgart.de\\\/west\\\/wir-sagen-danke\\\/#article\",\"isPartOf\":{\"@id\":\"https:\\\/\\\/gruene-ov-stuttgart.de\\\/west\\\/wir-sagen-danke\\\/\"},\"author\":{\"name\":\"Sebastian Karl\",\"@id\":\"https:\\\/\\\/gruene-ov-stuttgart.de\\\/west\\\/#\\\/schema\\\/person\\\/2cbc769846ce82c89e96ccc535bc0e6a\"},\"headline\":\"Wir sagen &#8222;Danke&#8220;!\",\"datePublished\":\"2018-02-11T22:35:23+00:00\",\"dateModified\":\"2023-01-04T16:00:07+00:00\",\"mainEntityOfPage\":{\"@id\":\"https:\\\/\\\/gruene-ov-stuttgart.de\\\/west\\\/wir-sagen-danke\\\/\"},\"wordCount\":242,\"commentCount\":0,\"image\":{\"@id\":\"https:\\\/\\\/gruene-ov-stuttgart.de\\\/west\\\/wir-sagen-danke\\\/#primaryimage\"},\"thumbnailUrl\":\"https:\\\/\\\/gruene-ov-stuttgart.de\\\/west\\\/wp-content\\\/uploads\\\/2018\\\/02\\\/IMG_1279.jpg\",\"articleSection\":[\"Impressionen\",\"Ortsverband\"],\"inLanguage\":\"de\",\"potentialAction\":[{\"@type\":\"CommentAction\",\"name\":\"Comment\",\"target\":[\"https:\\\/\\\/gruene-ov-stuttgart.de\\\/west\\\/wir-sagen-danke\\\/#respond\"]}]},{\"@type\":\"WebPage\",\"@id\":\"https:\\\/\\\/gruene-ov-stuttgart.de\\\/west\\\/wir-sagen-danke\\\/\",\"url\":\"https:\\\/\\\/gruene-ov-stuttgart.de\\\/west\\\/wir-sagen-danke\\\/\",\"name\":\"Wir sagen \\\"Danke\\\"! - Gr\u00fcne Stuttgart West\",\"isPartOf\":{\"@id\":\"https:\\\/\\\/gruene-ov-stuttgart.de\\\/west\\\/#website\"},\"primaryImageOfPage\":{\"@id\":\"https:\\\/\\\/gruene-ov-stuttgart.de\\\/west\\\/wir-sagen-danke\\\/#primaryimage\"},\"image\":{\"@id\":\"https:\\\/\\\/gruene-ov-stuttgart.de\\\/west\\\/wir-sagen-danke\\\/#primaryimage\"},\"thumbnailUrl\":\"https:\\\/\\\/gruene-ov-stuttgart.de\\\/west\\\/wp-content\\\/uploads\\\/2018\\\/02\\\/IMG_1279.jpg\",\"datePublished\":\"2018-02-11T22:35:23+00:00\",\"dateModified\":\"2023-01-04T16:00:07+00:00\",\"author\":{\"@id\":\"https:\\\/\\\/gruene-ov-stuttgart.de\\\/west\\\/#\\\/schema\\\/person\\\/2cbc769846ce82c89e96ccc535bc0e6a\"},\"breadcrumb\":{\"@id\":\"https:\\\/\\\/gruene-ov-stuttgart.de\\\/west\\\/wir-sagen-danke\\\/#breadcrumb\"},\"inLanguage\":\"de\",\"potentialAction\":[{\"@type\":\"ReadAction\",\"target\":[\"https:\\\/\\\/gruene-ov-stuttgart.de\\\/west\\\/wir-sagen-danke\\\/\"]}]},{\"@type\":\"ImageObject\",\"inLanguage\":\"de\",\"@id\":\"https:\\\/\\\/gruene-ov-stuttgart.de\\\/west\\\/wir-sagen-danke\\\/#primaryimage\",\"url\":\"https:\\\/\\\/gruene-ov-stuttgart.de\\\/west\\\/wp-content\\\/uploads\\\/2018\\\/02\\\/IMG_1279.jpg\",\"contentUrl\":\"https:\\\/\\\/gruene-ov-stuttgart.de\\\/west\\\/wp-content\\\/uploads\\\/2018\\\/02\\\/IMG_1279.jpg\",\"width\":3264,\"height\":2448},{\"@type\":\"BreadcrumbList\",\"@id\":\"https:\\\/\\\/gruene-ov-stuttgart.de\\\/west\\\/wir-sagen-danke\\\/#breadcrumb\",\"itemListElement\":[{\"@type\":\"ListItem\",\"position\":1,\"name\":\"Startseite\",\"item\":\"https:\\\/\\\/gruene-ov-stuttgart.de\\\/west\\\/\"},{\"@type\":\"ListItem\",\"position\":2,\"name\":\"Wir sagen &#8222;Danke&#8220;!\"}]},{\"@type\":\"WebSite\",\"@id\":\"https:\\\/\\\/gruene-ov-stuttgart.de\\\/west\\\/#website\",\"url\":\"https:\\\/\\\/gruene-ov-stuttgart.de\\\/west\\\/\",\"name\":\"Gr\u00fcne Stuttgart West\",\"description\":\"B\u00fcndnis 90\\\/DIE GR\u00dcNEN im Stuttgarter Westen\",\"potentialAction\":[{\"@type\":\"SearchAction\",\"target\":{\"@type\":\"EntryPoint\",\"urlTemplate\":\"https:\\\/\\\/gruene-ov-stuttgart.de\\\/west\\\/?s={search_term_string}\"},\"query-input\":{\"@type\":\"PropertyValueSpecification\",\"valueRequired\":true,\"valueName\":\"search_term_string\"}}],\"inLanguage\":\"de\"},{\"@type\":\"Person\",\"@id\":\"https:\\\/\\\/gruene-ov-stuttgart.de\\\/west\\\/#\\\/schema\\\/person\\\/2cbc769846ce82c89e96ccc535bc0e6a\",\"name\":\"Sebastian Karl\",\"image\":{\"@type\":\"ImageObject\",\"inLanguage\":\"de\",\"@id\":\"https:\\\/\\\/secure.gravatar.com\\\/avatar\\\/a62317dc7b94535895b9ae945d946c611667d6b85de2a5c6f4224abb83348e48?s=96&d=wavatar&r=g\",\"url\":\"https:\\\/\\\/secure.gravatar.com\\\/avatar\\\/a62317dc7b94535895b9ae945d946c611667d6b85de2a5c6f4224abb83348e48?s=96&d=wavatar&r=g\",\"contentUrl\":\"https:\\\/\\\/secure.gravatar.com\\\/avatar\\\/a62317dc7b94535895b9ae945d946c611667d6b85de2a5c6f4224abb83348e48?s=96&d=wavatar&r=g\",\"caption\":\"Sebastian Karl\"},\"url\":\"https:\\\/\\\/gruene-ov-stuttgart.de\\\/west\\\/author\\\/sebastian\\\/\"}]}<\/script>\n<!-- \/ Yoast SEO plugin. -->","yoast_head_json":{"title":"Wir sagen \"Danke\"! - Gr\u00fcne Stuttgart West","robots":{"index":"index","follow":"follow","max-snippet":"max-snippet:-1","max-image-preview":"max-image-preview:large","max-video-preview":"max-video-preview:-1"},"canonical":"https:\/\/gruene-ov-stuttgart.de\/west\/wir-sagen-danke\/","og_locale":"de_DE","og_type":"article","og_title":"Wir sagen \"Danke\"! - Gr\u00fcne Stuttgart West","og_description":"Unser Ortsverband ist der gr\u00f6\u00dfte in Stuttgart, was die Mitgliederzahl angeht. Da wir jedes Mitglied und sein Engagement bei den GR\u00dcNEN sehr sch\u00e4tzen, haben wir uns zum Jahresbeginn eine kleine [&hellip;]","og_url":"https:\/\/gruene-ov-stuttgart.de\/west\/wir-sagen-danke\/","og_site_name":"Gr\u00fcne Stuttgart West","article_published_time":"2018-02-11T22:35:23+00:00","article_modified_time":"2023-01-04T16:00:07+00:00","og_image":[{"width":3264,"height":2448,"url":"https:\/\/gruene-ov-stuttgart.de\/west\/wp-content\/uploads\/2018\/02\/IMG_1279.jpg","type":"image\/jpeg"}],"author":"Sebastian Karl","twitter_card":"summary_large_image","schema":{"@context":"https:\/\/schema.org","@graph":[{"@type":"Article","@id":"https:\/\/gruene-ov-stuttgart.de\/west\/wir-sagen-danke\/#article","isPartOf":{"@id":"https:\/\/gruene-ov-stuttgart.de\/west\/wir-sagen-danke\/"},"author":{"name":"Sebastian Karl","@id":"https:\/\/gruene-ov-stuttgart.de\/west\/#\/schema\/person\/2cbc769846ce82c89e96ccc535bc0e6a"},"headline":"Wir sagen &#8222;Danke&#8220;!","datePublished":"2018-02-11T22:35:23+00:00","dateModified":"2023-01-04T16:00:07+00:00","mainEntityOfPage":{"@id":"https:\/\/gruene-ov-stuttgart.de\/west\/wir-sagen-danke\/"},"wordCount":242,"commentCount":0,"image":{"@id":"https:\/\/gruene-ov-stuttgart.de\/west\/wir-sagen-danke\/#primaryimage"},"thumbnailUrl":"https:\/\/gruene-ov-stuttgart.de\/west\/wp-content\/uploads\/2018\/02\/IMG_1279.jpg","articleSection":["Impressionen","Ortsverband"],"inLanguage":"de","potentialAction":[{"@type":"CommentAction","name":"Comment","target":["https:\/\/gruene-ov-stuttgart.de\/west\/wir-sagen-danke\/#respond"]}]},{"@type":"WebPage","@id":"https:\/\/gruene-ov-stuttgart.de\/west\/wir-sagen-danke\/","url":"https:\/\/gruene-ov-stuttgart.de\/west\/wir-sagen-danke\/","name":"Wir sagen \"Danke\"! - Gr\u00fcne Stuttgart West","isPartOf":{"@id":"https:\/\/gruene-ov-stuttgart.de\/west\/#website"},"primaryImageOfPage":{"@id":"https:\/\/gruene-ov-stuttgart.de\/west\/wir-sagen-danke\/#primaryimage"},"image":{"@id":"https:\/\/gruene-ov-stuttgart.de\/west\/wir-sagen-danke\/#primaryimage"},"thumbnailUrl":"https:\/\/gruene-ov-stuttgart.de\/west\/wp-content\/uploads\/2018\/02\/IMG_1279.jpg","datePublished":"2018-02-11T22:35:23+00:00","dateModified":"2023-01-04T16:00:07+00:00","author":{"@id":"https:\/\/gruene-ov-stuttgart.de\/west\/#\/schema\/person\/2cbc769846ce82c89e96ccc535bc0e6a"},"breadcrumb":{"@id":"https:\/\/gruene-ov-stuttgart.de\/west\/wir-sagen-danke\/#breadcrumb"},"inLanguage":"de","potentialAction":[{"@type":"ReadAction","target":["https:\/\/gruene-ov-stuttgart.de\/west\/wir-sagen-danke\/"]}]},{"@type":"ImageObject","inLanguage":"de","@id":"https:\/\/gruene-ov-stuttgart.de\/west\/wir-sagen-danke\/#primaryimage","url":"https:\/\/gruene-ov-stuttgart.de\/west\/wp-content\/uploads\/2018\/02\/IMG_1279.jpg","contentUrl":"https:\/\/gruene-ov-stuttgart.de\/west\/wp-content\/uploads\/2018\/02\/IMG_1279.jpg","width":3264,"height":2448},{"@type":"BreadcrumbList","@id":"https:\/\/gruene-ov-stuttgart.de\/west\/wir-sagen-danke\/#breadcrumb","itemListElement":[{"@type":"ListItem","position":1,"name":"Startseite","item":"https:\/\/gruene-ov-stuttgart.de\/west\/"},{"@type":"ListItem","position":2,"name":"Wir sagen &#8222;Danke&#8220;!"}]},{"@type":"WebSite","@id":"https:\/\/gruene-ov-stuttgart.de\/west\/#website","url":"https:\/\/gruene-ov-stuttgart.de\/west\/","name":"Gr\u00fcne Stuttgart West","description":"B\u00fcndnis 90\/DIE GR\u00dcNEN im Stuttgarter Westen","potentialAction":[{"@type":"SearchAction","target":{"@type":"EntryPoint","urlTemplate":"https:\/\/gruene-ov-stuttgart.de\/west\/?s={search_term_string}"},"query-input":{"@type":"PropertyValueSpecification","valueRequired":true,"valueName":"search_term_string"}}],"inLanguage":"de"},{"@type":"Person","@id":"https:\/\/gruene-ov-stuttgart.de\/west\/#\/schema\/person\/2cbc769846ce82c89e96ccc535bc0e6a","name":"Sebastian Karl","image":{"@type":"ImageObject","inLanguage":"de","@id":"https:\/\/secure.gravatar.com\/avatar\/a62317dc7b94535895b9ae945d946c611667d6b85de2a5c6f4224abb83348e48?s=96&d=wavatar&r=g","url":"https:\/\/secure.gravatar.com\/avatar\/a62317dc7b94535895b9ae945d946c611667d6b85de2a5c6f4224abb83348e48?s=96&d=wavatar&r=g","contentUrl":"https:\/\/secure.gravatar.com\/avatar\/a62317dc7b94535895b9ae945d946c611667d6b85de2a5c6f4224abb83348e48?s=96&d=wavatar&r=g","caption":"Sebastian Karl"},"url":"https:\/\/gruene-ov-stuttgart.de\/west\/author\/sebastian\/"}]}},"_links":{"self":[{"href":"https:\/\/gruene-ov-stuttgart.de\/west\/wp-json\/wp\/v2\/posts\/183","targetHints":{"allow":["GET"]}}],"collection":[{"href":"https:\/\/gruene-ov-stuttgart.de\/west\/wp-json\/wp\/v2\/posts"}],"about":[{"href":"https:\/\/gruene-ov-stuttgart.de\/west\/wp-json\/wp\/v2\/types\/post"}],"author":[{"embeddable":true,"href":"https:\/\/gruene-ov-stuttgart.de\/west\/wp-json\/wp\/v2\/users\/7"}],"replies":[{"embeddable":true,"href":"https:\/\/gruene-ov-stuttgart.de\/west\/wp-json\/wp\/v2\/comments?post=183"}],"version-history":[{"count":7,"href":"https:\/\/gruene-ov-stuttgart.de\/west\/wp-json\/wp\/v2\/posts\/183\/revisions"}],"predecessor-version":[{"id":886,"href":"https:\/\/gruene-ov-stuttgart.de\/west\/wp-json\/wp\/v2\/posts\/183\/revisions\/886"}],"wp:featuredmedia":[{"embeddable":true,"href":"https:\/\/gruene-ov-stuttgart.de\/west\/wp-json\/wp\/v2\/media\/184"}],"wp:attachment":[{"href":"https:\/\/gruene-ov-stuttgart.de\/west\/wp-json\/wp\/v2\/media?parent=183"}],"wp:term":[{"taxonomy":"category","embeddable":true,"href":"https:\/\/gruene-ov-stuttgart.de\/west\/wp-json\/wp\/v2\/categories?post=183"},{"taxonomy":"post_tag","embeddable":true,"href":"https:\/\/gruene-ov-stuttgart.de\/west\/wp-json\/wp\/v2\/tags?post=183"}],"curies":[{"name":"wp","href":"https:\/\/api.w.org\/{rel}","templated":true}]}}