{"id":1971,"date":"2024-12-17T06:30:10","date_gmt":"2024-12-17T05:30:10","guid":{"rendered":"https:\/\/gruene-ov-stuttgart.de\/west\/?p=1971"},"modified":"2025-03-28T14:59:53","modified_gmt":"2025-03-28T13:59:53","slug":"erste-schulstrasse-in-stuttgart-gefordert","status":"publish","type":"post","link":"https:\/\/gruene-ov-stuttgart.de\/west\/erste-schulstrasse-in-stuttgart-gefordert\/","title":{"rendered":"Erste Schulstra\u00dfe in Stuttgart gefordert"},"content":{"rendered":"\n<p>Die Gr\u00fcnen im Bezirksbeirat Stuttgart West haben heute einen Antrag eingereicht, der die Einrichtung der ersten Schulstra\u00dfe in Stuttgart fordert. Nachdem Initiativen wie <em>Kidical Mass<\/em> und die Elterninitiative <em>Macht Platz<\/em> zusammen mit dem SWR und der Stuttgarter Zeitung k\u00fcrzlich erst \u00fcber eine <a href=\"https:\/\/www.stuttgarter-zeitung.de\/schulweg\" target=\"_blank\" rel=\"noreferrer noopener\">Vielzahl von Gefahrenstellen f\u00fcr Kinder auf Stuttgarter Schulwegen<\/a> berichteten, griff die Gr\u00fcne Fraktion im Bezirksbeirat das Thema auf und wurde umgehend aktiv. Die Sicherheit von Schulkindern liegt uns sehr am Herzen.<\/p>\n\n\n\n<p>Schulstra\u00dfen sind sehr stark verkehrsberuhigte Stra\u00dfen oder Stra\u00dfenabschnitte in unmittelbarer Umgebung einer Schule, f\u00fcr die es aktuell noch keine rechtliche Grundlage in der StVO gibt. Wir fordern die Stadtverwaltung auf, nicht erst zu warten bis diese Grundlage geschaffen wurde. Wir wollen, dass die Stadt Stuttgart schon jetzt mit gutem Beispiel voran geht und aktiv Schulstra\u00dfen im Stadtgebiet errichtet. Es gib verschiedene Modelle, nach deren Vorbild eine Schulstra\u00dfe eingerichtet werden kann. Wir Gr\u00fcne im Westen haben uns dazu entschlossen, zun\u00e4chst seine Schulstra\u00dfe nach dem Ulmer Modell zu fordern. Hier wird die Stra\u00dfe direkt vor der Schule zu Schulbeginn und Schulende f\u00fcr ein bestimmtes Zeitfenster gesperrt. Dabei bleibt die Ausfahrt aus dem Stra\u00dfenst\u00fcck mit Schrittgeschwindigkeit erhalten. Einsatzfahrzeuge sind hiervon selbstverst\u00e4ndlich nicht betroffen.<\/p>\n\n\n\n<p>Weitere Informationen finden Sie in <a href=\"https:\/\/gruene-ov-stuttgart.de\/west\/wp-content\/uploads\/2024\/12\/TOP-5-Antrag-B90-Sichere_Schulwege.pdf\">unserem Antrag<\/a>.<\/p>\n\n\n\n<p>Die Pressemeldung der Fraktion k\u00f6nnen Sie <a href=\"https:\/\/gruene-ov-stuttgart.de\/west\/wp-content\/uploads\/2024\/12\/2024-12-Schulstrasse-Falkertschule.pdf\" target=\"_blank\" rel=\"noreferrer noopener\">hier als PDF herunterladen<\/a>.<\/p>\n\n\n\n<p><\/p>\n\n\n\n<p><\/p>\n","protected":false},"excerpt":{"rendered":"<p>Die Gr\u00fcnen im Bezirksbeirat Stuttgart West haben heute einen Antrag eingereicht, der die Einrichtung der ersten Schulstra\u00dfe in Stuttgart fordert. Nachdem Initiativen wie Kidical Mass und die Elterninitiative Macht Platz [&hellip;]<\/p>\n","protected":false},"author":-1,"featured_media":0,"comment_status":"open","ping_status":"closed","sticky":false,"template":"","format":"standard","meta":{"footnotes":"","beyondwords_generate_audio":"","beyondwords_integration_method":"","beyondwords_project_id":"","beyondwords_content_id":"","beyondwords_preview_token":"","beyondwords_player_content":"","beyondwords_player_style":"","beyondwords_language_code":"","beyondwords_language_id":"","beyondwords_title_voice_id":"","beyondwords_body_voice_id":"","beyondwords_summary_voice_id":"","beyondwords_error_message":"","beyondwords_disabled":"","beyondwords_delete_content":"","beyondwords_podcast_id":"","beyondwords_hash":"","publish_post_to_speechkit":"","speechkit_hash":"","speechkit_generate_audio":"","speechkit_project_id":"","speechkit_podcast_id":"","speechkit_error_message":"","speechkit_disabled":"","speechkit_access_key":"","speechkit_error":"","speechkit_info":"","speechkit_response":"","speechkit_retries":"","speechkit_status":"","speechkit_updated_at":"","_speechkit_link":"","_speechkit_text":""},"categories":[1,10],"tags":[],"class_list":["post-1971","post","type-post","status-publish","format-standard","hentry","category-aktuelles","category-bezirksbeirat"],"yoast_head":"<!-- This site is optimized with the Yoast SEO plugin v27.5 - https:\/\/yoast.com\/product\/yoast-seo-wordpress\/ -->\n<title>Erste Schulstra\u00dfe in Stuttgart gefordert - Gr\u00fcne Stuttgart West<\/title>\n<meta name=\"description\" content=\"Die Gr\u00fcnen fordern die Einrichtung der ersten Schulstra\u00dfe in Stuttgart.\" \/>\n<meta name=\"robots\" content=\"index, follow, max-snippet:-1, max-image-preview:large, max-video-preview:-1\" \/>\n<link rel=\"canonical\" href=\"https:\/\/gruene-ov-stuttgart.de\/west\/erste-schulstrasse-in-stuttgart-gefordert\/\" \/>\n<meta property=\"og:locale\" content=\"de_DE\" \/>\n<meta property=\"og:type\" content=\"article\" \/>\n<meta property=\"og:title\" content=\"Erste Schulstra\u00dfe in Stuttgart gefordert - Gr\u00fcne Stuttgart West\" \/>\n<meta property=\"og:description\" content=\"Die Gr\u00fcnen fordern die Einrichtung der ersten Schulstra\u00dfe in Stuttgart.\" \/>\n<meta property=\"og:url\" content=\"https:\/\/gruene-ov-stuttgart.de\/west\/erste-schulstrasse-in-stuttgart-gefordert\/\" \/>\n<meta property=\"og:site_name\" content=\"Gr\u00fcne Stuttgart West\" \/>\n<meta property=\"article:published_time\" content=\"2024-12-17T05:30:10+00:00\" \/>\n<meta property=\"article:modified_time\" content=\"2025-03-28T13:59:53+00:00\" \/>\n<meta name=\"author\" content=\"Stefan Lasse\" \/>\n<meta name=\"twitter:card\" content=\"summary_large_image\" \/>\n<script type=\"application\/ld+json\" class=\"yoast-schema-graph\">{\"@context\":\"https:\\\/\\\/schema.org\",\"@graph\":[{\"@type\":\"Article\",\"@id\":\"https:\\\/\\\/gruene-ov-stuttgart.de\\\/west\\\/erste-schulstrasse-in-stuttgart-gefordert\\\/#article\",\"isPartOf\":{\"@id\":\"https:\\\/\\\/gruene-ov-stuttgart.de\\\/west\\\/erste-schulstrasse-in-stuttgart-gefordert\\\/\"},\"author\":{\"name\":\"Stefan Lasse\",\"@id\":\"https:\\\/\\\/gruene-ov-stuttgart.de\\\/west\\\/#\\\/schema\\\/person\\\/b862d460087e7b9bc4d06cff084a75d8\"},\"headline\":\"Erste Schulstra\u00dfe in Stuttgart gefordert\",\"datePublished\":\"2024-12-17T05:30:10+00:00\",\"dateModified\":\"2025-03-28T13:59:53+00:00\",\"mainEntityOfPage\":{\"@id\":\"https:\\\/\\\/gruene-ov-stuttgart.de\\\/west\\\/erste-schulstrasse-in-stuttgart-gefordert\\\/\"},\"wordCount\":236,\"commentCount\":0,\"articleSection\":[\"Aktuelles\",\"Bezirksbeirat\"],\"inLanguage\":\"de\",\"potentialAction\":[{\"@type\":\"CommentAction\",\"name\":\"Comment\",\"target\":[\"https:\\\/\\\/gruene-ov-stuttgart.de\\\/west\\\/erste-schulstrasse-in-stuttgart-gefordert\\\/#respond\"]}]},{\"@type\":\"WebPage\",\"@id\":\"https:\\\/\\\/gruene-ov-stuttgart.de\\\/west\\\/erste-schulstrasse-in-stuttgart-gefordert\\\/\",\"url\":\"https:\\\/\\\/gruene-ov-stuttgart.de\\\/west\\\/erste-schulstrasse-in-stuttgart-gefordert\\\/\",\"name\":\"Erste Schulstra\u00dfe in Stuttgart gefordert - Gr\u00fcne Stuttgart West\",\"isPartOf\":{\"@id\":\"https:\\\/\\\/gruene-ov-stuttgart.de\\\/west\\\/#website\"},\"datePublished\":\"2024-12-17T05:30:10+00:00\",\"dateModified\":\"2025-03-28T13:59:53+00:00\",\"author\":{\"@id\":\"https:\\\/\\\/gruene-ov-stuttgart.de\\\/west\\\/#\\\/schema\\\/person\\\/b862d460087e7b9bc4d06cff084a75d8\"},\"description\":\"Die Gr\u00fcnen fordern die Einrichtung der ersten Schulstra\u00dfe in Stuttgart.\",\"breadcrumb\":{\"@id\":\"https:\\\/\\\/gruene-ov-stuttgart.de\\\/west\\\/erste-schulstrasse-in-stuttgart-gefordert\\\/#breadcrumb\"},\"inLanguage\":\"de\",\"potentialAction\":[{\"@type\":\"ReadAction\",\"target\":[\"https:\\\/\\\/gruene-ov-stuttgart.de\\\/west\\\/erste-schulstrasse-in-stuttgart-gefordert\\\/\"]}]},{\"@type\":\"BreadcrumbList\",\"@id\":\"https:\\\/\\\/gruene-ov-stuttgart.de\\\/west\\\/erste-schulstrasse-in-stuttgart-gefordert\\\/#breadcrumb\",\"itemListElement\":[{\"@type\":\"ListItem\",\"position\":1,\"name\":\"Startseite\",\"item\":\"https:\\\/\\\/gruene-ov-stuttgart.de\\\/west\\\/\"},{\"@type\":\"ListItem\",\"position\":2,\"name\":\"Erste Schulstra\u00dfe in Stuttgart gefordert\"}]},{\"@type\":\"WebSite\",\"@id\":\"https:\\\/\\\/gruene-ov-stuttgart.de\\\/west\\\/#website\",\"url\":\"https:\\\/\\\/gruene-ov-stuttgart.de\\\/west\\\/\",\"name\":\"Gr\u00fcne Stuttgart West\",\"description\":\"B\u00fcndnis 90\\\/DIE GR\u00dcNEN im Stuttgarter Westen\",\"potentialAction\":[{\"@type\":\"SearchAction\",\"target\":{\"@type\":\"EntryPoint\",\"urlTemplate\":\"https:\\\/\\\/gruene-ov-stuttgart.de\\\/west\\\/?s={search_term_string}\"},\"query-input\":{\"@type\":\"PropertyValueSpecification\",\"valueRequired\":true,\"valueName\":\"search_term_string\"}}],\"inLanguage\":\"de\"},{\"@type\":\"Person\",\"@id\":\"https:\\\/\\\/gruene-ov-stuttgart.de\\\/west\\\/#\\\/schema\\\/person\\\/b862d460087e7b9bc4d06cff084a75d8\",\"name\":\"Stefan Lasse\",\"image\":{\"@type\":\"ImageObject\",\"inLanguage\":\"de\",\"@id\":\"https:\\\/\\\/secure.gravatar.com\\\/avatar\\\/fb04a2a775efe583f4ea8f912e71808b8703c157698c98059855ccb8779a10af?s=96&d=wavatar&r=g\",\"url\":\"https:\\\/\\\/secure.gravatar.com\\\/avatar\\\/fb04a2a775efe583f4ea8f912e71808b8703c157698c98059855ccb8779a10af?s=96&d=wavatar&r=g\",\"contentUrl\":\"https:\\\/\\\/secure.gravatar.com\\\/avatar\\\/fb04a2a775efe583f4ea8f912e71808b8703c157698c98059855ccb8779a10af?s=96&d=wavatar&r=g\",\"caption\":\"Stefan Lasse\"},\"url\":\"https:\\\/\\\/gruene-ov-stuttgart.de\\\/west\\\/author\\\/stefan-lasse\\\/\"}]}<\/script>\n<!-- \/ Yoast SEO plugin. -->","yoast_head_json":{"title":"Erste Schulstra\u00dfe in Stuttgart gefordert - Gr\u00fcne Stuttgart West","description":"Die Gr\u00fcnen fordern die Einrichtung der ersten Schulstra\u00dfe in Stuttgart.","robots":{"index":"index","follow":"follow","max-snippet":"max-snippet:-1","max-image-preview":"max-image-preview:large","max-video-preview":"max-video-preview:-1"},"canonical":"https:\/\/gruene-ov-stuttgart.de\/west\/erste-schulstrasse-in-stuttgart-gefordert\/","og_locale":"de_DE","og_type":"article","og_title":"Erste Schulstra\u00dfe in Stuttgart gefordert - Gr\u00fcne Stuttgart West","og_description":"Die Gr\u00fcnen fordern die Einrichtung der ersten Schulstra\u00dfe in Stuttgart.","og_url":"https:\/\/gruene-ov-stuttgart.de\/west\/erste-schulstrasse-in-stuttgart-gefordert\/","og_site_name":"Gr\u00fcne Stuttgart West","article_published_time":"2024-12-17T05:30:10+00:00","article_modified_time":"2025-03-28T13:59:53+00:00","author":"Stefan Lasse","twitter_card":"summary_large_image","schema":{"@context":"https:\/\/schema.org","@graph":[{"@type":"Article","@id":"https:\/\/gruene-ov-stuttgart.de\/west\/erste-schulstrasse-in-stuttgart-gefordert\/#article","isPartOf":{"@id":"https:\/\/gruene-ov-stuttgart.de\/west\/erste-schulstrasse-in-stuttgart-gefordert\/"},"author":{"name":"Stefan Lasse","@id":"https:\/\/gruene-ov-stuttgart.de\/west\/#\/schema\/person\/b862d460087e7b9bc4d06cff084a75d8"},"headline":"Erste Schulstra\u00dfe in Stuttgart gefordert","datePublished":"2024-12-17T05:30:10+00:00","dateModified":"2025-03-28T13:59:53+00:00","mainEntityOfPage":{"@id":"https:\/\/gruene-ov-stuttgart.de\/west\/erste-schulstrasse-in-stuttgart-gefordert\/"},"wordCount":236,"commentCount":0,"articleSection":["Aktuelles","Bezirksbeirat"],"inLanguage":"de","potentialAction":[{"@type":"CommentAction","name":"Comment","target":["https:\/\/gruene-ov-stuttgart.de\/west\/erste-schulstrasse-in-stuttgart-gefordert\/#respond"]}]},{"@type":"WebPage","@id":"https:\/\/gruene-ov-stuttgart.de\/west\/erste-schulstrasse-in-stuttgart-gefordert\/","url":"https:\/\/gruene-ov-stuttgart.de\/west\/erste-schulstrasse-in-stuttgart-gefordert\/","name":"Erste Schulstra\u00dfe in Stuttgart gefordert - Gr\u00fcne Stuttgart West","isPartOf":{"@id":"https:\/\/gruene-ov-stuttgart.de\/west\/#website"},"datePublished":"2024-12-17T05:30:10+00:00","dateModified":"2025-03-28T13:59:53+00:00","author":{"@id":"https:\/\/gruene-ov-stuttgart.de\/west\/#\/schema\/person\/b862d460087e7b9bc4d06cff084a75d8"},"description":"Die Gr\u00fcnen fordern die Einrichtung der ersten Schulstra\u00dfe in Stuttgart.","breadcrumb":{"@id":"https:\/\/gruene-ov-stuttgart.de\/west\/erste-schulstrasse-in-stuttgart-gefordert\/#breadcrumb"},"inLanguage":"de","potentialAction":[{"@type":"ReadAction","target":["https:\/\/gruene-ov-stuttgart.de\/west\/erste-schulstrasse-in-stuttgart-gefordert\/"]}]},{"@type":"BreadcrumbList","@id":"https:\/\/gruene-ov-stuttgart.de\/west\/erste-schulstrasse-in-stuttgart-gefordert\/#breadcrumb","itemListElement":[{"@type":"ListItem","position":1,"name":"Startseite","item":"https:\/\/gruene-ov-stuttgart.de\/west\/"},{"@type":"ListItem","position":2,"name":"Erste Schulstra\u00dfe in Stuttgart gefordert"}]},{"@type":"WebSite","@id":"https:\/\/gruene-ov-stuttgart.de\/west\/#website","url":"https:\/\/gruene-ov-stuttgart.de\/west\/","name":"Gr\u00fcne Stuttgart West","description":"B\u00fcndnis 90\/DIE GR\u00dcNEN im Stuttgarter Westen","potentialAction":[{"@type":"SearchAction","target":{"@type":"EntryPoint","urlTemplate":"https:\/\/gruene-ov-stuttgart.de\/west\/?s={search_term_string}"},"query-input":{"@type":"PropertyValueSpecification","valueRequired":true,"valueName":"search_term_string"}}],"inLanguage":"de"},{"@type":"Person","@id":"https:\/\/gruene-ov-stuttgart.de\/west\/#\/schema\/person\/b862d460087e7b9bc4d06cff084a75d8","name":"Stefan Lasse","image":{"@type":"ImageObject","inLanguage":"de","@id":"https:\/\/secure.gravatar.com\/avatar\/fb04a2a775efe583f4ea8f912e71808b8703c157698c98059855ccb8779a10af?s=96&d=wavatar&r=g","url":"https:\/\/secure.gravatar.com\/avatar\/fb04a2a775efe583f4ea8f912e71808b8703c157698c98059855ccb8779a10af?s=96&d=wavatar&r=g","contentUrl":"https:\/\/secure.gravatar.com\/avatar\/fb04a2a775efe583f4ea8f912e71808b8703c157698c98059855ccb8779a10af?s=96&d=wavatar&r=g","caption":"Stefan Lasse"},"url":"https:\/\/gruene-ov-stuttgart.de\/west\/author\/stefan-lasse\/"}]}},"_links":{"self":[{"href":"https:\/\/gruene-ov-stuttgart.de\/west\/wp-json\/wp\/v2\/posts\/1971","targetHints":{"allow":["GET"]}}],"collection":[{"href":"https:\/\/gruene-ov-stuttgart.de\/west\/wp-json\/wp\/v2\/posts"}],"about":[{"href":"https:\/\/gruene-ov-stuttgart.de\/west\/wp-json\/wp\/v2\/types\/post"}],"author":[{"embeddable":true,"href":"https:\/\/gruene-ov-stuttgart.de\/west\/wp-json\/wp\/v2\/users\/14"}],"replies":[{"embeddable":true,"href":"https:\/\/gruene-ov-stuttgart.de\/west\/wp-json\/wp\/v2\/comments?post=1971"}],"version-history":[{"count":5,"href":"https:\/\/gruene-ov-stuttgart.de\/west\/wp-json\/wp\/v2\/posts\/1971\/revisions"}],"predecessor-version":[{"id":1991,"href":"https:\/\/gruene-ov-stuttgart.de\/west\/wp-json\/wp\/v2\/posts\/1971\/revisions\/1991"}],"wp:attachment":[{"href":"https:\/\/gruene-ov-stuttgart.de\/west\/wp-json\/wp\/v2\/media?parent=1971"}],"wp:term":[{"taxonomy":"category","embeddable":true,"href":"https:\/\/gruene-ov-stuttgart.de\/west\/wp-json\/wp\/v2\/categories?post=1971"},{"taxonomy":"post_tag","embeddable":true,"href":"https:\/\/gruene-ov-stuttgart.de\/west\/wp-json\/wp\/v2\/tags?post=1971"}],"curies":[{"name":"wp","href":"https:\/\/api.w.org\/{rel}","templated":true}]}}