{"id":201,"date":"2018-02-15T21:29:13","date_gmt":"2018-02-15T20:29:13","guid":{"rendered":"http:\/\/gruene-ov-stuttgart.de\/west\/?p=201"},"modified":"2018-02-15T22:14:01","modified_gmt":"2018-02-15T21:14:01","slug":"die-zukunft-des-westens-sichern","status":"publish","type":"post","link":"https:\/\/gruene-ov-stuttgart.de\/west\/die-zukunft-des-westens-sichern\/","title":{"rendered":"Die Zukunft des Westens sichern"},"content":{"rendered":"<p><em>von Reinhard M\u00f6hrle,\u00a0Bezirksvorsteher Stuttgart West<\/em><!--more--><\/p>\n<p>Im Sommer 2015 wurden in Stuttgart an 36 Tagen die 30\u00b0C Marke \u00fcberschritten, an 17 Tagen sogar die 35\u00b0C. Nach dem in diesem Jahr vorgestellten Klimamodell des Deutschen Wetterdienstes k\u00f6nnen die Tage mit einer solch starken W\u00e4rmebelastung bis 2050 auf bis zu 50 Tage steigen. Selbst wenn alle beschlossenen Ma\u00dfnahmen zur Begrenzung der klimasch\u00e4dlichen Treibhausgase durch Politik, Wirtschaft und Gesellschaft auch tats\u00e4chlich umgesetzt werden, k\u00f6nnen wir diese Erw\u00e4rmung nicht mehr aufhalten, sondern nur begrenzen. Deshalb m\u00fcssen sich die St\u00e4dte auf diese Entwicklung einstellen.\u00a0Dies gilt im besonderen Ma\u00dfe f\u00fcr so dicht bebaute Stadtbezirke wie den Stuttgarter Westen. Der Hitzestress ist f\u00fcr weniger belastbare Menschen direkt gesundheitsgef\u00e4hrdend, aber auch alle anderen leiden darunter, dass die zu geringe n\u00e4chtliche Abk\u00fchlung den notwendigen erholsamen Schlaf nicht mehr erm\u00f6glicht.<\/p>\n<p>Wenn unser Stadtbezirk auch im Hochsommer weiter lebenswert bleiben soll sind zwei Dinge besonders notwendig: Die Durchl\u00fcftung, vor allem mit n\u00e4chtlicher Kaltluft, muss gesichert werden. Ferner brauchen wir mehr Gr\u00fcn, vor allem mehr B\u00e4ume und unversiegelte B\u00f6den im Westen. Gerade an den hei\u00dfen Tagen sp\u00fcren wir jeden Baum, der Schatten spendet, Sauerstoff produziert und die Temperatur reduziert.<\/p>\n<p>Der Bezirksbeirat und der Gemeinderat beschlossen deshalb 2008 den Rahmenplan Halbh\u00f6henlagen. Durch diesen soll verhindert werden, dass die Hanglagen und damit die Frischluftschneisen immer mehr zugebaut werden. Anfang 2018 haben die Gremien den Rahmenplan Talgrund beschlossen. Dieser ist eine Leitlinie f\u00fcr die st\u00e4dtebauliche Entwicklung des Kerngebietes des Westens zur Sicherung und Verbesserung von Gr\u00fcnstrukturen und der klimatischen Bedingungen. Im Rahmenplan werden Reglungen f\u00fcr die Fl\u00e4chennutzung und den Gr\u00fcnanteil, einschlie\u00dflich der D\u00e4cher, in den Quartieren des Talkessels beschrieben. Er gibt Hinweise auf dringend notwendige Baumstandorte und Entsiegelungen und empfiehlt an manchen Punkten auch eine \u00c4nderung des Planungsrechtes. So sind zum Beispiel die Gr\u00fcnfl\u00e4chen auf dem Moltkeplatz derzeit baurechtlich nicht gesichert.<\/p>\n<p>Deutlich unterscheiden sich die Innenh\u00f6fe im Westen. Manche sind bereits begr\u00fcnt, andere sind noch reine Beton- und Teerw\u00fcsten. Ich freue mich, dass der Gemeinderat im Rahmen der Haushaltsberatungen die Verl\u00e4ngerung des Kommunalen Gr\u00fcnprogramms f\u00fcr die F\u00f6rderung von Hof-, Dach- und Fassadenbegr\u00fcnung beschlossen hat. Dazu kommen weitere Baumpflanzungen im \u00f6ffentlichen Raum. Es ist nicht einfach, Standorte f\u00fcr Stra\u00dfenb\u00e4ume im Westen zu finden. H\u00e4ufig wird dies durch unterirdische Ver- und Entsorgungsleitungen verhindert. Teilweise m\u00fcssen Parkpl\u00e4tze entfallen. Trotzdem konnte in den letzten Jahren eine ganze Reihe von B\u00e4umen neu gepflanzt werden. Dies soll auch konsequent weitergef\u00fchrt werden. Es gibt eine Vielzahl von Standortvorschl\u00e4gen, die auf ihre Eignung untersucht werden. Dies ist auch ein Wunsch der B\u00fcrgerinnen und B\u00fcrger an die Politik. Im B\u00fcrgerhaushalt war das Thema mehr Gr\u00fcn ganz vorne bei den Vorschl\u00e4gen.<\/p>\n<p>Unser \u00f6ffentlicher Raum, unsere Gr\u00fcn- und Spielfl\u00e4chen, gewinnen immer mehr Bedeutung als Orte der Begegnung, der Entspannung, der Bewegung und des Spiels. Leider sind diese in keinem guten Zustand. Das zust\u00e4ndige Garten-, Friedhofs- und Forstamt kam mit der Pflege nicht mehr hinterher, bereits beschlossene und finanzierte Bauvorhaben konnten nicht realisiert werden. Deshalb beschloss der Gemeinderat eine\u00a0deutliche personelle Aufstockung und Erh\u00f6hung der Sachmittel. Wenn jetzt auch noch geeignetes Personal gefunden wird, m\u00fcssten bis Ende 2018 Ergebnisse sichtbar sein.<\/p>\n<p>Ein h\u00e4ufiges \u00c4rgernis ist die Sauberkeit unserer Anlagen. Hier sind nat\u00fcrlich erstmal Alle angesprochen, die ihren M\u00fcll r\u00fccksichtslos wegwerfen. Auf Vorschlag von Oberb\u00fcrgermeister Kuhn wird auch ein Programm zur Sauberkeit im \u00f6ffentlichen Raum aufgelegt. Aufkl\u00e4rung, M\u00fcllvermeidung, aber auch Ausweitung der Abfallbeh\u00e4lter und der Leerungs- und Reinigungsintervalle sind die zentralen Punkte.<\/p>\n<p>Ein dritter Schwerpunkt der Haushaltsberatungen waren Personalaufstockungen beim Schulverwaltungs- und Hochbauamt, damit endlich die bereits beschlossenen Schulsanierungen angepackt werden k\u00f6nnen. Qualifiziertes Personal daf\u00fcr zu finden ist aber in Zeiten eines allgemeinen Baubooms eine gro\u00dfe Herausforderung.<\/p>\n<p>Von diesen im Rahmen der Haushaltsberatungen beschlossenen Ma\u00dfnahmen wird der Westen profitieren. Es gibt aber auch eine ganze Reihe von Beschl\u00fcssen, die direkt unseren Stadtbezirk betreffen.<\/p>\n<p>Die Johannesstra\u00dfe wird in dem weiteren Abschnitt zwischen Ludwig- und Schlo\u00dfstra\u00dfe entsprechend dem Musterabschnitt an der Johanneskirche saniert. Dadurch wird unsere Prachtallee in einem weiteren Abschnitt wieder erlebbar.<\/p>\n<p>Eines der wichtigsten Ereignisse im Jahr 2017 war die Grundsteinlegung auf dem Olga-Areal. Dort wachsen die Geb\u00e4ude, mit der Fertigstellung kann zu gro\u00dfen Teilen im Jahr 2018 gerechnet werden. Erfreulicherweise wurden jetzt auch die Kosten f\u00fcr die Umgestaltung des \u00f6ffentlichen Raums entsprechend der mit B\u00fcrgerbeteiligung erarbeiteten Pl\u00e4ne beschlossen. Besonders wichtig f\u00fcr den Stadtbezirk ist der neue Platz mit viel Gr\u00fcn und Raum zur Begegnung und zum Spiel entlang der Hasenbergstra\u00dfe. Erg\u00e4nzt wird dies durch das Stadtteil- und Familienzentrum, das bereits 2019 in Betrieb gehen soll.<\/p>\n<p>Auch auf dem Diakonissenplatz geht es weiter. Die neu zu bauende Jugendverkehrsschule im Hinteren Vogelsang wird bis Ende 2019 fertig sein. 2017 gab es bereits einen Wettbewerb mit B\u00fcrgerbeteiligung zur \u00d6ffnung und Umgestaltung des Diakonissenplatzes. Der Siegerentwurf von Plankontor S1 sieht in einem Randbereich des Platzes Gr\u00fcnfl\u00e4chen mit schattenspendenden B\u00e4umen vor. In der Mitte werden eine Spielfl\u00e4che, eine Bewegungsfl\u00e4che und eine Multifunktionsfl\u00e4che z.B. f\u00fcr Nachbarschaftsfeste einschlie\u00dflich eines Brunnens angeordnet. Die Planungen werden 2018 konkretisiert, sodass direkt nach dem Umzug der Jugendverkehrsschule mit dem Umbau begonnen werden kann.<\/p>\n<p>F\u00fcr den Bismarckplatz gab es ebenfalls einen Wettbewerb, den das Internationale Stadtbauatelier einstimmig gewann. Im Randbereich sind Gr\u00fcnfl\u00e4chen vorgesehen in die zu gro\u00dfen Teilen die bestehenden B\u00e4ume integriert werden. In der Mitte entsteht ein urbaner Platz, \u00f6stlich der Marktfl\u00e4che eine gro\u00dfe Sitztreppenanlage, um das WC-Geb\u00e4ude ist ein Caf\u00e9 vorgesehen. Die Verkehrsbeziehungen bleiben bestehen, der Stra\u00dfenraum wird aber verschm\u00e4lert. Das B\u00fcro ISA wird mit Beteiligung der B\u00fcrgerinnen und B\u00fcrger und in Abstimmung mit Verwaltung und Politik den Entwurf weiter pr\u00e4zisieren. Der Umbau soll 2020 stattfinden.<\/p>\n<p>Die gr\u00f6\u00dfte Spielfl\u00e4che im Stadtbezirk, die Elisabethenanlage, wird unter Einbeziehung der Bismarckstra\u00dfe komplett umgestaltet. Die r\u00e4umliche Aufteilung bleibt im Wesentlichen\u00a0erhalten. Entlang der Bismarckstra\u00dfe entsteht ein Aktivit\u00e4tsband, das Jugendliche und Erwachsene zu Spiel und Bewegung einl\u00e4dt. Baubeginn ist vermutlich Anfang 2019.<\/p>\n<p>Mit all diesen Projekten werden die Frei- und Spielfl\u00e4chen im Westen vergr\u00f6\u00dfert und entsprechend den W\u00fcnschen der Bev\u00f6lkerung gestaltet. Ich kann mich nicht erinnern, dass jemals so viel Geld f\u00fcr die \u201e\u00f6ffentlichen Wohnzimmer\u201c unseres Stadtbezirks zur Verf\u00fcgung gestellt wurde.<\/p>\n<p>Nicht vergessen sollten wir die Gr\u00fcnfl\u00e4che Reinsburgstr.\/R\u00f6ckenwiesenstr. Vorschl\u00e4ge zur Aufwertung wurden von der Initiative \u201eHasenberg im Blick\u201c im Zusammenhang mit der Gartenbauschule Hohenheim gemacht. Bisher konnten diese aufgrund der personellen Situation beim Garten-\/Friedhofs- und Forstamt noch nicht bewertet und pr\u00e4zisiert werden. Damit dieses Projekt f\u00fcr den n\u00e4chsten Doppelhaushalt angemeldet werden kann, muss die Planung vorangetrieben werden.<\/p>\n<p>Erstmals beschloss der Gemeinderat auf Basis des Fu\u00dfg\u00e4ngerverkehrskonzepts Innenstadt ein unbefristetes Budget und Personal f\u00fcr die Fu\u00dfg\u00e4ngerf\u00f6rderung. Dies ist ein wichtiger Schritt, um diesen \u201evergessenen Verkehr\u201c endlich entsprechend seiner Bedeutung zu unterst\u00fctzen. F\u00fcr den Westen sind 4 Hauptfu\u00dfwegerouten und 3 Flanierrouten vorgesehen. Im Konzept sind alle Problempunkte entlang dieser Routen festgehalten und sollen St\u00fcck f\u00fcr St\u00fcck bearbeitet werden. Ich freue mich auch, dass endlich der jahrelang vergeblich vorgetragene Wunsch eines ampelgeregelten \u00dcberwegs \u00fcber die viel befahrene Stra\u00dfe Am Kr\u00e4herwald auf H\u00f6he der Geibelstra\u00dfe vom Gemeinderat beschlossen wurde.<\/p>\n<p>Im Rahmen der Stadtentwicklungspauschale (STEP) k\u00f6nnen das Ost- und Westufer des Feuersees gerichtet werden. Im Gegensatz zu dem vielbesuchten S\u00fcdufer ist dort keine weitere Belebung vorgesehen. Es sollen eher Punkte f\u00fcr Ruhe und Gespr\u00e4che geschaffen werden. Nur entlang der Gutenbergstra\u00dfe ist eine Boulebahn geplant. Ferner soll die Kreuzung Arndt-, Spitta-, Bebelstra\u00dfe so umgebaut werden, dass Fu\u00dfg\u00e4nger und Radfahrer besser gesch\u00fctzt und B\u00e4ume gepflanzt werden k\u00f6nnen. Nach der Fertigstellung eines Fu\u00dfg\u00e4ngerbereichs (mit Fahrradf\u00fchrung) in der Breitscheidstra\u00dfe vor dem Quartier Rosenberg sollen in der angrenzenden Silcheranlage ein kleiner Spielbereich und eine kleine Callisthenicsanlage f\u00fcr Jugendliche geplant werden.<\/p>\n<p>Leider konnte der Wunsch des Bezirksbeirats nach einer Erh\u00f6hung der Mittel f\u00fcr STEP-Ma\u00dfnahmen nicht ber\u00fccksichtigt werden. Allerdings wird das Budget der Stadtbezirke deutlich aufgewertet und erweitert. Es k\u00f6nnen jetzt kleinere, bauliche Ma\u00dfnahmen im \u00f6ffentlichen Raum finanziert werden. Dies gilt auch f\u00fcr Projekte, die im Rahmen von Kinder- und Jugendbeteiligung angeregt werden. Dadurch erhalten die Bezirksbeir\u00e4te die Chance auf B\u00fcrgerw\u00fcnsche schnell reagieren zu k\u00f6nnen.<\/p>\n<p>An dieser Stelle m\u00f6chte ich noch die vielen kleinen Punkte ansprechen, mit denen sich der Bezirksbeirat und auch ich im Laufe des Jahres besch\u00e4ftigen.<\/p>\n<p>Dies reicht von Altglascontainern, \u00fcber defekte Spielger\u00e4te, Verschmutzungen im \u00f6ffentlichen Raum bis hin zu Verkehrsgef\u00e4hrdungen. Vor ein paar Tagen wurde ich darauf angesprochen, dass unter dem jeweils ersten Punkt der Bezirksbeiratssitzungen \u201eB\u00fcrgerinnen und B\u00fcrger melden sich zu Wort\u201c kaum Meldungen erfolgen. Dies ist sicher kein Zeichen daf\u00fcr, dass es im Westen keine Probleme gibt. Vielmehr melden sich viele Menschen direkt bei mir. In vielen F\u00e4llen k\u00f6nnen die Anliegen direkt in Zusammenarbeit mit der jeweils zust\u00e4ndigen Verwaltung gekl\u00e4rt werden. Jede Anfrage wird entweder direkt von mir oder der Verwaltung beantwortet. In diesem Rahmen gibt es immer wieder Anregungen, die dann im Bezirksbeirat vorgestellt werden. Zuletzt waren dies\u00a0Umgestaltungsvorschl\u00e4ge zur Kreuzung Reinsburgstra\u00dfe\/R\u00f6testra\u00dfe oder zu der kleinen Gr\u00fcnfl\u00e4che Reinsburgstra\u00dfe\/Rotenwaldstra\u00dfe.<\/p>\n<p>Ich m\u00f6chte mich an dieser Stelle ganz herzlich bei allen bedanken, die sich ehren- und hauptamtlich f\u00fcr unsern Stadtbezirk engagieren. Ohne diesen Einsatz w\u00e4re unser Stadtbezirk lange nicht so attraktiv. Bedanken will ich mich ebenfalls bei den vielen B\u00fcrgerinnen und B\u00fcrgern, die mit ihrer Beteiligung bei den verschiedensten B\u00fcrgerwerkst\u00e4tten sich in die Planung einmischen und diese so mitgestalten. Gerade bei Projekten, deren Realisierung sich \u00fcber Jahre hinziehen, ist dies nicht immer einfach. Deshalb sch\u00e4tze ich diesen Einsatz umso mehr. Mein Dank gilt dem Bezirksbeirat, der sich im vergangenen Jahr wieder sehr konstruktiv und zielorientiert mit den Problemen des Stadtbezirks befasste und in der Regel auch gemeinsame L\u00f6sungen fand. Ein Ergebnis davon ist, dass fast alle unserer Anliegen bei den Haushaltsberatungen ber\u00fccksichtigt wurden. Erfahrungsgem\u00e4\u00df dauert die Realisierung dieser Projekte einige Zeit, da teilweise erst noch Personal gefunden werden muss. Der Bezirksbeirat wird auch in Zukunft darauf achten, dass die Umsetzung m\u00f6glichst rasch erfolgt.<\/p>\n","protected":false},"excerpt":{"rendered":"<p>von Reinhard M\u00f6hrle,\u00a0Bezirksvorsteher Stuttgart West<\/p>\n","protected":false},"author":-1,"featured_media":227,"comment_status":"open","ping_status":"open","sticky":false,"template":"","format":"standard","meta":{"footnotes":"","beyondwords_generate_audio":"","beyondwords_integration_method":"","beyondwords_project_id":"","beyondwords_content_id":"","beyondwords_preview_token":"","beyondwords_player_content":"","beyondwords_player_style":"","beyondwords_language_code":"","beyondwords_language_id":"","beyondwords_title_voice_id":"","beyondwords_body_voice_id":"","beyondwords_summary_voice_id":"","beyondwords_error_message":"","beyondwords_disabled":"","beyondwords_delete_content":"","beyondwords_podcast_id":"","beyondwords_hash":"","publish_post_to_speechkit":"","speechkit_hash":"","speechkit_generate_audio":"","speechkit_project_id":"","speechkit_podcast_id":"","speechkit_error_message":"","speechkit_disabled":"","speechkit_access_key":"","speechkit_error":"","speechkit_info":"","speechkit_response":"","speechkit_retries":"","speechkit_status":"","speechkit_updated_at":"","_speechkit_link":"","_speechkit_text":""},"categories":[10,9],"tags":[],"class_list":["post-201","post","type-post","status-publish","format-standard","has-post-thumbnail","hentry","category-bezirksbeirat","category-positionen"],"yoast_head":"<!-- This site is optimized with the Yoast SEO plugin v27.5 - https:\/\/yoast.com\/product\/yoast-seo-wordpress\/ -->\n<title>Die Zukunft des Westens sichern - Gr\u00fcne Stuttgart West<\/title>\n<meta name=\"robots\" content=\"index, follow, max-snippet:-1, max-image-preview:large, max-video-preview:-1\" \/>\n<link rel=\"canonical\" href=\"https:\/\/gruene-ov-stuttgart.de\/west\/die-zukunft-des-westens-sichern\/\" \/>\n<meta property=\"og:locale\" content=\"de_DE\" \/>\n<meta property=\"og:type\" content=\"article\" \/>\n<meta property=\"og:title\" content=\"Die Zukunft des Westens sichern - Gr\u00fcne Stuttgart West\" \/>\n<meta property=\"og:description\" content=\"von Reinhard M\u00f6hrle,\u00a0Bezirksvorsteher Stuttgart West\" \/>\n<meta property=\"og:url\" content=\"https:\/\/gruene-ov-stuttgart.de\/west\/die-zukunft-des-westens-sichern\/\" \/>\n<meta property=\"og:site_name\" content=\"Gr\u00fcne Stuttgart West\" \/>\n<meta property=\"article:published_time\" content=\"2018-02-15T20:29:13+00:00\" \/>\n<meta property=\"article:modified_time\" content=\"2018-02-15T21:14:01+00:00\" \/>\n<meta property=\"og:image\" content=\"https:\/\/gruene-ov-stuttgart.de\/west\/wp-content\/uploads\/2018\/02\/luca-campioni-150270.jpg\" \/>\n\t<meta property=\"og:image:width\" content=\"4096\" \/>\n\t<meta property=\"og:image:height\" content=\"2726\" \/>\n\t<meta property=\"og:image:type\" content=\"image\/jpeg\" \/>\n<meta name=\"author\" content=\"Sebastian Karl\" \/>\n<meta name=\"twitter:card\" content=\"summary_large_image\" \/>\n<script type=\"application\/ld+json\" class=\"yoast-schema-graph\">{\"@context\":\"https:\\\/\\\/schema.org\",\"@graph\":[{\"@type\":\"Article\",\"@id\":\"https:\\\/\\\/gruene-ov-stuttgart.de\\\/west\\\/die-zukunft-des-westens-sichern\\\/#article\",\"isPartOf\":{\"@id\":\"https:\\\/\\\/gruene-ov-stuttgart.de\\\/west\\\/die-zukunft-des-westens-sichern\\\/\"},\"author\":{\"name\":\"Sebastian Karl\",\"@id\":\"https:\\\/\\\/gruene-ov-stuttgart.de\\\/west\\\/#\\\/schema\\\/person\\\/2cbc769846ce82c89e96ccc535bc0e6a\"},\"headline\":\"Die Zukunft des Westens sichern\",\"datePublished\":\"2018-02-15T20:29:13+00:00\",\"dateModified\":\"2018-02-15T21:14:01+00:00\",\"mainEntityOfPage\":{\"@id\":\"https:\\\/\\\/gruene-ov-stuttgart.de\\\/west\\\/die-zukunft-des-westens-sichern\\\/\"},\"wordCount\":1768,\"commentCount\":2,\"image\":{\"@id\":\"https:\\\/\\\/gruene-ov-stuttgart.de\\\/west\\\/die-zukunft-des-westens-sichern\\\/#primaryimage\"},\"thumbnailUrl\":\"https:\\\/\\\/gruene-ov-stuttgart.de\\\/west\\\/wp-content\\\/uploads\\\/2018\\\/02\\\/luca-campioni-150270.jpg\",\"articleSection\":[\"Bezirksbeirat\",\"Positionen\"],\"inLanguage\":\"de\",\"potentialAction\":[{\"@type\":\"CommentAction\",\"name\":\"Comment\",\"target\":[\"https:\\\/\\\/gruene-ov-stuttgart.de\\\/west\\\/die-zukunft-des-westens-sichern\\\/#respond\"]}]},{\"@type\":\"WebPage\",\"@id\":\"https:\\\/\\\/gruene-ov-stuttgart.de\\\/west\\\/die-zukunft-des-westens-sichern\\\/\",\"url\":\"https:\\\/\\\/gruene-ov-stuttgart.de\\\/west\\\/die-zukunft-des-westens-sichern\\\/\",\"name\":\"Die Zukunft des Westens sichern - Gr\u00fcne Stuttgart West\",\"isPartOf\":{\"@id\":\"https:\\\/\\\/gruene-ov-stuttgart.de\\\/west\\\/#website\"},\"primaryImageOfPage\":{\"@id\":\"https:\\\/\\\/gruene-ov-stuttgart.de\\\/west\\\/die-zukunft-des-westens-sichern\\\/#primaryimage\"},\"image\":{\"@id\":\"https:\\\/\\\/gruene-ov-stuttgart.de\\\/west\\\/die-zukunft-des-westens-sichern\\\/#primaryimage\"},\"thumbnailUrl\":\"https:\\\/\\\/gruene-ov-stuttgart.de\\\/west\\\/wp-content\\\/uploads\\\/2018\\\/02\\\/luca-campioni-150270.jpg\",\"datePublished\":\"2018-02-15T20:29:13+00:00\",\"dateModified\":\"2018-02-15T21:14:01+00:00\",\"author\":{\"@id\":\"https:\\\/\\\/gruene-ov-stuttgart.de\\\/west\\\/#\\\/schema\\\/person\\\/2cbc769846ce82c89e96ccc535bc0e6a\"},\"breadcrumb\":{\"@id\":\"https:\\\/\\\/gruene-ov-stuttgart.de\\\/west\\\/die-zukunft-des-westens-sichern\\\/#breadcrumb\"},\"inLanguage\":\"de\",\"potentialAction\":[{\"@type\":\"ReadAction\",\"target\":[\"https:\\\/\\\/gruene-ov-stuttgart.de\\\/west\\\/die-zukunft-des-westens-sichern\\\/\"]}]},{\"@type\":\"ImageObject\",\"inLanguage\":\"de\",\"@id\":\"https:\\\/\\\/gruene-ov-stuttgart.de\\\/west\\\/die-zukunft-des-westens-sichern\\\/#primaryimage\",\"url\":\"https:\\\/\\\/gruene-ov-stuttgart.de\\\/west\\\/wp-content\\\/uploads\\\/2018\\\/02\\\/luca-campioni-150270.jpg\",\"contentUrl\":\"https:\\\/\\\/gruene-ov-stuttgart.de\\\/west\\\/wp-content\\\/uploads\\\/2018\\\/02\\\/luca-campioni-150270.jpg\",\"width\":4096,\"height\":2726},{\"@type\":\"BreadcrumbList\",\"@id\":\"https:\\\/\\\/gruene-ov-stuttgart.de\\\/west\\\/die-zukunft-des-westens-sichern\\\/#breadcrumb\",\"itemListElement\":[{\"@type\":\"ListItem\",\"position\":1,\"name\":\"Startseite\",\"item\":\"https:\\\/\\\/gruene-ov-stuttgart.de\\\/west\\\/\"},{\"@type\":\"ListItem\",\"position\":2,\"name\":\"Die Zukunft des Westens sichern\"}]},{\"@type\":\"WebSite\",\"@id\":\"https:\\\/\\\/gruene-ov-stuttgart.de\\\/west\\\/#website\",\"url\":\"https:\\\/\\\/gruene-ov-stuttgart.de\\\/west\\\/\",\"name\":\"Gr\u00fcne Stuttgart West\",\"description\":\"B\u00fcndnis 90\\\/DIE GR\u00dcNEN im Stuttgarter Westen\",\"potentialAction\":[{\"@type\":\"SearchAction\",\"target\":{\"@type\":\"EntryPoint\",\"urlTemplate\":\"https:\\\/\\\/gruene-ov-stuttgart.de\\\/west\\\/?s={search_term_string}\"},\"query-input\":{\"@type\":\"PropertyValueSpecification\",\"valueRequired\":true,\"valueName\":\"search_term_string\"}}],\"inLanguage\":\"de\"},{\"@type\":\"Person\",\"@id\":\"https:\\\/\\\/gruene-ov-stuttgart.de\\\/west\\\/#\\\/schema\\\/person\\\/2cbc769846ce82c89e96ccc535bc0e6a\",\"name\":\"Sebastian Karl\",\"image\":{\"@type\":\"ImageObject\",\"inLanguage\":\"de\",\"@id\":\"https:\\\/\\\/secure.gravatar.com\\\/avatar\\\/a62317dc7b94535895b9ae945d946c611667d6b85de2a5c6f4224abb83348e48?s=96&d=wavatar&r=g\",\"url\":\"https:\\\/\\\/secure.gravatar.com\\\/avatar\\\/a62317dc7b94535895b9ae945d946c611667d6b85de2a5c6f4224abb83348e48?s=96&d=wavatar&r=g\",\"contentUrl\":\"https:\\\/\\\/secure.gravatar.com\\\/avatar\\\/a62317dc7b94535895b9ae945d946c611667d6b85de2a5c6f4224abb83348e48?s=96&d=wavatar&r=g\",\"caption\":\"Sebastian Karl\"},\"url\":\"https:\\\/\\\/gruene-ov-stuttgart.de\\\/west\\\/author\\\/sebastian\\\/\"}]}<\/script>\n<!-- \/ Yoast SEO plugin. -->","yoast_head_json":{"title":"Die Zukunft des Westens sichern - Gr\u00fcne Stuttgart West","robots":{"index":"index","follow":"follow","max-snippet":"max-snippet:-1","max-image-preview":"max-image-preview:large","max-video-preview":"max-video-preview:-1"},"canonical":"https:\/\/gruene-ov-stuttgart.de\/west\/die-zukunft-des-westens-sichern\/","og_locale":"de_DE","og_type":"article","og_title":"Die Zukunft des Westens sichern - Gr\u00fcne Stuttgart West","og_description":"von Reinhard M\u00f6hrle,\u00a0Bezirksvorsteher Stuttgart West","og_url":"https:\/\/gruene-ov-stuttgart.de\/west\/die-zukunft-des-westens-sichern\/","og_site_name":"Gr\u00fcne Stuttgart West","article_published_time":"2018-02-15T20:29:13+00:00","article_modified_time":"2018-02-15T21:14:01+00:00","og_image":[{"width":4096,"height":2726,"url":"https:\/\/gruene-ov-stuttgart.de\/west\/wp-content\/uploads\/2018\/02\/luca-campioni-150270.jpg","type":"image\/jpeg"}],"author":"Sebastian Karl","twitter_card":"summary_large_image","schema":{"@context":"https:\/\/schema.org","@graph":[{"@type":"Article","@id":"https:\/\/gruene-ov-stuttgart.de\/west\/die-zukunft-des-westens-sichern\/#article","isPartOf":{"@id":"https:\/\/gruene-ov-stuttgart.de\/west\/die-zukunft-des-westens-sichern\/"},"author":{"name":"Sebastian Karl","@id":"https:\/\/gruene-ov-stuttgart.de\/west\/#\/schema\/person\/2cbc769846ce82c89e96ccc535bc0e6a"},"headline":"Die Zukunft des Westens sichern","datePublished":"2018-02-15T20:29:13+00:00","dateModified":"2018-02-15T21:14:01+00:00","mainEntityOfPage":{"@id":"https:\/\/gruene-ov-stuttgart.de\/west\/die-zukunft-des-westens-sichern\/"},"wordCount":1768,"commentCount":2,"image":{"@id":"https:\/\/gruene-ov-stuttgart.de\/west\/die-zukunft-des-westens-sichern\/#primaryimage"},"thumbnailUrl":"https:\/\/gruene-ov-stuttgart.de\/west\/wp-content\/uploads\/2018\/02\/luca-campioni-150270.jpg","articleSection":["Bezirksbeirat","Positionen"],"inLanguage":"de","potentialAction":[{"@type":"CommentAction","name":"Comment","target":["https:\/\/gruene-ov-stuttgart.de\/west\/die-zukunft-des-westens-sichern\/#respond"]}]},{"@type":"WebPage","@id":"https:\/\/gruene-ov-stuttgart.de\/west\/die-zukunft-des-westens-sichern\/","url":"https:\/\/gruene-ov-stuttgart.de\/west\/die-zukunft-des-westens-sichern\/","name":"Die Zukunft des Westens sichern - Gr\u00fcne Stuttgart West","isPartOf":{"@id":"https:\/\/gruene-ov-stuttgart.de\/west\/#website"},"primaryImageOfPage":{"@id":"https:\/\/gruene-ov-stuttgart.de\/west\/die-zukunft-des-westens-sichern\/#primaryimage"},"image":{"@id":"https:\/\/gruene-ov-stuttgart.de\/west\/die-zukunft-des-westens-sichern\/#primaryimage"},"thumbnailUrl":"https:\/\/gruene-ov-stuttgart.de\/west\/wp-content\/uploads\/2018\/02\/luca-campioni-150270.jpg","datePublished":"2018-02-15T20:29:13+00:00","dateModified":"2018-02-15T21:14:01+00:00","author":{"@id":"https:\/\/gruene-ov-stuttgart.de\/west\/#\/schema\/person\/2cbc769846ce82c89e96ccc535bc0e6a"},"breadcrumb":{"@id":"https:\/\/gruene-ov-stuttgart.de\/west\/die-zukunft-des-westens-sichern\/#breadcrumb"},"inLanguage":"de","potentialAction":[{"@type":"ReadAction","target":["https:\/\/gruene-ov-stuttgart.de\/west\/die-zukunft-des-westens-sichern\/"]}]},{"@type":"ImageObject","inLanguage":"de","@id":"https:\/\/gruene-ov-stuttgart.de\/west\/die-zukunft-des-westens-sichern\/#primaryimage","url":"https:\/\/gruene-ov-stuttgart.de\/west\/wp-content\/uploads\/2018\/02\/luca-campioni-150270.jpg","contentUrl":"https:\/\/gruene-ov-stuttgart.de\/west\/wp-content\/uploads\/2018\/02\/luca-campioni-150270.jpg","width":4096,"height":2726},{"@type":"BreadcrumbList","@id":"https:\/\/gruene-ov-stuttgart.de\/west\/die-zukunft-des-westens-sichern\/#breadcrumb","itemListElement":[{"@type":"ListItem","position":1,"name":"Startseite","item":"https:\/\/gruene-ov-stuttgart.de\/west\/"},{"@type":"ListItem","position":2,"name":"Die Zukunft des Westens sichern"}]},{"@type":"WebSite","@id":"https:\/\/gruene-ov-stuttgart.de\/west\/#website","url":"https:\/\/gruene-ov-stuttgart.de\/west\/","name":"Gr\u00fcne Stuttgart West","description":"B\u00fcndnis 90\/DIE GR\u00dcNEN im Stuttgarter Westen","potentialAction":[{"@type":"SearchAction","target":{"@type":"EntryPoint","urlTemplate":"https:\/\/gruene-ov-stuttgart.de\/west\/?s={search_term_string}"},"query-input":{"@type":"PropertyValueSpecification","valueRequired":true,"valueName":"search_term_string"}}],"inLanguage":"de"},{"@type":"Person","@id":"https:\/\/gruene-ov-stuttgart.de\/west\/#\/schema\/person\/2cbc769846ce82c89e96ccc535bc0e6a","name":"Sebastian Karl","image":{"@type":"ImageObject","inLanguage":"de","@id":"https:\/\/secure.gravatar.com\/avatar\/a62317dc7b94535895b9ae945d946c611667d6b85de2a5c6f4224abb83348e48?s=96&d=wavatar&r=g","url":"https:\/\/secure.gravatar.com\/avatar\/a62317dc7b94535895b9ae945d946c611667d6b85de2a5c6f4224abb83348e48?s=96&d=wavatar&r=g","contentUrl":"https:\/\/secure.gravatar.com\/avatar\/a62317dc7b94535895b9ae945d946c611667d6b85de2a5c6f4224abb83348e48?s=96&d=wavatar&r=g","caption":"Sebastian Karl"},"url":"https:\/\/gruene-ov-stuttgart.de\/west\/author\/sebastian\/"}]}},"_links":{"self":[{"href":"https:\/\/gruene-ov-stuttgart.de\/west\/wp-json\/wp\/v2\/posts\/201","targetHints":{"allow":["GET"]}}],"collection":[{"href":"https:\/\/gruene-ov-stuttgart.de\/west\/wp-json\/wp\/v2\/posts"}],"about":[{"href":"https:\/\/gruene-ov-stuttgart.de\/west\/wp-json\/wp\/v2\/types\/post"}],"author":[{"embeddable":true,"href":"https:\/\/gruene-ov-stuttgart.de\/west\/wp-json\/wp\/v2\/users\/7"}],"replies":[{"embeddable":true,"href":"https:\/\/gruene-ov-stuttgart.de\/west\/wp-json\/wp\/v2\/comments?post=201"}],"version-history":[{"count":4,"href":"https:\/\/gruene-ov-stuttgart.de\/west\/wp-json\/wp\/v2\/posts\/201\/revisions"}],"predecessor-version":[{"id":899,"href":"https:\/\/gruene-ov-stuttgart.de\/west\/wp-json\/wp\/v2\/posts\/201\/revisions\/899"}],"wp:featuredmedia":[{"embeddable":true,"href":"https:\/\/gruene-ov-stuttgart.de\/west\/wp-json\/wp\/v2\/media\/227"}],"wp:attachment":[{"href":"https:\/\/gruene-ov-stuttgart.de\/west\/wp-json\/wp\/v2\/media?parent=201"}],"wp:term":[{"taxonomy":"category","embeddable":true,"href":"https:\/\/gruene-ov-stuttgart.de\/west\/wp-json\/wp\/v2\/categories?post=201"},{"taxonomy":"post_tag","embeddable":true,"href":"https:\/\/gruene-ov-stuttgart.de\/west\/wp-json\/wp\/v2\/tags?post=201"}],"curies":[{"name":"wp","href":"https:\/\/api.w.org\/{rel}","templated":true}]}}