{"id":2014,"date":"2025-03-01T12:40:09","date_gmt":"2025-03-01T11:40:09","guid":{"rendered":"https:\/\/gruene-ov-stuttgart.de\/west\/?p=2014"},"modified":"2025-03-28T15:09:14","modified_gmt":"2025-03-28T14:09:14","slug":"verkehrsberuhigung-in-der-gaussstrasse","status":"publish","type":"post","link":"https:\/\/gruene-ov-stuttgart.de\/west\/verkehrsberuhigung-in-der-gaussstrasse\/","title":{"rendered":"Verkehrsberuhigung in der Gau\u00dfstra\u00dfe"},"content":{"rendered":"\n<p>Der Verkehr in der Gau\u00dfstra\u00dfe nimmt seit mehr als zehn Jahren stetig zu. Die schmale Anwohnerstra\u00dfe wird oft als vermeintliche Abk\u00fcrzung in die Stadt genutzt. Zahllose Blechsch\u00e4den, abgefahrene Seitenspiegel und \u00fcberfahrene Haustiere mussten die Anwohnerinnen und Anwohner bereits erdulden. Diese setzten sich nun jedoch zur Wehr und gr\u00fcndeten eine neue B\u00fcrgerinitiative um ihre Forderung nach einer effektiven Verkehrsberuhigung in der Gau\u00dfstra\u00dfe zu stellen.<\/p>\n\n\n\n<p>\u201eAbgefahrene Spiegel, etliche Schrammen und gr\u00f6\u00dfere Blechsch\u00e4den an den Autos bei fast allen Anwohnern und Nachbarn, \u00fcberfahrene Haustiere, diese Liste nimmt gar kein Ende und jedes Mal Fahrerflucht\u201c, so Michaela Mayl\u00e4nder, Anwohnerin in der Gau\u00dfstra\u00dfe in Stuttgart West und Gr\u00fcnderin der neuen B\u00fcrgerinitiative zur dortigen Verkehrsberuhigung. Die Gau\u00dfstra\u00dfe, eine schmale Anwohnerstra\u00dfe, die an vielen Stellen nur breit genug f\u00fcr eine Fahrbahn ist, wird seit Jahren immer \u00f6fter als vermeintliche Abk\u00fcrzung in die Stadt genutzt. \u201eAn die Geschwindigkeitsbegrenzung h\u00e4lt sich hier niemand\u201c, f\u00fchrt Mayl\u00e4nder weiter aus, als sie Bezirksvorsteher Bernhard Mellert eine Liste mit \u00fcber 200 gesammelten Unterschriften \u00fcbergibt, alle von den Anwohnerinnen und Anwohnern, die sich nun gemeinsam im Bezirksbeirat West Geh\u00f6r f\u00fcr ihr Anliegen verschafft haben.<\/p>\n\n\n\n<p><br>Stefan Lasse von B\u00fcndnis 90\/Die Gr\u00fcnen brachte zusammen mit der B\u00fcrgerinitiative einen Antrag ein, der von der Stadtverwaltung jetzt fordert, geeignete Ma\u00dfnahmen zu ergreifen. Die Situation dort soll entsch\u00e4rft und f\u00fcr eine effektive Verkehrsberuhigung in der Gau\u00dfstra\u00dfe gesorgt werden. \u201eEs gilt dort bereits eine Geschwindigkeitsbeschr\u00e4nkung auf 30 km\/h, und es m\u00fcssen nun effektive Ma\u00dfnahmen ergriffen werden, sodass diese auch eingehalten wird, damit nicht noch ein Kind zu Schaden kommt\u201c, sagte Lasse. Im Dezember letzten Jahres wurde ein 9-j\u00e4hriges M\u00e4dchen dort angefahren.<br>Die Gr\u00fcnen im Bezirksbeirat West haben f\u00fcr diese Zust\u00e4nde kein Verst\u00e4ndnis und fordern eine umfassende Neubewertung des Verkehrs vorzunehmen und durch geeignete bauliche Ma\u00dfnahmen daf\u00fcr zu sorgen, dass Tempo 30 eingehalten wird. Die Gau\u00dfstra\u00dfe ist auch Teil des Schulwegs zur Schule im Sonnigen Winkel.<\/p>\n\n\n\n<p>Den genauen Inhalt der Forderungen finden Sie in <a href=\"https:\/\/gruene-ov-stuttgart.de\/west\/wp-content\/uploads\/2025\/03\/Antrag_Gaussstrasse.pdf\">unserem Antrag<\/a>.<\/p>\n\n\n\n<p><\/p>\n\n\n\n<p><\/p>\n","protected":false},"excerpt":{"rendered":"<p>Der Verkehr in der Gau\u00dfstra\u00dfe nimmt seit mehr als zehn Jahren stetig zu. Die schmale Anwohnerstra\u00dfe wird oft als vermeintliche Abk\u00fcrzung in die Stadt genutzt. Zahllose Blechsch\u00e4den, abgefahrene Seitenspiegel und [&hellip;]<\/p>\n","protected":false},"author":-1,"featured_media":0,"comment_status":"open","ping_status":"closed","sticky":false,"template":"","format":"standard","meta":{"footnotes":"","beyondwords_generate_audio":"1","beyondwords_integration_method":"","beyondwords_project_id":"43673","beyondwords_content_id":"ebfaf208-136f-4b1a-b61e-dfc73abc2f13","beyondwords_preview_token":"09e0d636-0f5b-41e3-a827-5ff250a6354e","beyondwords_player_content":"","beyondwords_player_style":"","beyondwords_language_code":"de_DE","beyondwords_language_id":"44","beyondwords_title_voice_id":"","beyondwords_body_voice_id":"","beyondwords_summary_voice_id":"","beyondwords_error_message":"","beyondwords_disabled":"","beyondwords_delete_content":"","beyondwords_podcast_id":"","beyondwords_hash":"","publish_post_to_speechkit":"","speechkit_hash":"","speechkit_generate_audio":"","speechkit_project_id":"","speechkit_podcast_id":"","speechkit_error_message":"","speechkit_disabled":"","speechkit_access_key":"","speechkit_error":"","speechkit_info":"","speechkit_response":"","speechkit_retries":"","speechkit_status":"","speechkit_updated_at":"","_speechkit_link":"","_speechkit_text":""},"categories":[1,10],"tags":[],"class_list":["post-2014","post","type-post","status-publish","format-standard","hentry","category-aktuelles","category-bezirksbeirat"],"yoast_head":"<!-- This site is optimized with the Yoast SEO plugin v27.5 - https:\/\/yoast.com\/product\/yoast-seo-wordpress\/ -->\n<title>Verkehrsberuhigung in der Gau\u00dfstra\u00dfe - Gr\u00fcne Stuttgart West<\/title>\n<meta name=\"description\" content=\"Die Gr\u00fcnen unterst\u00fctzen eine neue B\u00fcrgerinitiative in der Stuttgarter Gau\u00dfstra\u00dfe, die sich f\u00fcr eine effektive Verkehrsberuhigung einsetzt.\" \/>\n<meta name=\"robots\" content=\"index, follow, max-snippet:-1, max-image-preview:large, max-video-preview:-1\" \/>\n<link rel=\"canonical\" href=\"https:\/\/gruene-ov-stuttgart.de\/west\/verkehrsberuhigung-in-der-gaussstrasse\/\" \/>\n<meta property=\"og:locale\" content=\"de_DE\" \/>\n<meta property=\"og:type\" content=\"article\" \/>\n<meta property=\"og:title\" content=\"Verkehrsberuhigung in der Gau\u00dfstra\u00dfe - Gr\u00fcne Stuttgart West\" \/>\n<meta property=\"og:description\" content=\"Die Gr\u00fcnen unterst\u00fctzen eine neue B\u00fcrgerinitiative in der Stuttgarter Gau\u00dfstra\u00dfe, die sich f\u00fcr eine effektive Verkehrsberuhigung einsetzt.\" \/>\n<meta property=\"og:url\" content=\"https:\/\/gruene-ov-stuttgart.de\/west\/verkehrsberuhigung-in-der-gaussstrasse\/\" \/>\n<meta property=\"og:site_name\" content=\"Gr\u00fcne Stuttgart West\" \/>\n<meta property=\"article:published_time\" content=\"2025-03-01T11:40:09+00:00\" \/>\n<meta property=\"article:modified_time\" content=\"2025-03-28T14:09:14+00:00\" \/>\n<meta name=\"author\" content=\"Stefan Lasse\" \/>\n<meta name=\"twitter:card\" content=\"summary_large_image\" \/>\n<script type=\"application\/ld+json\" class=\"yoast-schema-graph\">{\"@context\":\"https:\\\/\\\/schema.org\",\"@graph\":[{\"@type\":\"Article\",\"@id\":\"https:\\\/\\\/gruene-ov-stuttgart.de\\\/west\\\/verkehrsberuhigung-in-der-gaussstrasse\\\/#article\",\"isPartOf\":{\"@id\":\"https:\\\/\\\/gruene-ov-stuttgart.de\\\/west\\\/verkehrsberuhigung-in-der-gaussstrasse\\\/\"},\"author\":{\"name\":\"Stefan Lasse\",\"@id\":\"https:\\\/\\\/gruene-ov-stuttgart.de\\\/west\\\/#\\\/schema\\\/person\\\/b862d460087e7b9bc4d06cff084a75d8\"},\"headline\":\"Verkehrsberuhigung in der Gau\u00dfstra\u00dfe\",\"datePublished\":\"2025-03-01T11:40:09+00:00\",\"dateModified\":\"2025-03-28T14:09:14+00:00\",\"mainEntityOfPage\":{\"@id\":\"https:\\\/\\\/gruene-ov-stuttgart.de\\\/west\\\/verkehrsberuhigung-in-der-gaussstrasse\\\/\"},\"wordCount\":366,\"commentCount\":0,\"articleSection\":[\"Aktuelles\",\"Bezirksbeirat\"],\"inLanguage\":\"de\",\"potentialAction\":[{\"@type\":\"CommentAction\",\"name\":\"Comment\",\"target\":[\"https:\\\/\\\/gruene-ov-stuttgart.de\\\/west\\\/verkehrsberuhigung-in-der-gaussstrasse\\\/#respond\"]}]},{\"@type\":\"WebPage\",\"@id\":\"https:\\\/\\\/gruene-ov-stuttgart.de\\\/west\\\/verkehrsberuhigung-in-der-gaussstrasse\\\/\",\"url\":\"https:\\\/\\\/gruene-ov-stuttgart.de\\\/west\\\/verkehrsberuhigung-in-der-gaussstrasse\\\/\",\"name\":\"Verkehrsberuhigung in der Gau\u00dfstra\u00dfe - Gr\u00fcne Stuttgart West\",\"isPartOf\":{\"@id\":\"https:\\\/\\\/gruene-ov-stuttgart.de\\\/west\\\/#website\"},\"datePublished\":\"2025-03-01T11:40:09+00:00\",\"dateModified\":\"2025-03-28T14:09:14+00:00\",\"author\":{\"@id\":\"https:\\\/\\\/gruene-ov-stuttgart.de\\\/west\\\/#\\\/schema\\\/person\\\/b862d460087e7b9bc4d06cff084a75d8\"},\"description\":\"Die Gr\u00fcnen unterst\u00fctzen eine neue B\u00fcrgerinitiative in der Stuttgarter Gau\u00dfstra\u00dfe, die sich f\u00fcr eine effektive Verkehrsberuhigung einsetzt.\",\"breadcrumb\":{\"@id\":\"https:\\\/\\\/gruene-ov-stuttgart.de\\\/west\\\/verkehrsberuhigung-in-der-gaussstrasse\\\/#breadcrumb\"},\"inLanguage\":\"de\",\"potentialAction\":[{\"@type\":\"ReadAction\",\"target\":[\"https:\\\/\\\/gruene-ov-stuttgart.de\\\/west\\\/verkehrsberuhigung-in-der-gaussstrasse\\\/\"]}]},{\"@type\":\"BreadcrumbList\",\"@id\":\"https:\\\/\\\/gruene-ov-stuttgart.de\\\/west\\\/verkehrsberuhigung-in-der-gaussstrasse\\\/#breadcrumb\",\"itemListElement\":[{\"@type\":\"ListItem\",\"position\":1,\"name\":\"Startseite\",\"item\":\"https:\\\/\\\/gruene-ov-stuttgart.de\\\/west\\\/\"},{\"@type\":\"ListItem\",\"position\":2,\"name\":\"Verkehrsberuhigung in der Gau\u00dfstra\u00dfe\"}]},{\"@type\":\"WebSite\",\"@id\":\"https:\\\/\\\/gruene-ov-stuttgart.de\\\/west\\\/#website\",\"url\":\"https:\\\/\\\/gruene-ov-stuttgart.de\\\/west\\\/\",\"name\":\"Gr\u00fcne Stuttgart West\",\"description\":\"B\u00fcndnis 90\\\/DIE GR\u00dcNEN im Stuttgarter Westen\",\"potentialAction\":[{\"@type\":\"SearchAction\",\"target\":{\"@type\":\"EntryPoint\",\"urlTemplate\":\"https:\\\/\\\/gruene-ov-stuttgart.de\\\/west\\\/?s={search_term_string}\"},\"query-input\":{\"@type\":\"PropertyValueSpecification\",\"valueRequired\":true,\"valueName\":\"search_term_string\"}}],\"inLanguage\":\"de\"},{\"@type\":\"Person\",\"@id\":\"https:\\\/\\\/gruene-ov-stuttgart.de\\\/west\\\/#\\\/schema\\\/person\\\/b862d460087e7b9bc4d06cff084a75d8\",\"name\":\"Stefan Lasse\",\"image\":{\"@type\":\"ImageObject\",\"inLanguage\":\"de\",\"@id\":\"https:\\\/\\\/secure.gravatar.com\\\/avatar\\\/fb04a2a775efe583f4ea8f912e71808b8703c157698c98059855ccb8779a10af?s=96&d=wavatar&r=g\",\"url\":\"https:\\\/\\\/secure.gravatar.com\\\/avatar\\\/fb04a2a775efe583f4ea8f912e71808b8703c157698c98059855ccb8779a10af?s=96&d=wavatar&r=g\",\"contentUrl\":\"https:\\\/\\\/secure.gravatar.com\\\/avatar\\\/fb04a2a775efe583f4ea8f912e71808b8703c157698c98059855ccb8779a10af?s=96&d=wavatar&r=g\",\"caption\":\"Stefan Lasse\"},\"url\":\"https:\\\/\\\/gruene-ov-stuttgart.de\\\/west\\\/author\\\/stefan-lasse\\\/\"}]}<\/script>\n<!-- \/ Yoast SEO plugin. -->","yoast_head_json":{"title":"Verkehrsberuhigung in der Gau\u00dfstra\u00dfe - Gr\u00fcne Stuttgart West","description":"Die Gr\u00fcnen unterst\u00fctzen eine neue B\u00fcrgerinitiative in der Stuttgarter Gau\u00dfstra\u00dfe, die sich f\u00fcr eine effektive Verkehrsberuhigung einsetzt.","robots":{"index":"index","follow":"follow","max-snippet":"max-snippet:-1","max-image-preview":"max-image-preview:large","max-video-preview":"max-video-preview:-1"},"canonical":"https:\/\/gruene-ov-stuttgart.de\/west\/verkehrsberuhigung-in-der-gaussstrasse\/","og_locale":"de_DE","og_type":"article","og_title":"Verkehrsberuhigung in der Gau\u00dfstra\u00dfe - Gr\u00fcne Stuttgart West","og_description":"Die Gr\u00fcnen unterst\u00fctzen eine neue B\u00fcrgerinitiative in der Stuttgarter Gau\u00dfstra\u00dfe, die sich f\u00fcr eine effektive Verkehrsberuhigung einsetzt.","og_url":"https:\/\/gruene-ov-stuttgart.de\/west\/verkehrsberuhigung-in-der-gaussstrasse\/","og_site_name":"Gr\u00fcne Stuttgart West","article_published_time":"2025-03-01T11:40:09+00:00","article_modified_time":"2025-03-28T14:09:14+00:00","author":"Stefan Lasse","twitter_card":"summary_large_image","schema":{"@context":"https:\/\/schema.org","@graph":[{"@type":"Article","@id":"https:\/\/gruene-ov-stuttgart.de\/west\/verkehrsberuhigung-in-der-gaussstrasse\/#article","isPartOf":{"@id":"https:\/\/gruene-ov-stuttgart.de\/west\/verkehrsberuhigung-in-der-gaussstrasse\/"},"author":{"name":"Stefan Lasse","@id":"https:\/\/gruene-ov-stuttgart.de\/west\/#\/schema\/person\/b862d460087e7b9bc4d06cff084a75d8"},"headline":"Verkehrsberuhigung in der Gau\u00dfstra\u00dfe","datePublished":"2025-03-01T11:40:09+00:00","dateModified":"2025-03-28T14:09:14+00:00","mainEntityOfPage":{"@id":"https:\/\/gruene-ov-stuttgart.de\/west\/verkehrsberuhigung-in-der-gaussstrasse\/"},"wordCount":366,"commentCount":0,"articleSection":["Aktuelles","Bezirksbeirat"],"inLanguage":"de","potentialAction":[{"@type":"CommentAction","name":"Comment","target":["https:\/\/gruene-ov-stuttgart.de\/west\/verkehrsberuhigung-in-der-gaussstrasse\/#respond"]}]},{"@type":"WebPage","@id":"https:\/\/gruene-ov-stuttgart.de\/west\/verkehrsberuhigung-in-der-gaussstrasse\/","url":"https:\/\/gruene-ov-stuttgart.de\/west\/verkehrsberuhigung-in-der-gaussstrasse\/","name":"Verkehrsberuhigung in der Gau\u00dfstra\u00dfe - Gr\u00fcne Stuttgart West","isPartOf":{"@id":"https:\/\/gruene-ov-stuttgart.de\/west\/#website"},"datePublished":"2025-03-01T11:40:09+00:00","dateModified":"2025-03-28T14:09:14+00:00","author":{"@id":"https:\/\/gruene-ov-stuttgart.de\/west\/#\/schema\/person\/b862d460087e7b9bc4d06cff084a75d8"},"description":"Die Gr\u00fcnen unterst\u00fctzen eine neue B\u00fcrgerinitiative in der Stuttgarter Gau\u00dfstra\u00dfe, die sich f\u00fcr eine effektive Verkehrsberuhigung einsetzt.","breadcrumb":{"@id":"https:\/\/gruene-ov-stuttgart.de\/west\/verkehrsberuhigung-in-der-gaussstrasse\/#breadcrumb"},"inLanguage":"de","potentialAction":[{"@type":"ReadAction","target":["https:\/\/gruene-ov-stuttgart.de\/west\/verkehrsberuhigung-in-der-gaussstrasse\/"]}]},{"@type":"BreadcrumbList","@id":"https:\/\/gruene-ov-stuttgart.de\/west\/verkehrsberuhigung-in-der-gaussstrasse\/#breadcrumb","itemListElement":[{"@type":"ListItem","position":1,"name":"Startseite","item":"https:\/\/gruene-ov-stuttgart.de\/west\/"},{"@type":"ListItem","position":2,"name":"Verkehrsberuhigung in der Gau\u00dfstra\u00dfe"}]},{"@type":"WebSite","@id":"https:\/\/gruene-ov-stuttgart.de\/west\/#website","url":"https:\/\/gruene-ov-stuttgart.de\/west\/","name":"Gr\u00fcne Stuttgart West","description":"B\u00fcndnis 90\/DIE GR\u00dcNEN im Stuttgarter Westen","potentialAction":[{"@type":"SearchAction","target":{"@type":"EntryPoint","urlTemplate":"https:\/\/gruene-ov-stuttgart.de\/west\/?s={search_term_string}"},"query-input":{"@type":"PropertyValueSpecification","valueRequired":true,"valueName":"search_term_string"}}],"inLanguage":"de"},{"@type":"Person","@id":"https:\/\/gruene-ov-stuttgart.de\/west\/#\/schema\/person\/b862d460087e7b9bc4d06cff084a75d8","name":"Stefan Lasse","image":{"@type":"ImageObject","inLanguage":"de","@id":"https:\/\/secure.gravatar.com\/avatar\/fb04a2a775efe583f4ea8f912e71808b8703c157698c98059855ccb8779a10af?s=96&d=wavatar&r=g","url":"https:\/\/secure.gravatar.com\/avatar\/fb04a2a775efe583f4ea8f912e71808b8703c157698c98059855ccb8779a10af?s=96&d=wavatar&r=g","contentUrl":"https:\/\/secure.gravatar.com\/avatar\/fb04a2a775efe583f4ea8f912e71808b8703c157698c98059855ccb8779a10af?s=96&d=wavatar&r=g","caption":"Stefan Lasse"},"url":"https:\/\/gruene-ov-stuttgart.de\/west\/author\/stefan-lasse\/"}]}},"_links":{"self":[{"href":"https:\/\/gruene-ov-stuttgart.de\/west\/wp-json\/wp\/v2\/posts\/2014","targetHints":{"allow":["GET"]}}],"collection":[{"href":"https:\/\/gruene-ov-stuttgart.de\/west\/wp-json\/wp\/v2\/posts"}],"about":[{"href":"https:\/\/gruene-ov-stuttgart.de\/west\/wp-json\/wp\/v2\/types\/post"}],"author":[{"embeddable":true,"href":"https:\/\/gruene-ov-stuttgart.de\/west\/wp-json\/wp\/v2\/users\/14"}],"replies":[{"embeddable":true,"href":"https:\/\/gruene-ov-stuttgart.de\/west\/wp-json\/wp\/v2\/comments?post=2014"}],"version-history":[{"count":3,"href":"https:\/\/gruene-ov-stuttgart.de\/west\/wp-json\/wp\/v2\/posts\/2014\/revisions"}],"predecessor-version":[{"id":2022,"href":"https:\/\/gruene-ov-stuttgart.de\/west\/wp-json\/wp\/v2\/posts\/2014\/revisions\/2022"}],"wp:attachment":[{"href":"https:\/\/gruene-ov-stuttgart.de\/west\/wp-json\/wp\/v2\/media?parent=2014"}],"wp:term":[{"taxonomy":"category","embeddable":true,"href":"https:\/\/gruene-ov-stuttgart.de\/west\/wp-json\/wp\/v2\/categories?post=2014"},{"taxonomy":"post_tag","embeddable":true,"href":"https:\/\/gruene-ov-stuttgart.de\/west\/wp-json\/wp\/v2\/tags?post=2014"}],"curies":[{"name":"wp","href":"https:\/\/api.w.org\/{rel}","templated":true}]}}