{"id":2032,"date":"2025-09-03T00:38:33","date_gmt":"2025-09-02T22:38:33","guid":{"rendered":"https:\/\/gruene-ov-stuttgart.de\/west\/?p=2032"},"modified":"2025-12-21T21:15:03","modified_gmt":"2025-12-21T20:15:03","slug":"wo-bleibt-die-fahrradstrasse","status":"publish","type":"post","link":"https:\/\/gruene-ov-stuttgart.de\/west\/wo-bleibt-die-fahrradstrasse\/","title":{"rendered":"Wo bleibt die Fahrradstra\u00dfe?  [update]"},"content":{"rendered":"\n<h2 class=\"wp-block-heading\">Versprochen seit Jahren<\/h2>\n\n\n\n<p>Im Stuttgarter Westen wartet man immer noch auf die <strong>erste Fahrradstra\u00dfe<\/strong> im Bezirk \u2013 geplant ist diese auf der Forst-\/Senefelder-\/Breitscheidstra\u00dfe &#8211; die sogenannte Hauptradroute 4. Bereits <strong>seit 2017<\/strong> (z.B. <a href=\"https:\/\/gruene-ov-stuttgart.de\/west\/wp-content\/uploads\/2018\/11\/2018-02-18_Hauptradroute4-Beschilderung-1.pdf\">gr\u00fcner Antrag im Bezirksbeirat<\/a>) wird \u00fcber dieses Projekt diskutiert. Die Forststra\u00dfe soll zur <strong>\u201eFlanierroute\u201c und Hauptradroute<\/strong> werden, in der Fu\u00dfg\u00e4ngerinnen und Fu\u00dfg\u00e4nger sowie Radfahrerinnen und Radfahrer Vorrang haben. Doch obwohl die Umgestaltung im Fr\u00fchjahr 2023 endg\u00fcltig beschlossen wurde (<a href=\"https:\/\/www.stuttgart.de\/medien\/ibs\/fuss-und-radverkehrsbericht-2023-landeshauptstadt-stuttgart.pdf#:~:text=Forststra%C3%9Fe%2F%20Breitscheidstra%C3%9Fe%3A%20Die%20die%20weiteren,in\" target=\"_blank\" rel=\"noreferrer noopener\">stuttgart.de<\/a>), ist vor Ort bis heute keine offizielle Fahrradstra\u00dfe ausgewiesen.<\/p>\n\n\n\n<p>Neben dem Konzept der Radrouten wurde 2017 auch ein <a href=\"https:\/\/www.stuttgart.de\/leben\/mobilitaet\/fussgaenger\/investitionen-fuer-den-fussverkehr\/investionen-fuer-den-fussverkehr\">Fussverkehrskonzept<\/a> entwickelt, das die Fortstra\u00dfe als \u201eFlanierroute\u201c ausweist, d.h. ein Weg in die Innenstadt mit wenig Autoverkehr und gro\u00dfem Anteil an Gr\u00fcnderzeitbebauung. Auch hier gab es 2021 einen <a href=\"https:\/\/gruene-ov-stuttgart.de\/west\/wp-content\/uploads\/2021\/11\/Vorschla%CC%88ge-zur-Gestaltung-der-Flanierroute-VI-Forststrasse-19.11.2021.pdf\">Antrag<\/a> der Gr\u00fcnen Bezirksbeir\u00e4te zur Gestaltung der Flanierroute 6 (Forststra\u00dfe), der noch nicht umgesetzt wurde.<\/p>\n\n\n\n<figure class=\"wp-block-image size-large\"><img loading=\"lazy\" decoding=\"async\" width=\"800\" height=\"342\" src=\"https:\/\/gruene-ov-stuttgart.de\/west\/wp-content\/uploads\/2025\/09\/HRR4-800x342.png\" alt=\"\" class=\"wp-image-2043\" srcset=\"https:\/\/gruene-ov-stuttgart.de\/west\/wp-content\/uploads\/2025\/09\/HRR4-800x342.png 800w, https:\/\/gruene-ov-stuttgart.de\/west\/wp-content\/uploads\/2025\/09\/HRR4-400x171.png 400w, https:\/\/gruene-ov-stuttgart.de\/west\/wp-content\/uploads\/2025\/09\/HRR4-768x329.png 768w, https:\/\/gruene-ov-stuttgart.de\/west\/wp-content\/uploads\/2025\/09\/HRR4.png 1224w\" sizes=\"auto, (max-width: 800px) 100vw, 800px\" \/><\/figure>\n\n\n\n<p><\/p>\n\n\n\n<h2 class=\"wp-block-heading\">Zeit f\u00fcr die Umsetzung<\/h2>\n\n\n\n<p>Die <strong>Planungen<\/strong> liegen l\u00e4ngst bereit: An den Kreuzungen sollen Markierungen in auff\u00e4lligem T\u00fcrkis und neue Gehwegnasen f\u00fcr mehr Sicherheit sorgen. Entlang der Forststra\u00dfe wurden bereits zus\u00e4tzliche B\u00e4ume in K\u00fcbeln gepflanzt und Sitzb\u00e4nke aufgestellt \u2013 kleine Verbesserungen, die zeigen, wie dieser Stra\u00dfenraum attraktiver und ruhiger werden kann. <\/p>\n\n\n\n<blockquote class=\"wp-block-quote is-layout-flow wp-block-quote-is-layout-flow\">\n<p>&#8222;Eine echte Fahrradstra\u00dfe w\u00fcrde dem Radverkehr hier Vorrang einr\u00e4umen. Das k\u00e4me allen Anwohnerinnen und Anwohnern zugute: weniger L\u00e4rm, langsamerer Autoverkehr und damit mehr Sicherheit und Lebensqualit\u00e4t im Quartier.\u201c<\/p>\n\n\n\n<p>Helga Kaiser (Bezirksbeir\u00e4tin Gr\u00fcne)<\/p>\n<\/blockquote>\n\n\n\n<p>Wir fragen daher: <strong>Wo bleibt die Fahrradstra\u00dfe?<\/strong> Wie lange m\u00fcssen die B\u00fcrgerinnen und B\u00fcrger im Stuttgarter Westen noch darauf warten, bis der Beschluss auch wirklich umgesetzt wird? Mit unserer Aktion <em>\u201eWo bleibt die Fahrradstra\u00dfe?\u201c<\/em> appellieren wir an die Stadtverwaltung, die erste Fahrradstra\u00dfe im Westen nun <strong>z\u00fcgig einzurichten<\/strong>, wie einst versprochen. Es ist Zeit zu handeln \u2013 f\u00fcr sichere Rad- und Fu\u00dfwege, weniger Schleichverkehr und ein besseres Miteinander auf unseren Stra\u00dfen.<\/p>\n\n\n\n<blockquote class=\"wp-block-quote is-style-default has-medium-font-size is-layout-flow wp-block-quote-is-layout-flow\">\n<p>&#8222;In f\u00fcnf Jahren will die Stadt Stuttgart einen Radverkehrsanteil von 25 % am Verkehrsmix haben. Die Geschwindigkeit beim Ausbau der Radwege ist zu langsam. Wir erwarten von B\u00fcrgermeister Th\u00fcrnau, dass die Fahrradstra\u00dfe n\u00e4chstes Jahr auch wirklich kommt und nicht mehr verschoben wird.&#8220;<\/p>\n\n\n\n<p>Marcel Roth (Stadtrat Gr\u00fcne)<\/p>\n<\/blockquote>\n\n\n\n<hr class=\"wp-block-separator has-alpha-channel-opacity\"\/>\n\n\n\n<p><strong><mark style=\"background-color:rgba(0, 0, 0, 0)\" class=\"has-inline-color has-klee-700-color\">Update 18.12.2025<\/mark><\/strong><\/p>\n\n\n\n<p>Endlich ist es offiziell: Der Baubeschluss f\u00fcr unsere neue Fahrradstra\u00dfe steht! Wir freuen uns riesig, dass dieses wichtige Projekt f\u00fcr mehr Lebensqualit\u00e4t und Sicherheit in unserer Stadt nun Form annimmt.<\/p>\n\n\n\n<p>Bereits im <strong>kommenden Fr\u00fchjahr<\/strong> f\u00e4llt der Startschuss und die Bagger rollen an. Damit r\u00fcckt eine fahrradfreundliche Zukunft in greifbare N\u00e4he! Alle Details zum Zeitplan und den genauen Abschnitten findet Ihr hier: [<a href=\"https:\/\/www.stuttgart.de\/service\/aktuelle-meldungen\/2025\/dezember\/baubeschluss-fuer-neue-fahrradstrasse-in-stuttgart-west-fahrradstrasse-in-der-burgstallstrasse-in-stuttgart-sued-fertiggestellt\">Link<\/a>]<\/p>\n\n\n\n<p><\/p>\n","protected":false},"excerpt":{"rendered":"<p>Versprochen seit Jahren Im Stuttgarter Westen wartet man immer noch auf die erste Fahrradstra\u00dfe im Bezirk \u2013 geplant ist diese auf der Forst-\/Senefelder-\/Breitscheidstra\u00dfe &#8211; die sogenannte Hauptradroute 4. Bereits seit [&hellip;]<\/p>\n","protected":false},"author":-1,"featured_media":2044,"comment_status":"open","ping_status":"closed","sticky":false,"template":"","format":"standard","meta":{"footnotes":"","beyondwords_generate_audio":"","beyondwords_integration_method":"","beyondwords_project_id":"","beyondwords_content_id":"","beyondwords_preview_token":"","beyondwords_player_content":"","beyondwords_player_style":"","beyondwords_language_code":"","beyondwords_language_id":"","beyondwords_title_voice_id":"","beyondwords_body_voice_id":"","beyondwords_summary_voice_id":"","beyondwords_error_message":"#404: Not Found","beyondwords_disabled":"","beyondwords_delete_content":"","beyondwords_podcast_id":"","beyondwords_hash":"","publish_post_to_speechkit":"","speechkit_hash":"","speechkit_generate_audio":"","speechkit_project_id":"","speechkit_podcast_id":"","speechkit_error_message":"","speechkit_disabled":"","speechkit_access_key":"","speechkit_error":"","speechkit_info":"","speechkit_response":"","speechkit_retries":"","speechkit_status":"","speechkit_updated_at":"","_speechkit_link":"","_speechkit_text":""},"categories":[1,10,9],"tags":[],"class_list":["post-2032","post","type-post","status-publish","format-standard","has-post-thumbnail","hentry","category-aktuelles","category-bezirksbeirat","category-positionen"],"yoast_head":"<!-- This site is optimized with the Yoast SEO plugin v27.5 - https:\/\/yoast.com\/product\/yoast-seo-wordpress\/ -->\n<title>Wo bleibt die Fahrradstra\u00dfe? [update] - Gr\u00fcne Stuttgart West<\/title>\n<meta name=\"robots\" content=\"index, follow, max-snippet:-1, max-image-preview:large, max-video-preview:-1\" \/>\n<link rel=\"canonical\" href=\"https:\/\/gruene-ov-stuttgart.de\/west\/wo-bleibt-die-fahrradstrasse\/\" \/>\n<meta property=\"og:locale\" content=\"de_DE\" \/>\n<meta property=\"og:type\" content=\"article\" \/>\n<meta property=\"og:title\" content=\"Wo bleibt die Fahrradstra\u00dfe? [update] - Gr\u00fcne Stuttgart West\" \/>\n<meta property=\"og:description\" content=\"Versprochen seit Jahren Im Stuttgarter Westen wartet man immer noch auf die erste Fahrradstra\u00dfe im Bezirk \u2013 geplant ist diese auf der Forst-\/Senefelder-\/Breitscheidstra\u00dfe &#8211; die sogenannte Hauptradroute 4. Bereits seit [&hellip;]\" \/>\n<meta property=\"og:url\" content=\"https:\/\/gruene-ov-stuttgart.de\/west\/wo-bleibt-die-fahrradstrasse\/\" \/>\n<meta property=\"og:site_name\" content=\"Gr\u00fcne Stuttgart West\" \/>\n<meta property=\"article:published_time\" content=\"2025-09-02T22:38:33+00:00\" \/>\n<meta property=\"article:modified_time\" content=\"2025-12-21T20:15:03+00:00\" \/>\n<meta property=\"og:image\" content=\"https:\/\/gruene-ov-stuttgart.de\/west\/wp-content\/uploads\/2025\/09\/Titelbild.png\" \/>\n\t<meta property=\"og:image:width\" content=\"818\" \/>\n\t<meta property=\"og:image:height\" content=\"688\" \/>\n\t<meta property=\"og:image:type\" content=\"image\/png\" \/>\n<meta name=\"author\" content=\"Markus Ganser\" \/>\n<meta name=\"twitter:card\" content=\"summary_large_image\" \/>\n<script type=\"application\/ld+json\" class=\"yoast-schema-graph\">{\"@context\":\"https:\\\/\\\/schema.org\",\"@graph\":[{\"@type\":\"Article\",\"@id\":\"https:\\\/\\\/gruene-ov-stuttgart.de\\\/west\\\/wo-bleibt-die-fahrradstrasse\\\/#article\",\"isPartOf\":{\"@id\":\"https:\\\/\\\/gruene-ov-stuttgart.de\\\/west\\\/wo-bleibt-die-fahrradstrasse\\\/\"},\"author\":{\"name\":\"Markus Ganser\",\"@id\":\"https:\\\/\\\/gruene-ov-stuttgart.de\\\/west\\\/#\\\/schema\\\/person\\\/4f1fc8f6a0d171ecc493f6ebd0a92ce9\"},\"headline\":\"Wo bleibt die Fahrradstra\u00dfe? [update]\",\"datePublished\":\"2025-09-02T22:38:33+00:00\",\"dateModified\":\"2025-12-21T20:15:03+00:00\",\"mainEntityOfPage\":{\"@id\":\"https:\\\/\\\/gruene-ov-stuttgart.de\\\/west\\\/wo-bleibt-die-fahrradstrasse\\\/\"},\"wordCount\":453,\"commentCount\":1,\"image\":{\"@id\":\"https:\\\/\\\/gruene-ov-stuttgart.de\\\/west\\\/wo-bleibt-die-fahrradstrasse\\\/#primaryimage\"},\"thumbnailUrl\":\"https:\\\/\\\/gruene-ov-stuttgart.de\\\/west\\\/wp-content\\\/uploads\\\/2025\\\/09\\\/Titelbild.png\",\"articleSection\":[\"Aktuelles\",\"Bezirksbeirat\",\"Positionen\"],\"inLanguage\":\"de\",\"potentialAction\":[{\"@type\":\"CommentAction\",\"name\":\"Comment\",\"target\":[\"https:\\\/\\\/gruene-ov-stuttgart.de\\\/west\\\/wo-bleibt-die-fahrradstrasse\\\/#respond\"]}]},{\"@type\":\"WebPage\",\"@id\":\"https:\\\/\\\/gruene-ov-stuttgart.de\\\/west\\\/wo-bleibt-die-fahrradstrasse\\\/\",\"url\":\"https:\\\/\\\/gruene-ov-stuttgart.de\\\/west\\\/wo-bleibt-die-fahrradstrasse\\\/\",\"name\":\"Wo bleibt die Fahrradstra\u00dfe? [update] - Gr\u00fcne Stuttgart West\",\"isPartOf\":{\"@id\":\"https:\\\/\\\/gruene-ov-stuttgart.de\\\/west\\\/#website\"},\"primaryImageOfPage\":{\"@id\":\"https:\\\/\\\/gruene-ov-stuttgart.de\\\/west\\\/wo-bleibt-die-fahrradstrasse\\\/#primaryimage\"},\"image\":{\"@id\":\"https:\\\/\\\/gruene-ov-stuttgart.de\\\/west\\\/wo-bleibt-die-fahrradstrasse\\\/#primaryimage\"},\"thumbnailUrl\":\"https:\\\/\\\/gruene-ov-stuttgart.de\\\/west\\\/wp-content\\\/uploads\\\/2025\\\/09\\\/Titelbild.png\",\"datePublished\":\"2025-09-02T22:38:33+00:00\",\"dateModified\":\"2025-12-21T20:15:03+00:00\",\"author\":{\"@id\":\"https:\\\/\\\/gruene-ov-stuttgart.de\\\/west\\\/#\\\/schema\\\/person\\\/4f1fc8f6a0d171ecc493f6ebd0a92ce9\"},\"breadcrumb\":{\"@id\":\"https:\\\/\\\/gruene-ov-stuttgart.de\\\/west\\\/wo-bleibt-die-fahrradstrasse\\\/#breadcrumb\"},\"inLanguage\":\"de\",\"potentialAction\":[{\"@type\":\"ReadAction\",\"target\":[\"https:\\\/\\\/gruene-ov-stuttgart.de\\\/west\\\/wo-bleibt-die-fahrradstrasse\\\/\"]}]},{\"@type\":\"ImageObject\",\"inLanguage\":\"de\",\"@id\":\"https:\\\/\\\/gruene-ov-stuttgart.de\\\/west\\\/wo-bleibt-die-fahrradstrasse\\\/#primaryimage\",\"url\":\"https:\\\/\\\/gruene-ov-stuttgart.de\\\/west\\\/wp-content\\\/uploads\\\/2025\\\/09\\\/Titelbild.png\",\"contentUrl\":\"https:\\\/\\\/gruene-ov-stuttgart.de\\\/west\\\/wp-content\\\/uploads\\\/2025\\\/09\\\/Titelbild.png\",\"width\":818,\"height\":688},{\"@type\":\"BreadcrumbList\",\"@id\":\"https:\\\/\\\/gruene-ov-stuttgart.de\\\/west\\\/wo-bleibt-die-fahrradstrasse\\\/#breadcrumb\",\"itemListElement\":[{\"@type\":\"ListItem\",\"position\":1,\"name\":\"Startseite\",\"item\":\"https:\\\/\\\/gruene-ov-stuttgart.de\\\/west\\\/\"},{\"@type\":\"ListItem\",\"position\":2,\"name\":\"Wo bleibt die Fahrradstra\u00dfe? [update]\"}]},{\"@type\":\"WebSite\",\"@id\":\"https:\\\/\\\/gruene-ov-stuttgart.de\\\/west\\\/#website\",\"url\":\"https:\\\/\\\/gruene-ov-stuttgart.de\\\/west\\\/\",\"name\":\"Gr\u00fcne Stuttgart West\",\"description\":\"B\u00fcndnis 90\\\/DIE GR\u00dcNEN im Stuttgarter Westen\",\"potentialAction\":[{\"@type\":\"SearchAction\",\"target\":{\"@type\":\"EntryPoint\",\"urlTemplate\":\"https:\\\/\\\/gruene-ov-stuttgart.de\\\/west\\\/?s={search_term_string}\"},\"query-input\":{\"@type\":\"PropertyValueSpecification\",\"valueRequired\":true,\"valueName\":\"search_term_string\"}}],\"inLanguage\":\"de\"},{\"@type\":\"Person\",\"@id\":\"https:\\\/\\\/gruene-ov-stuttgart.de\\\/west\\\/#\\\/schema\\\/person\\\/4f1fc8f6a0d171ecc493f6ebd0a92ce9\",\"name\":\"Markus Ganser\",\"image\":{\"@type\":\"ImageObject\",\"inLanguage\":\"de\",\"@id\":\"https:\\\/\\\/secure.gravatar.com\\\/avatar\\\/8a059f8d53f70ebd2d7efe5e2b47f2277dd0fbeaa1c84a62d836dc9e6b5e50de?s=96&d=wavatar&r=g\",\"url\":\"https:\\\/\\\/secure.gravatar.com\\\/avatar\\\/8a059f8d53f70ebd2d7efe5e2b47f2277dd0fbeaa1c84a62d836dc9e6b5e50de?s=96&d=wavatar&r=g\",\"contentUrl\":\"https:\\\/\\\/secure.gravatar.com\\\/avatar\\\/8a059f8d53f70ebd2d7efe5e2b47f2277dd0fbeaa1c84a62d836dc9e6b5e50de?s=96&d=wavatar&r=g\",\"caption\":\"Markus Ganser\"},\"url\":\"https:\\\/\\\/gruene-ov-stuttgart.de\\\/west\\\/author\\\/markus-ganser\\\/\"}]}<\/script>\n<!-- \/ Yoast SEO plugin. -->","yoast_head_json":{"title":"Wo bleibt die Fahrradstra\u00dfe? [update] - Gr\u00fcne Stuttgart West","robots":{"index":"index","follow":"follow","max-snippet":"max-snippet:-1","max-image-preview":"max-image-preview:large","max-video-preview":"max-video-preview:-1"},"canonical":"https:\/\/gruene-ov-stuttgart.de\/west\/wo-bleibt-die-fahrradstrasse\/","og_locale":"de_DE","og_type":"article","og_title":"Wo bleibt die Fahrradstra\u00dfe? [update] - Gr\u00fcne Stuttgart West","og_description":"Versprochen seit Jahren Im Stuttgarter Westen wartet man immer noch auf die erste Fahrradstra\u00dfe im Bezirk \u2013 geplant ist diese auf der Forst-\/Senefelder-\/Breitscheidstra\u00dfe &#8211; die sogenannte Hauptradroute 4. Bereits seit [&hellip;]","og_url":"https:\/\/gruene-ov-stuttgart.de\/west\/wo-bleibt-die-fahrradstrasse\/","og_site_name":"Gr\u00fcne Stuttgart West","article_published_time":"2025-09-02T22:38:33+00:00","article_modified_time":"2025-12-21T20:15:03+00:00","og_image":[{"width":818,"height":688,"url":"https:\/\/gruene-ov-stuttgart.de\/west\/wp-content\/uploads\/2025\/09\/Titelbild.png","type":"image\/png"}],"author":"Markus Ganser","twitter_card":"summary_large_image","schema":{"@context":"https:\/\/schema.org","@graph":[{"@type":"Article","@id":"https:\/\/gruene-ov-stuttgart.de\/west\/wo-bleibt-die-fahrradstrasse\/#article","isPartOf":{"@id":"https:\/\/gruene-ov-stuttgart.de\/west\/wo-bleibt-die-fahrradstrasse\/"},"author":{"name":"Markus Ganser","@id":"https:\/\/gruene-ov-stuttgart.de\/west\/#\/schema\/person\/4f1fc8f6a0d171ecc493f6ebd0a92ce9"},"headline":"Wo bleibt die Fahrradstra\u00dfe? [update]","datePublished":"2025-09-02T22:38:33+00:00","dateModified":"2025-12-21T20:15:03+00:00","mainEntityOfPage":{"@id":"https:\/\/gruene-ov-stuttgart.de\/west\/wo-bleibt-die-fahrradstrasse\/"},"wordCount":453,"commentCount":1,"image":{"@id":"https:\/\/gruene-ov-stuttgart.de\/west\/wo-bleibt-die-fahrradstrasse\/#primaryimage"},"thumbnailUrl":"https:\/\/gruene-ov-stuttgart.de\/west\/wp-content\/uploads\/2025\/09\/Titelbild.png","articleSection":["Aktuelles","Bezirksbeirat","Positionen"],"inLanguage":"de","potentialAction":[{"@type":"CommentAction","name":"Comment","target":["https:\/\/gruene-ov-stuttgart.de\/west\/wo-bleibt-die-fahrradstrasse\/#respond"]}]},{"@type":"WebPage","@id":"https:\/\/gruene-ov-stuttgart.de\/west\/wo-bleibt-die-fahrradstrasse\/","url":"https:\/\/gruene-ov-stuttgart.de\/west\/wo-bleibt-die-fahrradstrasse\/","name":"Wo bleibt die Fahrradstra\u00dfe? [update] - Gr\u00fcne Stuttgart West","isPartOf":{"@id":"https:\/\/gruene-ov-stuttgart.de\/west\/#website"},"primaryImageOfPage":{"@id":"https:\/\/gruene-ov-stuttgart.de\/west\/wo-bleibt-die-fahrradstrasse\/#primaryimage"},"image":{"@id":"https:\/\/gruene-ov-stuttgart.de\/west\/wo-bleibt-die-fahrradstrasse\/#primaryimage"},"thumbnailUrl":"https:\/\/gruene-ov-stuttgart.de\/west\/wp-content\/uploads\/2025\/09\/Titelbild.png","datePublished":"2025-09-02T22:38:33+00:00","dateModified":"2025-12-21T20:15:03+00:00","author":{"@id":"https:\/\/gruene-ov-stuttgart.de\/west\/#\/schema\/person\/4f1fc8f6a0d171ecc493f6ebd0a92ce9"},"breadcrumb":{"@id":"https:\/\/gruene-ov-stuttgart.de\/west\/wo-bleibt-die-fahrradstrasse\/#breadcrumb"},"inLanguage":"de","potentialAction":[{"@type":"ReadAction","target":["https:\/\/gruene-ov-stuttgart.de\/west\/wo-bleibt-die-fahrradstrasse\/"]}]},{"@type":"ImageObject","inLanguage":"de","@id":"https:\/\/gruene-ov-stuttgart.de\/west\/wo-bleibt-die-fahrradstrasse\/#primaryimage","url":"https:\/\/gruene-ov-stuttgart.de\/west\/wp-content\/uploads\/2025\/09\/Titelbild.png","contentUrl":"https:\/\/gruene-ov-stuttgart.de\/west\/wp-content\/uploads\/2025\/09\/Titelbild.png","width":818,"height":688},{"@type":"BreadcrumbList","@id":"https:\/\/gruene-ov-stuttgart.de\/west\/wo-bleibt-die-fahrradstrasse\/#breadcrumb","itemListElement":[{"@type":"ListItem","position":1,"name":"Startseite","item":"https:\/\/gruene-ov-stuttgart.de\/west\/"},{"@type":"ListItem","position":2,"name":"Wo bleibt die Fahrradstra\u00dfe? [update]"}]},{"@type":"WebSite","@id":"https:\/\/gruene-ov-stuttgart.de\/west\/#website","url":"https:\/\/gruene-ov-stuttgart.de\/west\/","name":"Gr\u00fcne Stuttgart West","description":"B\u00fcndnis 90\/DIE GR\u00dcNEN im Stuttgarter Westen","potentialAction":[{"@type":"SearchAction","target":{"@type":"EntryPoint","urlTemplate":"https:\/\/gruene-ov-stuttgart.de\/west\/?s={search_term_string}"},"query-input":{"@type":"PropertyValueSpecification","valueRequired":true,"valueName":"search_term_string"}}],"inLanguage":"de"},{"@type":"Person","@id":"https:\/\/gruene-ov-stuttgart.de\/west\/#\/schema\/person\/4f1fc8f6a0d171ecc493f6ebd0a92ce9","name":"Markus Ganser","image":{"@type":"ImageObject","inLanguage":"de","@id":"https:\/\/secure.gravatar.com\/avatar\/8a059f8d53f70ebd2d7efe5e2b47f2277dd0fbeaa1c84a62d836dc9e6b5e50de?s=96&d=wavatar&r=g","url":"https:\/\/secure.gravatar.com\/avatar\/8a059f8d53f70ebd2d7efe5e2b47f2277dd0fbeaa1c84a62d836dc9e6b5e50de?s=96&d=wavatar&r=g","contentUrl":"https:\/\/secure.gravatar.com\/avatar\/8a059f8d53f70ebd2d7efe5e2b47f2277dd0fbeaa1c84a62d836dc9e6b5e50de?s=96&d=wavatar&r=g","caption":"Markus Ganser"},"url":"https:\/\/gruene-ov-stuttgart.de\/west\/author\/markus-ganser\/"}]}},"_links":{"self":[{"href":"https:\/\/gruene-ov-stuttgart.de\/west\/wp-json\/wp\/v2\/posts\/2032","targetHints":{"allow":["GET"]}}],"collection":[{"href":"https:\/\/gruene-ov-stuttgart.de\/west\/wp-json\/wp\/v2\/posts"}],"about":[{"href":"https:\/\/gruene-ov-stuttgart.de\/west\/wp-json\/wp\/v2\/types\/post"}],"author":[{"embeddable":true,"href":"https:\/\/gruene-ov-stuttgart.de\/west\/wp-json\/wp\/v2\/users\/17"}],"replies":[{"embeddable":true,"href":"https:\/\/gruene-ov-stuttgart.de\/west\/wp-json\/wp\/v2\/comments?post=2032"}],"version-history":[{"count":17,"href":"https:\/\/gruene-ov-stuttgart.de\/west\/wp-json\/wp\/v2\/posts\/2032\/revisions"}],"predecessor-version":[{"id":2091,"href":"https:\/\/gruene-ov-stuttgart.de\/west\/wp-json\/wp\/v2\/posts\/2032\/revisions\/2091"}],"wp:featuredmedia":[{"embeddable":true,"href":"https:\/\/gruene-ov-stuttgart.de\/west\/wp-json\/wp\/v2\/media\/2044"}],"wp:attachment":[{"href":"https:\/\/gruene-ov-stuttgart.de\/west\/wp-json\/wp\/v2\/media?parent=2032"}],"wp:term":[{"taxonomy":"category","embeddable":true,"href":"https:\/\/gruene-ov-stuttgart.de\/west\/wp-json\/wp\/v2\/categories?post=2032"},{"taxonomy":"post_tag","embeddable":true,"href":"https:\/\/gruene-ov-stuttgart.de\/west\/wp-json\/wp\/v2\/tags?post=2032"}],"curies":[{"name":"wp","href":"https:\/\/api.w.org\/{rel}","templated":true}]}}