{"id":2094,"date":"2026-01-07T23:41:01","date_gmt":"2026-01-07T22:41:01","guid":{"rendered":"https:\/\/gruene-ov-stuttgart.de\/west\/?p=2094"},"modified":"2026-01-07T23:41:03","modified_gmt":"2026-01-07T22:41:03","slug":"zukunft-sicher-gruen-neujahrsempfang-in-s-west","status":"publish","type":"post","link":"https:\/\/gruene-ov-stuttgart.de\/west\/zukunft-sicher-gruen-neujahrsempfang-in-s-west\/","title":{"rendered":"Zukunft? Sicher gr\u00fcn! &#8211; Neujahrsempfang in S-West"},"content":{"rendered":"\n<p>Der Stuttgarter Westen ist ein Ort der Vielfalt und des Miteinanders. Ob in Vereinen, Initiativen oder in der Nachbarschaftshilfe \u2013 unser aller Engagement ist das R\u00fcckgrat unserer lebendigen Demokratie. Gerade in bewegten Zeiten gibt uns dieser Zusammenhalt die Sicherheit, die wir f\u00fcr die Gestaltung von morgen brauchen.<\/p>\n\n\n\n<p>Unter dem Motto \u201e<strong>Zukunft? Sicher gr\u00fcn<\/strong>!\u201c wollen wir Sicherheit ganzheitlich denken:<\/p>\n\n\n\n<ul class=\"wp-block-list\">\n<li>Sicherheit durch <strong>Demokratie<\/strong>: Wie wir gemeinsam unsere Werte verteidigen und den gesellschaftlichen Zusammenhalt st\u00e4rken.<\/li>\n\n\n\n<li>Sicherheit im <strong>Alltag<\/strong>: Wie wir unseren Stadtteil so gestalten, dass sich alle sicher f\u00fchlen \u2013 vom Schulkind zu Fu\u00df, \u00fcber die Erwachsenen mit und ohne Auto bis zu den Senior*innen auf dem Rad.<\/li>\n\n\n\n<li>Sicherheit durch <strong>Nachhaltigkeit<\/strong>: Wie wir durch Klimaschutz und Unabh\u00e4ngigkeit die Lebensgrundlagen langfristig bewahren.<\/li>\n<\/ul>\n\n\n\n<p>Wir laden Sie herzlich ein, mit uns \u00fcber diese Themen ins Gespr\u00e4ch zu kommen:<\/p>\n\n\n\n<p><strong>&nbsp;&nbsp;&nbsp;&nbsp;&nbsp;&nbsp;&nbsp;&nbsp;&nbsp;&nbsp;&nbsp;&nbsp;&nbsp;&nbsp;&nbsp;&nbsp;&nbsp;&nbsp; Gr\u00fcner Neujahrsempfang in Stuttgart-West<\/strong><br><strong>&nbsp;&nbsp;&nbsp;&nbsp;&nbsp;&nbsp;&nbsp;&nbsp;&nbsp;&nbsp;&nbsp;&nbsp;&nbsp;&nbsp;&nbsp;&nbsp;&nbsp;&nbsp; Mittwoch, 21. Januar 2026, 19.00 Uhr<\/strong><br><strong>&nbsp;&nbsp;&nbsp;&nbsp;&nbsp;&nbsp;&nbsp;&nbsp;&nbsp;&nbsp;&nbsp;&nbsp;&nbsp;&nbsp;&nbsp;&nbsp;&nbsp;&nbsp; Area 77, Gutenbergstra\u00dfe 77A, 70197 Stuttgart<\/strong><\/p>\n\n\n\n<p>Freuen Sie sich auf Impulse und Diskussionen mit:<\/p>\n\n\n\n<ul class=\"wp-block-list\">\n<li><strong>Muhterem Aras<\/strong> MdL, Landtagspr\u00e4sidentin<\/li>\n\n\n\n<li><strong>Bernhard Mellert<\/strong>, Bezirksvorsteher Stuttgart West<\/li>\n<\/ul>\n\n\n\n<p>Im Anschluss m\u00f6chten wir bei einem kleinen Imbiss und Getr\u00e4nken gemeinsam mit Ihnen auf ein gesundes, friedliches und engagiertes neues Jahr ansto\u00dfen.<\/p>\n\n\n\n<p>Wir freuen uns auf Ihre Sichtweisen und einen inspirierenden Abend!<\/p>\n\n\n\n<p>Mit freundlichen Gr\u00fc\u00dfen<\/p>\n\n\n\n<p><strong>Bezirksbeiratsfraktion West<\/strong><strong><\/strong><\/p>\n\n\n\n<p>Sabine Wassmer, Stefan Lasse (Sprecher*innen)<\/p>\n\n\n\n<p><strong>Ortsverband West<\/strong><strong><\/strong><\/p>\n\n\n\n<p>Jovana Schneider, Jonas Prinzing, Hannah Scheuthle, Oliver Clemens (Sprecher*innen)<\/p>\n","protected":false},"excerpt":{"rendered":"<p>Der Stuttgarter Westen ist ein Ort der Vielfalt und des Miteinanders. Ob in Vereinen, Initiativen oder in der Nachbarschaftshilfe \u2013 unser aller Engagement ist das R\u00fcckgrat unserer lebendigen Demokratie. Gerade [&hellip;]<\/p>\n","protected":false},"author":-1,"featured_media":0,"comment_status":"open","ping_status":"closed","sticky":false,"template":"","format":"standard","meta":{"footnotes":"","beyondwords_generate_audio":"","beyondwords_integration_method":"","beyondwords_project_id":"","beyondwords_content_id":"","beyondwords_preview_token":"","beyondwords_player_content":"","beyondwords_player_style":"","beyondwords_language_code":"de_DE","beyondwords_language_id":"","beyondwords_title_voice_id":"","beyondwords_body_voice_id":"","beyondwords_summary_voice_id":"","beyondwords_error_message":"","beyondwords_disabled":"","beyondwords_delete_content":"","beyondwords_podcast_id":"","beyondwords_hash":"","publish_post_to_speechkit":"","speechkit_hash":"","speechkit_generate_audio":"","speechkit_project_id":"","speechkit_podcast_id":"","speechkit_error_message":"","speechkit_disabled":"","speechkit_access_key":"","speechkit_error":"","speechkit_info":"","speechkit_response":"","speechkit_retries":"","speechkit_status":"","speechkit_updated_at":"","_speechkit_link":"","_speechkit_text":""},"categories":[10,7],"tags":[],"class_list":["post-2094","post","type-post","status-publish","format-standard","hentry","category-bezirksbeirat","category-ortsverband"],"yoast_head":"<!-- This site is optimized with the Yoast SEO plugin v27.5 - https:\/\/yoast.com\/product\/yoast-seo-wordpress\/ -->\n<title>Zukunft? Sicher gr\u00fcn! - Neujahrsempfang in S-West - Gr\u00fcne Stuttgart West<\/title>\n<meta name=\"robots\" content=\"index, follow, max-snippet:-1, max-image-preview:large, max-video-preview:-1\" \/>\n<link rel=\"canonical\" href=\"https:\/\/gruene-ov-stuttgart.de\/west\/zukunft-sicher-gruen-neujahrsempfang-in-s-west\/\" \/>\n<meta property=\"og:locale\" content=\"de_DE\" \/>\n<meta property=\"og:type\" content=\"article\" \/>\n<meta property=\"og:title\" content=\"Zukunft? Sicher gr\u00fcn! - Neujahrsempfang in S-West - Gr\u00fcne Stuttgart West\" \/>\n<meta property=\"og:description\" content=\"Der Stuttgarter Westen ist ein Ort der Vielfalt und des Miteinanders. Ob in Vereinen, Initiativen oder in der Nachbarschaftshilfe \u2013 unser aller Engagement ist das R\u00fcckgrat unserer lebendigen Demokratie. Gerade [&hellip;]\" \/>\n<meta property=\"og:url\" content=\"https:\/\/gruene-ov-stuttgart.de\/west\/zukunft-sicher-gruen-neujahrsempfang-in-s-west\/\" \/>\n<meta property=\"og:site_name\" content=\"Gr\u00fcne Stuttgart West\" \/>\n<meta property=\"article:published_time\" content=\"2026-01-07T22:41:01+00:00\" \/>\n<meta property=\"article:modified_time\" content=\"2026-01-07T22:41:03+00:00\" \/>\n<meta name=\"author\" content=\"Markus Ganser\" \/>\n<meta name=\"twitter:card\" content=\"summary_large_image\" \/>\n<script type=\"application\/ld+json\" class=\"yoast-schema-graph\">{\"@context\":\"https:\\\/\\\/schema.org\",\"@graph\":[{\"@type\":\"Article\",\"@id\":\"https:\\\/\\\/gruene-ov-stuttgart.de\\\/west\\\/zukunft-sicher-gruen-neujahrsempfang-in-s-west\\\/#article\",\"isPartOf\":{\"@id\":\"https:\\\/\\\/gruene-ov-stuttgart.de\\\/west\\\/zukunft-sicher-gruen-neujahrsempfang-in-s-west\\\/\"},\"author\":{\"name\":\"Markus Ganser\",\"@id\":\"https:\\\/\\\/gruene-ov-stuttgart.de\\\/west\\\/#\\\/schema\\\/person\\\/4f1fc8f6a0d171ecc493f6ebd0a92ce9\"},\"headline\":\"Zukunft? Sicher gr\u00fcn! &#8211; Neujahrsempfang in S-West\",\"datePublished\":\"2026-01-07T22:41:01+00:00\",\"dateModified\":\"2026-01-07T22:41:03+00:00\",\"mainEntityOfPage\":{\"@id\":\"https:\\\/\\\/gruene-ov-stuttgart.de\\\/west\\\/zukunft-sicher-gruen-neujahrsempfang-in-s-west\\\/\"},\"wordCount\":290,\"commentCount\":0,\"articleSection\":[\"Bezirksbeirat\",\"Ortsverband\"],\"inLanguage\":\"de\",\"potentialAction\":[{\"@type\":\"CommentAction\",\"name\":\"Comment\",\"target\":[\"https:\\\/\\\/gruene-ov-stuttgart.de\\\/west\\\/zukunft-sicher-gruen-neujahrsempfang-in-s-west\\\/#respond\"]}]},{\"@type\":\"WebPage\",\"@id\":\"https:\\\/\\\/gruene-ov-stuttgart.de\\\/west\\\/zukunft-sicher-gruen-neujahrsempfang-in-s-west\\\/\",\"url\":\"https:\\\/\\\/gruene-ov-stuttgart.de\\\/west\\\/zukunft-sicher-gruen-neujahrsempfang-in-s-west\\\/\",\"name\":\"Zukunft? Sicher gr\u00fcn! - Neujahrsempfang in S-West - Gr\u00fcne Stuttgart West\",\"isPartOf\":{\"@id\":\"https:\\\/\\\/gruene-ov-stuttgart.de\\\/west\\\/#website\"},\"datePublished\":\"2026-01-07T22:41:01+00:00\",\"dateModified\":\"2026-01-07T22:41:03+00:00\",\"author\":{\"@id\":\"https:\\\/\\\/gruene-ov-stuttgart.de\\\/west\\\/#\\\/schema\\\/person\\\/4f1fc8f6a0d171ecc493f6ebd0a92ce9\"},\"breadcrumb\":{\"@id\":\"https:\\\/\\\/gruene-ov-stuttgart.de\\\/west\\\/zukunft-sicher-gruen-neujahrsempfang-in-s-west\\\/#breadcrumb\"},\"inLanguage\":\"de\",\"potentialAction\":[{\"@type\":\"ReadAction\",\"target\":[\"https:\\\/\\\/gruene-ov-stuttgart.de\\\/west\\\/zukunft-sicher-gruen-neujahrsempfang-in-s-west\\\/\"]}]},{\"@type\":\"BreadcrumbList\",\"@id\":\"https:\\\/\\\/gruene-ov-stuttgart.de\\\/west\\\/zukunft-sicher-gruen-neujahrsempfang-in-s-west\\\/#breadcrumb\",\"itemListElement\":[{\"@type\":\"ListItem\",\"position\":1,\"name\":\"Startseite\",\"item\":\"https:\\\/\\\/gruene-ov-stuttgart.de\\\/west\\\/\"},{\"@type\":\"ListItem\",\"position\":2,\"name\":\"Zukunft? Sicher gr\u00fcn! &#8211; Neujahrsempfang in S-West\"}]},{\"@type\":\"WebSite\",\"@id\":\"https:\\\/\\\/gruene-ov-stuttgart.de\\\/west\\\/#website\",\"url\":\"https:\\\/\\\/gruene-ov-stuttgart.de\\\/west\\\/\",\"name\":\"Gr\u00fcne Stuttgart West\",\"description\":\"B\u00fcndnis 90\\\/DIE GR\u00dcNEN im Stuttgarter Westen\",\"potentialAction\":[{\"@type\":\"SearchAction\",\"target\":{\"@type\":\"EntryPoint\",\"urlTemplate\":\"https:\\\/\\\/gruene-ov-stuttgart.de\\\/west\\\/?s={search_term_string}\"},\"query-input\":{\"@type\":\"PropertyValueSpecification\",\"valueRequired\":true,\"valueName\":\"search_term_string\"}}],\"inLanguage\":\"de\"},{\"@type\":\"Person\",\"@id\":\"https:\\\/\\\/gruene-ov-stuttgart.de\\\/west\\\/#\\\/schema\\\/person\\\/4f1fc8f6a0d171ecc493f6ebd0a92ce9\",\"name\":\"Markus Ganser\",\"image\":{\"@type\":\"ImageObject\",\"inLanguage\":\"de\",\"@id\":\"https:\\\/\\\/secure.gravatar.com\\\/avatar\\\/8a059f8d53f70ebd2d7efe5e2b47f2277dd0fbeaa1c84a62d836dc9e6b5e50de?s=96&d=wavatar&r=g\",\"url\":\"https:\\\/\\\/secure.gravatar.com\\\/avatar\\\/8a059f8d53f70ebd2d7efe5e2b47f2277dd0fbeaa1c84a62d836dc9e6b5e50de?s=96&d=wavatar&r=g\",\"contentUrl\":\"https:\\\/\\\/secure.gravatar.com\\\/avatar\\\/8a059f8d53f70ebd2d7efe5e2b47f2277dd0fbeaa1c84a62d836dc9e6b5e50de?s=96&d=wavatar&r=g\",\"caption\":\"Markus Ganser\"},\"url\":\"https:\\\/\\\/gruene-ov-stuttgart.de\\\/west\\\/author\\\/markus-ganser\\\/\"}]}<\/script>\n<!-- \/ Yoast SEO plugin. -->","yoast_head_json":{"title":"Zukunft? Sicher gr\u00fcn! - Neujahrsempfang in S-West - Gr\u00fcne Stuttgart West","robots":{"index":"index","follow":"follow","max-snippet":"max-snippet:-1","max-image-preview":"max-image-preview:large","max-video-preview":"max-video-preview:-1"},"canonical":"https:\/\/gruene-ov-stuttgart.de\/west\/zukunft-sicher-gruen-neujahrsempfang-in-s-west\/","og_locale":"de_DE","og_type":"article","og_title":"Zukunft? Sicher gr\u00fcn! - Neujahrsempfang in S-West - Gr\u00fcne Stuttgart West","og_description":"Der Stuttgarter Westen ist ein Ort der Vielfalt und des Miteinanders. Ob in Vereinen, Initiativen oder in der Nachbarschaftshilfe \u2013 unser aller Engagement ist das R\u00fcckgrat unserer lebendigen Demokratie. Gerade [&hellip;]","og_url":"https:\/\/gruene-ov-stuttgart.de\/west\/zukunft-sicher-gruen-neujahrsempfang-in-s-west\/","og_site_name":"Gr\u00fcne Stuttgart West","article_published_time":"2026-01-07T22:41:01+00:00","article_modified_time":"2026-01-07T22:41:03+00:00","author":"Markus Ganser","twitter_card":"summary_large_image","schema":{"@context":"https:\/\/schema.org","@graph":[{"@type":"Article","@id":"https:\/\/gruene-ov-stuttgart.de\/west\/zukunft-sicher-gruen-neujahrsempfang-in-s-west\/#article","isPartOf":{"@id":"https:\/\/gruene-ov-stuttgart.de\/west\/zukunft-sicher-gruen-neujahrsempfang-in-s-west\/"},"author":{"name":"Markus Ganser","@id":"https:\/\/gruene-ov-stuttgart.de\/west\/#\/schema\/person\/4f1fc8f6a0d171ecc493f6ebd0a92ce9"},"headline":"Zukunft? Sicher gr\u00fcn! &#8211; Neujahrsempfang in S-West","datePublished":"2026-01-07T22:41:01+00:00","dateModified":"2026-01-07T22:41:03+00:00","mainEntityOfPage":{"@id":"https:\/\/gruene-ov-stuttgart.de\/west\/zukunft-sicher-gruen-neujahrsempfang-in-s-west\/"},"wordCount":290,"commentCount":0,"articleSection":["Bezirksbeirat","Ortsverband"],"inLanguage":"de","potentialAction":[{"@type":"CommentAction","name":"Comment","target":["https:\/\/gruene-ov-stuttgart.de\/west\/zukunft-sicher-gruen-neujahrsempfang-in-s-west\/#respond"]}]},{"@type":"WebPage","@id":"https:\/\/gruene-ov-stuttgart.de\/west\/zukunft-sicher-gruen-neujahrsempfang-in-s-west\/","url":"https:\/\/gruene-ov-stuttgart.de\/west\/zukunft-sicher-gruen-neujahrsempfang-in-s-west\/","name":"Zukunft? Sicher gr\u00fcn! - Neujahrsempfang in S-West - Gr\u00fcne Stuttgart West","isPartOf":{"@id":"https:\/\/gruene-ov-stuttgart.de\/west\/#website"},"datePublished":"2026-01-07T22:41:01+00:00","dateModified":"2026-01-07T22:41:03+00:00","author":{"@id":"https:\/\/gruene-ov-stuttgart.de\/west\/#\/schema\/person\/4f1fc8f6a0d171ecc493f6ebd0a92ce9"},"breadcrumb":{"@id":"https:\/\/gruene-ov-stuttgart.de\/west\/zukunft-sicher-gruen-neujahrsempfang-in-s-west\/#breadcrumb"},"inLanguage":"de","potentialAction":[{"@type":"ReadAction","target":["https:\/\/gruene-ov-stuttgart.de\/west\/zukunft-sicher-gruen-neujahrsempfang-in-s-west\/"]}]},{"@type":"BreadcrumbList","@id":"https:\/\/gruene-ov-stuttgart.de\/west\/zukunft-sicher-gruen-neujahrsempfang-in-s-west\/#breadcrumb","itemListElement":[{"@type":"ListItem","position":1,"name":"Startseite","item":"https:\/\/gruene-ov-stuttgart.de\/west\/"},{"@type":"ListItem","position":2,"name":"Zukunft? Sicher gr\u00fcn! &#8211; Neujahrsempfang in S-West"}]},{"@type":"WebSite","@id":"https:\/\/gruene-ov-stuttgart.de\/west\/#website","url":"https:\/\/gruene-ov-stuttgart.de\/west\/","name":"Gr\u00fcne Stuttgart West","description":"B\u00fcndnis 90\/DIE GR\u00dcNEN im Stuttgarter Westen","potentialAction":[{"@type":"SearchAction","target":{"@type":"EntryPoint","urlTemplate":"https:\/\/gruene-ov-stuttgart.de\/west\/?s={search_term_string}"},"query-input":{"@type":"PropertyValueSpecification","valueRequired":true,"valueName":"search_term_string"}}],"inLanguage":"de"},{"@type":"Person","@id":"https:\/\/gruene-ov-stuttgart.de\/west\/#\/schema\/person\/4f1fc8f6a0d171ecc493f6ebd0a92ce9","name":"Markus Ganser","image":{"@type":"ImageObject","inLanguage":"de","@id":"https:\/\/secure.gravatar.com\/avatar\/8a059f8d53f70ebd2d7efe5e2b47f2277dd0fbeaa1c84a62d836dc9e6b5e50de?s=96&d=wavatar&r=g","url":"https:\/\/secure.gravatar.com\/avatar\/8a059f8d53f70ebd2d7efe5e2b47f2277dd0fbeaa1c84a62d836dc9e6b5e50de?s=96&d=wavatar&r=g","contentUrl":"https:\/\/secure.gravatar.com\/avatar\/8a059f8d53f70ebd2d7efe5e2b47f2277dd0fbeaa1c84a62d836dc9e6b5e50de?s=96&d=wavatar&r=g","caption":"Markus Ganser"},"url":"https:\/\/gruene-ov-stuttgart.de\/west\/author\/markus-ganser\/"}]}},"_links":{"self":[{"href":"https:\/\/gruene-ov-stuttgart.de\/west\/wp-json\/wp\/v2\/posts\/2094","targetHints":{"allow":["GET"]}}],"collection":[{"href":"https:\/\/gruene-ov-stuttgart.de\/west\/wp-json\/wp\/v2\/posts"}],"about":[{"href":"https:\/\/gruene-ov-stuttgart.de\/west\/wp-json\/wp\/v2\/types\/post"}],"author":[{"embeddable":true,"href":"https:\/\/gruene-ov-stuttgart.de\/west\/wp-json\/wp\/v2\/users\/17"}],"replies":[{"embeddable":true,"href":"https:\/\/gruene-ov-stuttgart.de\/west\/wp-json\/wp\/v2\/comments?post=2094"}],"version-history":[{"count":2,"href":"https:\/\/gruene-ov-stuttgart.de\/west\/wp-json\/wp\/v2\/posts\/2094\/revisions"}],"predecessor-version":[{"id":2097,"href":"https:\/\/gruene-ov-stuttgart.de\/west\/wp-json\/wp\/v2\/posts\/2094\/revisions\/2097"}],"wp:attachment":[{"href":"https:\/\/gruene-ov-stuttgart.de\/west\/wp-json\/wp\/v2\/media?parent=2094"}],"wp:term":[{"taxonomy":"category","embeddable":true,"href":"https:\/\/gruene-ov-stuttgart.de\/west\/wp-json\/wp\/v2\/categories?post=2094"},{"taxonomy":"post_tag","embeddable":true,"href":"https:\/\/gruene-ov-stuttgart.de\/west\/wp-json\/wp\/v2\/tags?post=2094"}],"curies":[{"name":"wp","href":"https:\/\/api.w.org\/{rel}","templated":true}]}}