{"id":330,"date":"2018-11-18T17:54:20","date_gmt":"2018-11-18T16:54:20","guid":{"rendered":"http:\/\/gruene-ov-stuttgart.de\/west\/?p=330"},"modified":"2023-01-04T17:06:17","modified_gmt":"2023-01-04T16:06:17","slug":"kommunalwahl-2019-wir-stellen-starke-kandidatinnen-fuer-den-westen","status":"publish","type":"post","link":"https:\/\/gruene-ov-stuttgart.de\/west\/kommunalwahl-2019-wir-stellen-starke-kandidatinnen-fuer-den-westen\/","title":{"rendered":"Kommunalwahl 2019: Wir stellen starke Kandidat*innen f\u00fcr den Westen!"},"content":{"rendered":"<p class=\"western\">Gleich drei unsere Kandidat*innen sind bei der Nominierungsveranstaltung f\u00fcr die Gemeinderatsliste von B\u00fcndnis 90\/Die Gr\u00fcnen Stuttgart am 17. November 2018 auf aussichtsreiche Pl\u00e4tze gew\u00e4hlt worden. Wir &#8211; der Ortsverband Stuttgart West und die Bezirksbeiratsfraktion &#8211; sind zuversichtlich, dass die Interessen des Westens mit den gew\u00e4hlten Kandidat*innen zuk\u00fcnftig stark im Rathaus vertreten sein werden.<\/p>\n<p class=\"western\"><!--more--><i>&#8222;Wir sind gut aufgestellt, motiviert und wollen uns mit gr\u00fcner Politik f\u00fcr den Stuttgarter Westen einsetzen. Schwerpunkte f\u00fcr den Westen sehen wir dabei in den Themen Verkehrsberuhigung, St\u00e4rkung der Aufenthaltsqualit\u00e4t und der Umweltpolitik, dem Erhalt der sozialen Durchmischung, im Ausbau der Infrastruktur im Bereich Schulen und Kitas, sowie der Verbesserung der Infrastruktur f\u00fcr Zu-Fu\u00df-Gehende und Radfahrende&#8220;,&nbsp;<\/i>freut sich&nbsp;Sprecherin der gr\u00fcnen Bezirksbeiratsfraktion Maria Flendt auf den kommenden Wahlkampf.<\/p>\n<p class=\"western\">Mit&nbsp;<b>Jitka Sklenarova, <\/b>29 Jahre, tritt eine engagierte Europ\u00e4erin aus dem Kreisvorstand der Stuttgarter Gr\u00fcnen auf Platz 3 an. Sie vertritt Interessen junger Menschen, strebt ein bessere F\u00f6rderung des Ehrenamtes an und legt den Fokus auf internationale Themen.<\/p>\n<p class=\"western\"><b>Benjamin Boy<\/b>, 36 Jahre, auf Platz 12 und Bezirksbeirat ist ein ausgewiesener Experte im Bereich erneuerbarer Energien und Verkehrspolitik. Er wird sich f\u00fcr die Verbesserung des Klimaschutzes stark machen.<\/p>\n<p class=\"western\"><b>Marina Silverii<\/b>, 51 Jahre, auf Platz 15 ist bereits jetzt im Bezirksbeirat und im Internationalen Ausschuss der Stadt Stuttgart sowie Sprecherin des Freundeskreises West und setzt sich intensiv f\u00fcr das Thema Integration ein.<\/p>\n<p class=\"western\"><b>Dr. med. Sebastian Karl<\/b>, 31 Jahre, will mit den Schwerpunkten Luftreinhaltung, Rad- und Fu\u00dfverkehr sowieGesundheitspolitik in der Kommune Akzente setzen und beispielsweise Fehlentwicklungen im Pflegebereich entgegenwirken.<\/p>\n<p class=\"western\"><b>Sabine Wassmer,&nbsp;<\/b>55 Jahre, wird sich als Bildungsexpertin f\u00fcr die St\u00e4rkung und bessere Arbeitsbedingungen f\u00fcr p\u00e4dagogisches Personal, Kooperationen im au\u00dferschulischen Bereich und f\u00fcr mehr Beteiligungsprozesse junger Menschen einsetzen.<\/p>\n<p class=\"western\">Mit&nbsp;<b>Dr. med. Marco Rastetter<\/b>, 45 Jahre, Facharzt f\u00fcr An\u00e4sthesie, Intensiv- und Notfallmedizin, <b>Bernhard Mellert<\/b>, 56 Jahre, Berufsschullehrer und mit <b>Franziska Sander&nbsp;<\/b>sind weitere starke Kandidat*innen auf der Liste, die f\u00fcr den Stuttgarter Westen in den Gemeinderat wollen.<\/p>\n<p class=\"western\">Bernhard Mellert, Ortsverbandssprecher ist sich sicher<i>, &#8222;mit diesen Kandidat*innen wollen wir eine Politik umsetzen, die den Menschen, unsere Umwelt und das soziale Miteinander in den Mittelpunkt stellt. Das ist gut f\u00fcr unseren Stadtteil und f\u00fcr ganz Stuttgart.&#8220; <\/i><\/p>\n<p class=\"western\">Lasst&nbsp;euch von uns \u00fcberzeugen! Wir sind bei Veranstaltungen und an Infost\u00e4nden &#8211; am Bismarckplatz und in ganz Stuttgart.<\/p>\n<p><a href=\"https:\/\/gruene-ov-stuttgart.de\/west\/wp-content\/uploads\/2018\/11\/2018-11-17-Kommunalwahl-2019_Gr\u00fcne-Kandidatinnen-und-Kandidaten-f\u00fcr-den-Stuttgarter-Westen.docx\">Pressemitteilung zum Download<\/a><\/p>\n","protected":false},"excerpt":{"rendered":"<p>Gleich drei unsere Kandidat*innen sind bei der Nominierungsveranstaltung f\u00fcr die Gemeinderatsliste von B\u00fcndnis 90\/Die Gr\u00fcnen Stuttgart am 17. November 2018 auf aussichtsreiche Pl\u00e4tze gew\u00e4hlt worden. Wir &#8211; der Ortsverband Stuttgart [&hellip;]<\/p>\n","protected":false},"author":-1,"featured_media":331,"comment_status":"open","ping_status":"open","sticky":false,"template":"","format":"standard","meta":{"footnotes":"","beyondwords_generate_audio":"","beyondwords_integration_method":"","beyondwords_project_id":"","beyondwords_content_id":"","beyondwords_preview_token":"","beyondwords_player_content":"","beyondwords_player_style":"","beyondwords_language_code":"","beyondwords_language_id":"","beyondwords_title_voice_id":"","beyondwords_body_voice_id":"","beyondwords_summary_voice_id":"","beyondwords_error_message":"","beyondwords_disabled":"","beyondwords_delete_content":"","beyondwords_podcast_id":"","beyondwords_hash":"","publish_post_to_speechkit":"","speechkit_hash":"","speechkit_generate_audio":"","speechkit_project_id":"","speechkit_podcast_id":"","speechkit_error_message":"","speechkit_disabled":"","speechkit_access_key":"","speechkit_error":"","speechkit_info":"","speechkit_response":"","speechkit_retries":"","speechkit_status":"","speechkit_updated_at":"","_speechkit_link":"","_speechkit_text":""},"categories":[10,7],"tags":[],"class_list":["post-330","post","type-post","status-publish","format-standard","has-post-thumbnail","hentry","category-bezirksbeirat","category-ortsverband"],"yoast_head":"<!-- This site is optimized with the Yoast SEO plugin v27.5 - https:\/\/yoast.com\/product\/yoast-seo-wordpress\/ -->\n<title>Kommunalwahl 2019: Wir stellen starke Kandidat*innen f\u00fcr den Westen! - Gr\u00fcne Stuttgart West<\/title>\n<meta name=\"robots\" content=\"index, follow, max-snippet:-1, max-image-preview:large, max-video-preview:-1\" \/>\n<link rel=\"canonical\" href=\"https:\/\/gruene-ov-stuttgart.de\/west\/kommunalwahl-2019-wir-stellen-starke-kandidatinnen-fuer-den-westen\/\" \/>\n<meta property=\"og:locale\" content=\"de_DE\" \/>\n<meta property=\"og:type\" content=\"article\" \/>\n<meta property=\"og:title\" content=\"Kommunalwahl 2019: Wir stellen starke Kandidat*innen f\u00fcr den Westen! - Gr\u00fcne Stuttgart West\" \/>\n<meta property=\"og:description\" content=\"Gleich drei unsere Kandidat*innen sind bei der Nominierungsveranstaltung f\u00fcr die Gemeinderatsliste von B\u00fcndnis 90\/Die Gr\u00fcnen Stuttgart am 17. November 2018 auf aussichtsreiche Pl\u00e4tze gew\u00e4hlt worden. Wir &#8211; der Ortsverband Stuttgart [&hellip;]\" \/>\n<meta property=\"og:url\" content=\"https:\/\/gruene-ov-stuttgart.de\/west\/kommunalwahl-2019-wir-stellen-starke-kandidatinnen-fuer-den-westen\/\" \/>\n<meta property=\"og:site_name\" content=\"Gr\u00fcne Stuttgart West\" \/>\n<meta property=\"article:published_time\" content=\"2018-11-18T16:54:20+00:00\" \/>\n<meta property=\"article:modified_time\" content=\"2023-01-04T16:06:17+00:00\" \/>\n<meta property=\"og:image\" content=\"https:\/\/gruene-ov-stuttgart.de\/west\/wp-content\/uploads\/2018\/11\/46356514_10217883289971830_3006857276230205440_n.jpg\" \/>\n\t<meta property=\"og:image:width\" content=\"960\" \/>\n\t<meta property=\"og:image:height\" content=\"778\" \/>\n\t<meta property=\"og:image:type\" content=\"image\/jpeg\" \/>\n<meta name=\"author\" content=\"Sebastian Karl\" \/>\n<meta name=\"twitter:card\" content=\"summary_large_image\" \/>\n<script type=\"application\/ld+json\" class=\"yoast-schema-graph\">{\"@context\":\"https:\\\/\\\/schema.org\",\"@graph\":[{\"@type\":\"Article\",\"@id\":\"https:\\\/\\\/gruene-ov-stuttgart.de\\\/west\\\/kommunalwahl-2019-wir-stellen-starke-kandidatinnen-fuer-den-westen\\\/#article\",\"isPartOf\":{\"@id\":\"https:\\\/\\\/gruene-ov-stuttgart.de\\\/west\\\/kommunalwahl-2019-wir-stellen-starke-kandidatinnen-fuer-den-westen\\\/\"},\"author\":{\"name\":\"Sebastian Karl\",\"@id\":\"https:\\\/\\\/gruene-ov-stuttgart.de\\\/west\\\/#\\\/schema\\\/person\\\/2cbc769846ce82c89e96ccc535bc0e6a\"},\"headline\":\"Kommunalwahl 2019: Wir stellen starke Kandidat*innen f\u00fcr den Westen!\",\"datePublished\":\"2018-11-18T16:54:20+00:00\",\"dateModified\":\"2023-01-04T16:06:17+00:00\",\"mainEntityOfPage\":{\"@id\":\"https:\\\/\\\/gruene-ov-stuttgart.de\\\/west\\\/kommunalwahl-2019-wir-stellen-starke-kandidatinnen-fuer-den-westen\\\/\"},\"wordCount\":414,\"commentCount\":0,\"image\":{\"@id\":\"https:\\\/\\\/gruene-ov-stuttgart.de\\\/west\\\/kommunalwahl-2019-wir-stellen-starke-kandidatinnen-fuer-den-westen\\\/#primaryimage\"},\"thumbnailUrl\":\"https:\\\/\\\/gruene-ov-stuttgart.de\\\/west\\\/wp-content\\\/uploads\\\/2018\\\/11\\\/46356514_10217883289971830_3006857276230205440_n.jpg\",\"articleSection\":[\"Bezirksbeirat\",\"Ortsverband\"],\"inLanguage\":\"de\",\"potentialAction\":[{\"@type\":\"CommentAction\",\"name\":\"Comment\",\"target\":[\"https:\\\/\\\/gruene-ov-stuttgart.de\\\/west\\\/kommunalwahl-2019-wir-stellen-starke-kandidatinnen-fuer-den-westen\\\/#respond\"]}]},{\"@type\":\"WebPage\",\"@id\":\"https:\\\/\\\/gruene-ov-stuttgart.de\\\/west\\\/kommunalwahl-2019-wir-stellen-starke-kandidatinnen-fuer-den-westen\\\/\",\"url\":\"https:\\\/\\\/gruene-ov-stuttgart.de\\\/west\\\/kommunalwahl-2019-wir-stellen-starke-kandidatinnen-fuer-den-westen\\\/\",\"name\":\"Kommunalwahl 2019: Wir stellen starke Kandidat*innen f\u00fcr den Westen! - Gr\u00fcne Stuttgart West\",\"isPartOf\":{\"@id\":\"https:\\\/\\\/gruene-ov-stuttgart.de\\\/west\\\/#website\"},\"primaryImageOfPage\":{\"@id\":\"https:\\\/\\\/gruene-ov-stuttgart.de\\\/west\\\/kommunalwahl-2019-wir-stellen-starke-kandidatinnen-fuer-den-westen\\\/#primaryimage\"},\"image\":{\"@id\":\"https:\\\/\\\/gruene-ov-stuttgart.de\\\/west\\\/kommunalwahl-2019-wir-stellen-starke-kandidatinnen-fuer-den-westen\\\/#primaryimage\"},\"thumbnailUrl\":\"https:\\\/\\\/gruene-ov-stuttgart.de\\\/west\\\/wp-content\\\/uploads\\\/2018\\\/11\\\/46356514_10217883289971830_3006857276230205440_n.jpg\",\"datePublished\":\"2018-11-18T16:54:20+00:00\",\"dateModified\":\"2023-01-04T16:06:17+00:00\",\"author\":{\"@id\":\"https:\\\/\\\/gruene-ov-stuttgart.de\\\/west\\\/#\\\/schema\\\/person\\\/2cbc769846ce82c89e96ccc535bc0e6a\"},\"breadcrumb\":{\"@id\":\"https:\\\/\\\/gruene-ov-stuttgart.de\\\/west\\\/kommunalwahl-2019-wir-stellen-starke-kandidatinnen-fuer-den-westen\\\/#breadcrumb\"},\"inLanguage\":\"de\",\"potentialAction\":[{\"@type\":\"ReadAction\",\"target\":[\"https:\\\/\\\/gruene-ov-stuttgart.de\\\/west\\\/kommunalwahl-2019-wir-stellen-starke-kandidatinnen-fuer-den-westen\\\/\"]}]},{\"@type\":\"ImageObject\",\"inLanguage\":\"de\",\"@id\":\"https:\\\/\\\/gruene-ov-stuttgart.de\\\/west\\\/kommunalwahl-2019-wir-stellen-starke-kandidatinnen-fuer-den-westen\\\/#primaryimage\",\"url\":\"https:\\\/\\\/gruene-ov-stuttgart.de\\\/west\\\/wp-content\\\/uploads\\\/2018\\\/11\\\/46356514_10217883289971830_3006857276230205440_n.jpg\",\"contentUrl\":\"https:\\\/\\\/gruene-ov-stuttgart.de\\\/west\\\/wp-content\\\/uploads\\\/2018\\\/11\\\/46356514_10217883289971830_3006857276230205440_n.jpg\",\"width\":960,\"height\":778},{\"@type\":\"BreadcrumbList\",\"@id\":\"https:\\\/\\\/gruene-ov-stuttgart.de\\\/west\\\/kommunalwahl-2019-wir-stellen-starke-kandidatinnen-fuer-den-westen\\\/#breadcrumb\",\"itemListElement\":[{\"@type\":\"ListItem\",\"position\":1,\"name\":\"Startseite\",\"item\":\"https:\\\/\\\/gruene-ov-stuttgart.de\\\/west\\\/\"},{\"@type\":\"ListItem\",\"position\":2,\"name\":\"Kommunalwahl 2019: Wir stellen starke Kandidat*innen f\u00fcr den Westen!\"}]},{\"@type\":\"WebSite\",\"@id\":\"https:\\\/\\\/gruene-ov-stuttgart.de\\\/west\\\/#website\",\"url\":\"https:\\\/\\\/gruene-ov-stuttgart.de\\\/west\\\/\",\"name\":\"Gr\u00fcne Stuttgart West\",\"description\":\"B\u00fcndnis 90\\\/DIE GR\u00dcNEN im Stuttgarter Westen\",\"potentialAction\":[{\"@type\":\"SearchAction\",\"target\":{\"@type\":\"EntryPoint\",\"urlTemplate\":\"https:\\\/\\\/gruene-ov-stuttgart.de\\\/west\\\/?s={search_term_string}\"},\"query-input\":{\"@type\":\"PropertyValueSpecification\",\"valueRequired\":true,\"valueName\":\"search_term_string\"}}],\"inLanguage\":\"de\"},{\"@type\":\"Person\",\"@id\":\"https:\\\/\\\/gruene-ov-stuttgart.de\\\/west\\\/#\\\/schema\\\/person\\\/2cbc769846ce82c89e96ccc535bc0e6a\",\"name\":\"Sebastian Karl\",\"image\":{\"@type\":\"ImageObject\",\"inLanguage\":\"de\",\"@id\":\"https:\\\/\\\/secure.gravatar.com\\\/avatar\\\/a62317dc7b94535895b9ae945d946c611667d6b85de2a5c6f4224abb83348e48?s=96&d=wavatar&r=g\",\"url\":\"https:\\\/\\\/secure.gravatar.com\\\/avatar\\\/a62317dc7b94535895b9ae945d946c611667d6b85de2a5c6f4224abb83348e48?s=96&d=wavatar&r=g\",\"contentUrl\":\"https:\\\/\\\/secure.gravatar.com\\\/avatar\\\/a62317dc7b94535895b9ae945d946c611667d6b85de2a5c6f4224abb83348e48?s=96&d=wavatar&r=g\",\"caption\":\"Sebastian Karl\"},\"url\":\"https:\\\/\\\/gruene-ov-stuttgart.de\\\/west\\\/author\\\/sebastian\\\/\"}]}<\/script>\n<!-- \/ Yoast SEO plugin. -->","yoast_head_json":{"title":"Kommunalwahl 2019: Wir stellen starke Kandidat*innen f\u00fcr den Westen! - Gr\u00fcne Stuttgart West","robots":{"index":"index","follow":"follow","max-snippet":"max-snippet:-1","max-image-preview":"max-image-preview:large","max-video-preview":"max-video-preview:-1"},"canonical":"https:\/\/gruene-ov-stuttgart.de\/west\/kommunalwahl-2019-wir-stellen-starke-kandidatinnen-fuer-den-westen\/","og_locale":"de_DE","og_type":"article","og_title":"Kommunalwahl 2019: Wir stellen starke Kandidat*innen f\u00fcr den Westen! - Gr\u00fcne Stuttgart West","og_description":"Gleich drei unsere Kandidat*innen sind bei der Nominierungsveranstaltung f\u00fcr die Gemeinderatsliste von B\u00fcndnis 90\/Die Gr\u00fcnen Stuttgart am 17. November 2018 auf aussichtsreiche Pl\u00e4tze gew\u00e4hlt worden. Wir &#8211; der Ortsverband Stuttgart [&hellip;]","og_url":"https:\/\/gruene-ov-stuttgart.de\/west\/kommunalwahl-2019-wir-stellen-starke-kandidatinnen-fuer-den-westen\/","og_site_name":"Gr\u00fcne Stuttgart West","article_published_time":"2018-11-18T16:54:20+00:00","article_modified_time":"2023-01-04T16:06:17+00:00","og_image":[{"width":960,"height":778,"url":"https:\/\/gruene-ov-stuttgart.de\/west\/wp-content\/uploads\/2018\/11\/46356514_10217883289971830_3006857276230205440_n.jpg","type":"image\/jpeg"}],"author":"Sebastian Karl","twitter_card":"summary_large_image","schema":{"@context":"https:\/\/schema.org","@graph":[{"@type":"Article","@id":"https:\/\/gruene-ov-stuttgart.de\/west\/kommunalwahl-2019-wir-stellen-starke-kandidatinnen-fuer-den-westen\/#article","isPartOf":{"@id":"https:\/\/gruene-ov-stuttgart.de\/west\/kommunalwahl-2019-wir-stellen-starke-kandidatinnen-fuer-den-westen\/"},"author":{"name":"Sebastian Karl","@id":"https:\/\/gruene-ov-stuttgart.de\/west\/#\/schema\/person\/2cbc769846ce82c89e96ccc535bc0e6a"},"headline":"Kommunalwahl 2019: Wir stellen starke Kandidat*innen f\u00fcr den Westen!","datePublished":"2018-11-18T16:54:20+00:00","dateModified":"2023-01-04T16:06:17+00:00","mainEntityOfPage":{"@id":"https:\/\/gruene-ov-stuttgart.de\/west\/kommunalwahl-2019-wir-stellen-starke-kandidatinnen-fuer-den-westen\/"},"wordCount":414,"commentCount":0,"image":{"@id":"https:\/\/gruene-ov-stuttgart.de\/west\/kommunalwahl-2019-wir-stellen-starke-kandidatinnen-fuer-den-westen\/#primaryimage"},"thumbnailUrl":"https:\/\/gruene-ov-stuttgart.de\/west\/wp-content\/uploads\/2018\/11\/46356514_10217883289971830_3006857276230205440_n.jpg","articleSection":["Bezirksbeirat","Ortsverband"],"inLanguage":"de","potentialAction":[{"@type":"CommentAction","name":"Comment","target":["https:\/\/gruene-ov-stuttgart.de\/west\/kommunalwahl-2019-wir-stellen-starke-kandidatinnen-fuer-den-westen\/#respond"]}]},{"@type":"WebPage","@id":"https:\/\/gruene-ov-stuttgart.de\/west\/kommunalwahl-2019-wir-stellen-starke-kandidatinnen-fuer-den-westen\/","url":"https:\/\/gruene-ov-stuttgart.de\/west\/kommunalwahl-2019-wir-stellen-starke-kandidatinnen-fuer-den-westen\/","name":"Kommunalwahl 2019: Wir stellen starke Kandidat*innen f\u00fcr den Westen! - Gr\u00fcne Stuttgart West","isPartOf":{"@id":"https:\/\/gruene-ov-stuttgart.de\/west\/#website"},"primaryImageOfPage":{"@id":"https:\/\/gruene-ov-stuttgart.de\/west\/kommunalwahl-2019-wir-stellen-starke-kandidatinnen-fuer-den-westen\/#primaryimage"},"image":{"@id":"https:\/\/gruene-ov-stuttgart.de\/west\/kommunalwahl-2019-wir-stellen-starke-kandidatinnen-fuer-den-westen\/#primaryimage"},"thumbnailUrl":"https:\/\/gruene-ov-stuttgart.de\/west\/wp-content\/uploads\/2018\/11\/46356514_10217883289971830_3006857276230205440_n.jpg","datePublished":"2018-11-18T16:54:20+00:00","dateModified":"2023-01-04T16:06:17+00:00","author":{"@id":"https:\/\/gruene-ov-stuttgart.de\/west\/#\/schema\/person\/2cbc769846ce82c89e96ccc535bc0e6a"},"breadcrumb":{"@id":"https:\/\/gruene-ov-stuttgart.de\/west\/kommunalwahl-2019-wir-stellen-starke-kandidatinnen-fuer-den-westen\/#breadcrumb"},"inLanguage":"de","potentialAction":[{"@type":"ReadAction","target":["https:\/\/gruene-ov-stuttgart.de\/west\/kommunalwahl-2019-wir-stellen-starke-kandidatinnen-fuer-den-westen\/"]}]},{"@type":"ImageObject","inLanguage":"de","@id":"https:\/\/gruene-ov-stuttgart.de\/west\/kommunalwahl-2019-wir-stellen-starke-kandidatinnen-fuer-den-westen\/#primaryimage","url":"https:\/\/gruene-ov-stuttgart.de\/west\/wp-content\/uploads\/2018\/11\/46356514_10217883289971830_3006857276230205440_n.jpg","contentUrl":"https:\/\/gruene-ov-stuttgart.de\/west\/wp-content\/uploads\/2018\/11\/46356514_10217883289971830_3006857276230205440_n.jpg","width":960,"height":778},{"@type":"BreadcrumbList","@id":"https:\/\/gruene-ov-stuttgart.de\/west\/kommunalwahl-2019-wir-stellen-starke-kandidatinnen-fuer-den-westen\/#breadcrumb","itemListElement":[{"@type":"ListItem","position":1,"name":"Startseite","item":"https:\/\/gruene-ov-stuttgart.de\/west\/"},{"@type":"ListItem","position":2,"name":"Kommunalwahl 2019: Wir stellen starke Kandidat*innen f\u00fcr den Westen!"}]},{"@type":"WebSite","@id":"https:\/\/gruene-ov-stuttgart.de\/west\/#website","url":"https:\/\/gruene-ov-stuttgart.de\/west\/","name":"Gr\u00fcne Stuttgart West","description":"B\u00fcndnis 90\/DIE GR\u00dcNEN im Stuttgarter Westen","potentialAction":[{"@type":"SearchAction","target":{"@type":"EntryPoint","urlTemplate":"https:\/\/gruene-ov-stuttgart.de\/west\/?s={search_term_string}"},"query-input":{"@type":"PropertyValueSpecification","valueRequired":true,"valueName":"search_term_string"}}],"inLanguage":"de"},{"@type":"Person","@id":"https:\/\/gruene-ov-stuttgart.de\/west\/#\/schema\/person\/2cbc769846ce82c89e96ccc535bc0e6a","name":"Sebastian Karl","image":{"@type":"ImageObject","inLanguage":"de","@id":"https:\/\/secure.gravatar.com\/avatar\/a62317dc7b94535895b9ae945d946c611667d6b85de2a5c6f4224abb83348e48?s=96&d=wavatar&r=g","url":"https:\/\/secure.gravatar.com\/avatar\/a62317dc7b94535895b9ae945d946c611667d6b85de2a5c6f4224abb83348e48?s=96&d=wavatar&r=g","contentUrl":"https:\/\/secure.gravatar.com\/avatar\/a62317dc7b94535895b9ae945d946c611667d6b85de2a5c6f4224abb83348e48?s=96&d=wavatar&r=g","caption":"Sebastian Karl"},"url":"https:\/\/gruene-ov-stuttgart.de\/west\/author\/sebastian\/"}]}},"_links":{"self":[{"href":"https:\/\/gruene-ov-stuttgart.de\/west\/wp-json\/wp\/v2\/posts\/330","targetHints":{"allow":["GET"]}}],"collection":[{"href":"https:\/\/gruene-ov-stuttgart.de\/west\/wp-json\/wp\/v2\/posts"}],"about":[{"href":"https:\/\/gruene-ov-stuttgart.de\/west\/wp-json\/wp\/v2\/types\/post"}],"author":[{"embeddable":true,"href":"https:\/\/gruene-ov-stuttgart.de\/west\/wp-json\/wp\/v2\/users\/7"}],"replies":[{"embeddable":true,"href":"https:\/\/gruene-ov-stuttgart.de\/west\/wp-json\/wp\/v2\/comments?post=330"}],"version-history":[{"count":5,"href":"https:\/\/gruene-ov-stuttgart.de\/west\/wp-json\/wp\/v2\/posts\/330\/revisions"}],"predecessor-version":[{"id":894,"href":"https:\/\/gruene-ov-stuttgart.de\/west\/wp-json\/wp\/v2\/posts\/330\/revisions\/894"}],"wp:featuredmedia":[{"embeddable":true,"href":"https:\/\/gruene-ov-stuttgart.de\/west\/wp-json\/wp\/v2\/media\/331"}],"wp:attachment":[{"href":"https:\/\/gruene-ov-stuttgart.de\/west\/wp-json\/wp\/v2\/media?parent=330"}],"wp:term":[{"taxonomy":"category","embeddable":true,"href":"https:\/\/gruene-ov-stuttgart.de\/west\/wp-json\/wp\/v2\/categories?post=330"},{"taxonomy":"post_tag","embeddable":true,"href":"https:\/\/gruene-ov-stuttgart.de\/west\/wp-json\/wp\/v2\/tags?post=330"}],"curies":[{"name":"wp","href":"https:\/\/api.w.org\/{rel}","templated":true}]}}