{"id":362,"date":"2019-08-01T20:57:40","date_gmt":"2019-08-01T18:57:40","guid":{"rendered":"http:\/\/gruene-ov-stuttgart.de\/west\/?p=362"},"modified":"2023-01-04T17:06:40","modified_gmt":"2023-01-04T16:06:40","slug":"neue-bezirksbeiratsfraktion-der-gruenen-in-s-west-gruene-themen-finden-bestaetigung","status":"publish","type":"post","link":"https:\/\/gruene-ov-stuttgart.de\/west\/neue-bezirksbeiratsfraktion-der-gruenen-in-s-west-gruene-themen-finden-bestaetigung\/","title":{"rendered":"Neue Bezirksbeiratsfraktion der Gr\u00fcnen in S-West &#8211; gr\u00fcne Themen finden Best\u00e4tigung"},"content":{"rendered":"<div class=\"page\" title=\"Page 1\">\n<div class=\"layoutArea\">\n<div class=\"column\">\n<p>Schon am 26. Juni 2019 w\u00e4hlte der gr\u00fcne Ortsverband Stuttgart-West die sieben Mitglieder und f\u00fcnf stellvertretende Mitglieder der gr\u00fcnen Fraktion f\u00fcr den neuen Bezirksbeirat Stuttgart-West. Es gibt dabei neue und bereits bekannte Gesichter. Die offizielle Bestellung im Bezirksbeirat erfolgt am 17. September in der ersten Sitzung nach der Sommerpause.<\/p>\n<p>Bei der Wahl des Stuttgarter Gemeinderates am 26. Mai 2019 lag das Ergebnis der Gr\u00fcnen im Stadtbezirk Stuttgart-West bei 32,9 %. Mit diesem Spitzenergebnis stellen die Gr\u00fcnen im Bezirksbeirat mit sieben Sitzen wieder die gr\u00f6\u00dfte Fraktion seit 2004 und das beste gr\u00fcne Ergebnis in der Gesamtstadt.<\/p>\n<p>Als ordentliche Mitglieder sitzen zuk\u00fcnftig Maria Flendt, Sabine Wassmer, Katrin Bui, Miriam Just, Gerhard Ebertsh\u00e4user, Sebastian Karl und Reiner Nitsche im Bezirksbeirat West. Zu Stellvertreter*innen wurden Julia Ebling, Dominik Bernauer, Nicolai Growe, Tobias Kromer und Michael Tichy gew\u00e4hlt.<\/p>\n<p>Die Fraktion wird in einer der n\u00e4chsten Sitzungen wieder ein Sprecher*innen-Duo w\u00e4hlen.<\/p>\n<p><a href=\"https:\/\/gruene-ov-stuttgart.de\/west\/wp-content\/uploads\/2019\/08\/2019-07-24-PM-Neue-Bezirksbeiratsfraktion_Gr\u00fcne-West.pdf\">Pressemitteilung im Pdf-Format<\/a><\/p>\n<\/div>\n<\/div>\n<\/div>\n","protected":false},"excerpt":{"rendered":"<p>Schon am 26. Juni 2019 w\u00e4hlte der gr\u00fcne Ortsverband Stuttgart-West die sieben Mitglieder und f\u00fcnf stellvertretende Mitglieder der gr\u00fcnen Fraktion f\u00fcr den neuen Bezirksbeirat Stuttgart-West. Es gibt dabei neue und [&hellip;]<\/p>\n","protected":false},"author":-1,"featured_media":366,"comment_status":"open","ping_status":"open","sticky":false,"template":"","format":"standard","meta":{"footnotes":"","beyondwords_generate_audio":"","beyondwords_integration_method":"","beyondwords_project_id":"","beyondwords_content_id":"","beyondwords_preview_token":"","beyondwords_player_content":"","beyondwords_player_style":"","beyondwords_language_code":"","beyondwords_language_id":"","beyondwords_title_voice_id":"","beyondwords_body_voice_id":"","beyondwords_summary_voice_id":"","beyondwords_error_message":"","beyondwords_disabled":"","beyondwords_delete_content":"","beyondwords_podcast_id":"","beyondwords_hash":"","publish_post_to_speechkit":"","speechkit_hash":"","speechkit_generate_audio":"","speechkit_project_id":"","speechkit_podcast_id":"","speechkit_error_message":"","speechkit_disabled":"","speechkit_access_key":"","speechkit_error":"","speechkit_info":"","speechkit_response":"","speechkit_retries":"","speechkit_status":"","speechkit_updated_at":"","_speechkit_link":"","_speechkit_text":""},"categories":[10,7],"tags":[],"class_list":["post-362","post","type-post","status-publish","format-standard","has-post-thumbnail","hentry","category-bezirksbeirat","category-ortsverband"],"yoast_head":"<!-- This site is optimized with the Yoast SEO plugin v27.5 - https:\/\/yoast.com\/product\/yoast-seo-wordpress\/ -->\n<title>Neue Bezirksbeiratsfraktion der Gr\u00fcnen in S-West - gr\u00fcne Themen finden Best\u00e4tigung - Gr\u00fcne Stuttgart West<\/title>\n<meta name=\"robots\" content=\"index, follow, max-snippet:-1, max-image-preview:large, max-video-preview:-1\" \/>\n<link rel=\"canonical\" href=\"https:\/\/gruene-ov-stuttgart.de\/west\/neue-bezirksbeiratsfraktion-der-gruenen-in-s-west-gruene-themen-finden-bestaetigung\/\" \/>\n<meta property=\"og:locale\" content=\"de_DE\" \/>\n<meta property=\"og:type\" content=\"article\" \/>\n<meta property=\"og:title\" content=\"Neue Bezirksbeiratsfraktion der Gr\u00fcnen in S-West - gr\u00fcne Themen finden Best\u00e4tigung - Gr\u00fcne Stuttgart West\" \/>\n<meta property=\"og:description\" content=\"Schon am 26. Juni 2019 w\u00e4hlte der gr\u00fcne Ortsverband Stuttgart-West die sieben Mitglieder und f\u00fcnf stellvertretende Mitglieder der gr\u00fcnen Fraktion f\u00fcr den neuen Bezirksbeirat Stuttgart-West. Es gibt dabei neue und [&hellip;]\" \/>\n<meta property=\"og:url\" content=\"https:\/\/gruene-ov-stuttgart.de\/west\/neue-bezirksbeiratsfraktion-der-gruenen-in-s-west-gruene-themen-finden-bestaetigung\/\" \/>\n<meta property=\"og:site_name\" content=\"Gr\u00fcne Stuttgart West\" \/>\n<meta property=\"article:published_time\" content=\"2019-08-01T18:57:40+00:00\" \/>\n<meta property=\"article:modified_time\" content=\"2023-01-04T16:06:40+00:00\" \/>\n<meta property=\"og:image\" content=\"https:\/\/gruene-ov-stuttgart.de\/west\/wp-content\/uploads\/2019\/08\/Image-13-800x600.jpg\" \/>\n\t<meta property=\"og:image:width\" content=\"800\" \/>\n\t<meta property=\"og:image:height\" content=\"600\" \/>\n\t<meta property=\"og:image:type\" content=\"image\/jpeg\" \/>\n<meta name=\"author\" content=\"Sebastian Karl\" \/>\n<meta name=\"twitter:card\" content=\"summary_large_image\" \/>\n<script type=\"application\/ld+json\" class=\"yoast-schema-graph\">{\"@context\":\"https:\\\/\\\/schema.org\",\"@graph\":[{\"@type\":\"Article\",\"@id\":\"https:\\\/\\\/gruene-ov-stuttgart.de\\\/west\\\/neue-bezirksbeiratsfraktion-der-gruenen-in-s-west-gruene-themen-finden-bestaetigung\\\/#article\",\"isPartOf\":{\"@id\":\"https:\\\/\\\/gruene-ov-stuttgart.de\\\/west\\\/neue-bezirksbeiratsfraktion-der-gruenen-in-s-west-gruene-themen-finden-bestaetigung\\\/\"},\"author\":{\"name\":\"Sebastian Karl\",\"@id\":\"https:\\\/\\\/gruene-ov-stuttgart.de\\\/west\\\/#\\\/schema\\\/person\\\/2cbc769846ce82c89e96ccc535bc0e6a\"},\"headline\":\"Neue Bezirksbeiratsfraktion der Gr\u00fcnen in S-West &#8211; gr\u00fcne Themen finden Best\u00e4tigung\",\"datePublished\":\"2019-08-01T18:57:40+00:00\",\"dateModified\":\"2023-01-04T16:06:40+00:00\",\"mainEntityOfPage\":{\"@id\":\"https:\\\/\\\/gruene-ov-stuttgart.de\\\/west\\\/neue-bezirksbeiratsfraktion-der-gruenen-in-s-west-gruene-themen-finden-bestaetigung\\\/\"},\"wordCount\":170,\"commentCount\":0,\"image\":{\"@id\":\"https:\\\/\\\/gruene-ov-stuttgart.de\\\/west\\\/neue-bezirksbeiratsfraktion-der-gruenen-in-s-west-gruene-themen-finden-bestaetigung\\\/#primaryimage\"},\"thumbnailUrl\":\"https:\\\/\\\/gruene-ov-stuttgart.de\\\/west\\\/wp-content\\\/uploads\\\/2019\\\/08\\\/Image-13.jpg\",\"articleSection\":[\"Bezirksbeirat\",\"Ortsverband\"],\"inLanguage\":\"de\",\"potentialAction\":[{\"@type\":\"CommentAction\",\"name\":\"Comment\",\"target\":[\"https:\\\/\\\/gruene-ov-stuttgart.de\\\/west\\\/neue-bezirksbeiratsfraktion-der-gruenen-in-s-west-gruene-themen-finden-bestaetigung\\\/#respond\"]}]},{\"@type\":\"WebPage\",\"@id\":\"https:\\\/\\\/gruene-ov-stuttgart.de\\\/west\\\/neue-bezirksbeiratsfraktion-der-gruenen-in-s-west-gruene-themen-finden-bestaetigung\\\/\",\"url\":\"https:\\\/\\\/gruene-ov-stuttgart.de\\\/west\\\/neue-bezirksbeiratsfraktion-der-gruenen-in-s-west-gruene-themen-finden-bestaetigung\\\/\",\"name\":\"Neue Bezirksbeiratsfraktion der Gr\u00fcnen in S-West - gr\u00fcne Themen finden Best\u00e4tigung - Gr\u00fcne Stuttgart West\",\"isPartOf\":{\"@id\":\"https:\\\/\\\/gruene-ov-stuttgart.de\\\/west\\\/#website\"},\"primaryImageOfPage\":{\"@id\":\"https:\\\/\\\/gruene-ov-stuttgart.de\\\/west\\\/neue-bezirksbeiratsfraktion-der-gruenen-in-s-west-gruene-themen-finden-bestaetigung\\\/#primaryimage\"},\"image\":{\"@id\":\"https:\\\/\\\/gruene-ov-stuttgart.de\\\/west\\\/neue-bezirksbeiratsfraktion-der-gruenen-in-s-west-gruene-themen-finden-bestaetigung\\\/#primaryimage\"},\"thumbnailUrl\":\"https:\\\/\\\/gruene-ov-stuttgart.de\\\/west\\\/wp-content\\\/uploads\\\/2019\\\/08\\\/Image-13.jpg\",\"datePublished\":\"2019-08-01T18:57:40+00:00\",\"dateModified\":\"2023-01-04T16:06:40+00:00\",\"author\":{\"@id\":\"https:\\\/\\\/gruene-ov-stuttgart.de\\\/west\\\/#\\\/schema\\\/person\\\/2cbc769846ce82c89e96ccc535bc0e6a\"},\"breadcrumb\":{\"@id\":\"https:\\\/\\\/gruene-ov-stuttgart.de\\\/west\\\/neue-bezirksbeiratsfraktion-der-gruenen-in-s-west-gruene-themen-finden-bestaetigung\\\/#breadcrumb\"},\"inLanguage\":\"de\",\"potentialAction\":[{\"@type\":\"ReadAction\",\"target\":[\"https:\\\/\\\/gruene-ov-stuttgart.de\\\/west\\\/neue-bezirksbeiratsfraktion-der-gruenen-in-s-west-gruene-themen-finden-bestaetigung\\\/\"]}]},{\"@type\":\"ImageObject\",\"inLanguage\":\"de\",\"@id\":\"https:\\\/\\\/gruene-ov-stuttgart.de\\\/west\\\/neue-bezirksbeiratsfraktion-der-gruenen-in-s-west-gruene-themen-finden-bestaetigung\\\/#primaryimage\",\"url\":\"https:\\\/\\\/gruene-ov-stuttgart.de\\\/west\\\/wp-content\\\/uploads\\\/2019\\\/08\\\/Image-13.jpg\",\"contentUrl\":\"https:\\\/\\\/gruene-ov-stuttgart.de\\\/west\\\/wp-content\\\/uploads\\\/2019\\\/08\\\/Image-13.jpg\",\"width\":4032,\"height\":3024},{\"@type\":\"BreadcrumbList\",\"@id\":\"https:\\\/\\\/gruene-ov-stuttgart.de\\\/west\\\/neue-bezirksbeiratsfraktion-der-gruenen-in-s-west-gruene-themen-finden-bestaetigung\\\/#breadcrumb\",\"itemListElement\":[{\"@type\":\"ListItem\",\"position\":1,\"name\":\"Startseite\",\"item\":\"https:\\\/\\\/gruene-ov-stuttgart.de\\\/west\\\/\"},{\"@type\":\"ListItem\",\"position\":2,\"name\":\"Neue Bezirksbeiratsfraktion der Gr\u00fcnen in S-West &#8211; gr\u00fcne Themen finden Best\u00e4tigung\"}]},{\"@type\":\"WebSite\",\"@id\":\"https:\\\/\\\/gruene-ov-stuttgart.de\\\/west\\\/#website\",\"url\":\"https:\\\/\\\/gruene-ov-stuttgart.de\\\/west\\\/\",\"name\":\"Gr\u00fcne Stuttgart West\",\"description\":\"B\u00fcndnis 90\\\/DIE GR\u00dcNEN im Stuttgarter Westen\",\"potentialAction\":[{\"@type\":\"SearchAction\",\"target\":{\"@type\":\"EntryPoint\",\"urlTemplate\":\"https:\\\/\\\/gruene-ov-stuttgart.de\\\/west\\\/?s={search_term_string}\"},\"query-input\":{\"@type\":\"PropertyValueSpecification\",\"valueRequired\":true,\"valueName\":\"search_term_string\"}}],\"inLanguage\":\"de\"},{\"@type\":\"Person\",\"@id\":\"https:\\\/\\\/gruene-ov-stuttgart.de\\\/west\\\/#\\\/schema\\\/person\\\/2cbc769846ce82c89e96ccc535bc0e6a\",\"name\":\"Sebastian Karl\",\"image\":{\"@type\":\"ImageObject\",\"inLanguage\":\"de\",\"@id\":\"https:\\\/\\\/secure.gravatar.com\\\/avatar\\\/a62317dc7b94535895b9ae945d946c611667d6b85de2a5c6f4224abb83348e48?s=96&d=wavatar&r=g\",\"url\":\"https:\\\/\\\/secure.gravatar.com\\\/avatar\\\/a62317dc7b94535895b9ae945d946c611667d6b85de2a5c6f4224abb83348e48?s=96&d=wavatar&r=g\",\"contentUrl\":\"https:\\\/\\\/secure.gravatar.com\\\/avatar\\\/a62317dc7b94535895b9ae945d946c611667d6b85de2a5c6f4224abb83348e48?s=96&d=wavatar&r=g\",\"caption\":\"Sebastian Karl\"},\"url\":\"https:\\\/\\\/gruene-ov-stuttgart.de\\\/west\\\/author\\\/sebastian\\\/\"}]}<\/script>\n<!-- \/ Yoast SEO plugin. -->","yoast_head_json":{"title":"Neue Bezirksbeiratsfraktion der Gr\u00fcnen in S-West - gr\u00fcne Themen finden Best\u00e4tigung - Gr\u00fcne Stuttgart West","robots":{"index":"index","follow":"follow","max-snippet":"max-snippet:-1","max-image-preview":"max-image-preview:large","max-video-preview":"max-video-preview:-1"},"canonical":"https:\/\/gruene-ov-stuttgart.de\/west\/neue-bezirksbeiratsfraktion-der-gruenen-in-s-west-gruene-themen-finden-bestaetigung\/","og_locale":"de_DE","og_type":"article","og_title":"Neue Bezirksbeiratsfraktion der Gr\u00fcnen in S-West - gr\u00fcne Themen finden Best\u00e4tigung - Gr\u00fcne Stuttgart West","og_description":"Schon am 26. Juni 2019 w\u00e4hlte der gr\u00fcne Ortsverband Stuttgart-West die sieben Mitglieder und f\u00fcnf stellvertretende Mitglieder der gr\u00fcnen Fraktion f\u00fcr den neuen Bezirksbeirat Stuttgart-West. Es gibt dabei neue und [&hellip;]","og_url":"https:\/\/gruene-ov-stuttgart.de\/west\/neue-bezirksbeiratsfraktion-der-gruenen-in-s-west-gruene-themen-finden-bestaetigung\/","og_site_name":"Gr\u00fcne Stuttgart West","article_published_time":"2019-08-01T18:57:40+00:00","article_modified_time":"2023-01-04T16:06:40+00:00","og_image":[{"width":800,"height":600,"url":"https:\/\/gruene-ov-stuttgart.de\/west\/wp-content\/uploads\/2019\/08\/Image-13-800x600.jpg","type":"image\/jpeg"}],"author":"Sebastian Karl","twitter_card":"summary_large_image","schema":{"@context":"https:\/\/schema.org","@graph":[{"@type":"Article","@id":"https:\/\/gruene-ov-stuttgart.de\/west\/neue-bezirksbeiratsfraktion-der-gruenen-in-s-west-gruene-themen-finden-bestaetigung\/#article","isPartOf":{"@id":"https:\/\/gruene-ov-stuttgart.de\/west\/neue-bezirksbeiratsfraktion-der-gruenen-in-s-west-gruene-themen-finden-bestaetigung\/"},"author":{"name":"Sebastian Karl","@id":"https:\/\/gruene-ov-stuttgart.de\/west\/#\/schema\/person\/2cbc769846ce82c89e96ccc535bc0e6a"},"headline":"Neue Bezirksbeiratsfraktion der Gr\u00fcnen in S-West &#8211; gr\u00fcne Themen finden Best\u00e4tigung","datePublished":"2019-08-01T18:57:40+00:00","dateModified":"2023-01-04T16:06:40+00:00","mainEntityOfPage":{"@id":"https:\/\/gruene-ov-stuttgart.de\/west\/neue-bezirksbeiratsfraktion-der-gruenen-in-s-west-gruene-themen-finden-bestaetigung\/"},"wordCount":170,"commentCount":0,"image":{"@id":"https:\/\/gruene-ov-stuttgart.de\/west\/neue-bezirksbeiratsfraktion-der-gruenen-in-s-west-gruene-themen-finden-bestaetigung\/#primaryimage"},"thumbnailUrl":"https:\/\/gruene-ov-stuttgart.de\/west\/wp-content\/uploads\/2019\/08\/Image-13.jpg","articleSection":["Bezirksbeirat","Ortsverband"],"inLanguage":"de","potentialAction":[{"@type":"CommentAction","name":"Comment","target":["https:\/\/gruene-ov-stuttgart.de\/west\/neue-bezirksbeiratsfraktion-der-gruenen-in-s-west-gruene-themen-finden-bestaetigung\/#respond"]}]},{"@type":"WebPage","@id":"https:\/\/gruene-ov-stuttgart.de\/west\/neue-bezirksbeiratsfraktion-der-gruenen-in-s-west-gruene-themen-finden-bestaetigung\/","url":"https:\/\/gruene-ov-stuttgart.de\/west\/neue-bezirksbeiratsfraktion-der-gruenen-in-s-west-gruene-themen-finden-bestaetigung\/","name":"Neue Bezirksbeiratsfraktion der Gr\u00fcnen in S-West - gr\u00fcne Themen finden Best\u00e4tigung - Gr\u00fcne Stuttgart West","isPartOf":{"@id":"https:\/\/gruene-ov-stuttgart.de\/west\/#website"},"primaryImageOfPage":{"@id":"https:\/\/gruene-ov-stuttgart.de\/west\/neue-bezirksbeiratsfraktion-der-gruenen-in-s-west-gruene-themen-finden-bestaetigung\/#primaryimage"},"image":{"@id":"https:\/\/gruene-ov-stuttgart.de\/west\/neue-bezirksbeiratsfraktion-der-gruenen-in-s-west-gruene-themen-finden-bestaetigung\/#primaryimage"},"thumbnailUrl":"https:\/\/gruene-ov-stuttgart.de\/west\/wp-content\/uploads\/2019\/08\/Image-13.jpg","datePublished":"2019-08-01T18:57:40+00:00","dateModified":"2023-01-04T16:06:40+00:00","author":{"@id":"https:\/\/gruene-ov-stuttgart.de\/west\/#\/schema\/person\/2cbc769846ce82c89e96ccc535bc0e6a"},"breadcrumb":{"@id":"https:\/\/gruene-ov-stuttgart.de\/west\/neue-bezirksbeiratsfraktion-der-gruenen-in-s-west-gruene-themen-finden-bestaetigung\/#breadcrumb"},"inLanguage":"de","potentialAction":[{"@type":"ReadAction","target":["https:\/\/gruene-ov-stuttgart.de\/west\/neue-bezirksbeiratsfraktion-der-gruenen-in-s-west-gruene-themen-finden-bestaetigung\/"]}]},{"@type":"ImageObject","inLanguage":"de","@id":"https:\/\/gruene-ov-stuttgart.de\/west\/neue-bezirksbeiratsfraktion-der-gruenen-in-s-west-gruene-themen-finden-bestaetigung\/#primaryimage","url":"https:\/\/gruene-ov-stuttgart.de\/west\/wp-content\/uploads\/2019\/08\/Image-13.jpg","contentUrl":"https:\/\/gruene-ov-stuttgart.de\/west\/wp-content\/uploads\/2019\/08\/Image-13.jpg","width":4032,"height":3024},{"@type":"BreadcrumbList","@id":"https:\/\/gruene-ov-stuttgart.de\/west\/neue-bezirksbeiratsfraktion-der-gruenen-in-s-west-gruene-themen-finden-bestaetigung\/#breadcrumb","itemListElement":[{"@type":"ListItem","position":1,"name":"Startseite","item":"https:\/\/gruene-ov-stuttgart.de\/west\/"},{"@type":"ListItem","position":2,"name":"Neue Bezirksbeiratsfraktion der Gr\u00fcnen in S-West &#8211; gr\u00fcne Themen finden Best\u00e4tigung"}]},{"@type":"WebSite","@id":"https:\/\/gruene-ov-stuttgart.de\/west\/#website","url":"https:\/\/gruene-ov-stuttgart.de\/west\/","name":"Gr\u00fcne Stuttgart West","description":"B\u00fcndnis 90\/DIE GR\u00dcNEN im Stuttgarter Westen","potentialAction":[{"@type":"SearchAction","target":{"@type":"EntryPoint","urlTemplate":"https:\/\/gruene-ov-stuttgart.de\/west\/?s={search_term_string}"},"query-input":{"@type":"PropertyValueSpecification","valueRequired":true,"valueName":"search_term_string"}}],"inLanguage":"de"},{"@type":"Person","@id":"https:\/\/gruene-ov-stuttgart.de\/west\/#\/schema\/person\/2cbc769846ce82c89e96ccc535bc0e6a","name":"Sebastian Karl","image":{"@type":"ImageObject","inLanguage":"de","@id":"https:\/\/secure.gravatar.com\/avatar\/a62317dc7b94535895b9ae945d946c611667d6b85de2a5c6f4224abb83348e48?s=96&d=wavatar&r=g","url":"https:\/\/secure.gravatar.com\/avatar\/a62317dc7b94535895b9ae945d946c611667d6b85de2a5c6f4224abb83348e48?s=96&d=wavatar&r=g","contentUrl":"https:\/\/secure.gravatar.com\/avatar\/a62317dc7b94535895b9ae945d946c611667d6b85de2a5c6f4224abb83348e48?s=96&d=wavatar&r=g","caption":"Sebastian Karl"},"url":"https:\/\/gruene-ov-stuttgart.de\/west\/author\/sebastian\/"}]}},"_links":{"self":[{"href":"https:\/\/gruene-ov-stuttgart.de\/west\/wp-json\/wp\/v2\/posts\/362","targetHints":{"allow":["GET"]}}],"collection":[{"href":"https:\/\/gruene-ov-stuttgart.de\/west\/wp-json\/wp\/v2\/posts"}],"about":[{"href":"https:\/\/gruene-ov-stuttgart.de\/west\/wp-json\/wp\/v2\/types\/post"}],"author":[{"embeddable":true,"href":"https:\/\/gruene-ov-stuttgart.de\/west\/wp-json\/wp\/v2\/users\/7"}],"replies":[{"embeddable":true,"href":"https:\/\/gruene-ov-stuttgart.de\/west\/wp-json\/wp\/v2\/comments?post=362"}],"version-history":[{"count":2,"href":"https:\/\/gruene-ov-stuttgart.de\/west\/wp-json\/wp\/v2\/posts\/362\/revisions"}],"predecessor-version":[{"id":365,"href":"https:\/\/gruene-ov-stuttgart.de\/west\/wp-json\/wp\/v2\/posts\/362\/revisions\/365"}],"wp:featuredmedia":[{"embeddable":true,"href":"https:\/\/gruene-ov-stuttgart.de\/west\/wp-json\/wp\/v2\/media\/366"}],"wp:attachment":[{"href":"https:\/\/gruene-ov-stuttgart.de\/west\/wp-json\/wp\/v2\/media?parent=362"}],"wp:term":[{"taxonomy":"category","embeddable":true,"href":"https:\/\/gruene-ov-stuttgart.de\/west\/wp-json\/wp\/v2\/categories?post=362"},{"taxonomy":"post_tag","embeddable":true,"href":"https:\/\/gruene-ov-stuttgart.de\/west\/wp-json\/wp\/v2\/tags?post=362"}],"curies":[{"name":"wp","href":"https:\/\/api.w.org\/{rel}","templated":true}]}}