{"id":382,"date":"2020-01-30T08:22:23","date_gmt":"2020-01-30T07:22:23","guid":{"rendered":"http:\/\/gruene-ov-stuttgart.de\/west\/?p=382"},"modified":"2023-01-04T17:07:25","modified_gmt":"2023-01-04T16:07:25","slug":"weniger-raser-und-laerm-in-stuttgart-west","status":"publish","type":"post","link":"https:\/\/gruene-ov-stuttgart.de\/west\/weniger-raser-und-laerm-in-stuttgart-west\/","title":{"rendered":"Weniger Raser und L\u00e4rm in Stuttgart-West"},"content":{"rendered":"\n<p>Die Stuttgarter Zeitung berichtete am 28.01.2020 dar\u00fcber, dass sich Anwohner der Roteb\u00fchlstra\u00dfe durch Raser und L\u00e4rm bel\u00e4stigt f\u00fchlen. Uns Gr\u00fcnen im Bezirksbeirat West ist es seit Jahren ein Anliegen, die Belastungen durch den motorisierten Individualverkehr f\u00fcr die Stadtbev\u00f6lkerung zu reduzieren. Dies ist eine der wichtigsten Ma\u00dfnahmen, um unsere Stadt noch lebenswerter zu machen. Einen wichtigen Schritt daf\u00fcr bildet die Fortschreibung des Luftreinhalteplans f\u00fcr Stuttgart, wodurch vor allem auf Betreiben von uns Gr\u00fcnen stadtweit Tempo 40 eingef\u00fchrt werden wird. Zus\u00e4tzlich kann es nat\u00fcrlich sinnvoll sein, auf Schwerpunktstrecken zus\u00e4tzliche Geschwindigkeitsbegrenzungen einzuf\u00fchren, wie dies beispielsweise auf der Theodor-Heuss-Stra\u00dfe geschehen ist. Wichtig ist es dabei nat\u00fcrlich auch, diese Geschwindigkeitsbegrenzungen regelm\u00e4\u00dfig zu kontrollieren.<\/p>\n\n\n\n<p>Speziell auf die Problematik in der Roteb\u00fchlstra\u00dfe haben wir im Bezirksbeirat West bereits im Juni 2018 hingewiesen. Hierbei haben wir mobile Geschwindigkeitskontrollen und einen Bericht der Verwaltung zu den Ergebnissen dieser Kontrollen gefordert.<\/p>\n\n\n\n<p>Daneben wollen wir die Menschen durch\npositive Anreize dazu bringen, auf nachhaltige Mobilit\u00e4tsformen umzusteigen.\nEine Ma\u00dfnahme, die die Roteb\u00fchlstra\u00dfe betrifft, ist unsere Forderung nach einem\nvierten Fu\u00dfg\u00e4nger\u00fcberweg an der Kreuzung Roteb\u00fchl-\/Schwabstra\u00dfe, f\u00fcr den\nunserer Meinung nach notfalls auch ein Fahrstreifen der ohnehin\n\u00fcberdimensionierten Roteb\u00fchlstra\u00dfe genutzt werden k\u00f6nnte. Hierf\u00fcr wollen wir\nuns weiterhin vehement einsetzen.<\/p>\n\n\n\n<p>Au\u00dferdem m\u00f6chten wir im gesamten Stuttgarter Westen eine Verbesserung der Situation f\u00fcr Fu\u00dfg\u00e4nger*innen und Radfahrer*innen erreichen. Um diese Mobilit\u00e4tsformen attraktiver zu machen, m\u00fcssen wir f\u00fcr schnelle und sichere Verbindungen sorgen. Dabei m\u00fcssen wir nicht zuletzt die aktuelle Verteilung der Verkehrsfl\u00e4che zwischen den verschiedenen Formen der Mobilit\u00e4t kritisch \u00fcberdenken. Kontrollierte Geschwindigkeitsbegrenzungen bieten ebenfalls eine gute M\u00f6glichkeit, f\u00fcr mehr Sicherheit der \u00fcbrigen Verkehrsteilnehmer*innen zu sorgen.<\/p>\n\n\n\n<p>Wir werden diese Problematik immer wieder im Bezirksbeirat aufgreifen. Gleichzeitig m\u00f6chten wir alle B\u00fcrger*innen ermutigen, solche Beobachtungen auch direkt \u00fcber die M\u00f6glichkeit der gelben Karte an die Stadtverwaltung zu melden (<a href=\"http:\/\/www.stuttgart.de\/gelbe-karte\">www.stuttgart.de\/gelbe-karte<\/a>).<\/p>\n","protected":false},"excerpt":{"rendered":"<p>Die Stuttgarter Zeitung berichtete am 28.01.2020 dar\u00fcber, dass sich Anwohner der Roteb\u00fchlstra\u00dfe durch Raser und L\u00e4rm bel\u00e4stigt f\u00fchlen. Uns Gr\u00fcnen im Bezirksbeirat West ist es seit Jahren ein Anliegen, die [&hellip;]<\/p>\n","protected":false},"author":-1,"featured_media":385,"comment_status":"open","ping_status":"open","sticky":false,"template":"","format":"standard","meta":{"footnotes":"","beyondwords_generate_audio":"","beyondwords_integration_method":"","beyondwords_project_id":"","beyondwords_content_id":"","beyondwords_preview_token":"","beyondwords_player_content":"","beyondwords_player_style":"","beyondwords_language_code":"","beyondwords_language_id":"","beyondwords_title_voice_id":"","beyondwords_body_voice_id":"","beyondwords_summary_voice_id":"","beyondwords_error_message":"","beyondwords_disabled":"","beyondwords_delete_content":"","beyondwords_podcast_id":"","beyondwords_hash":"","publish_post_to_speechkit":"","speechkit_hash":"","speechkit_generate_audio":"","speechkit_project_id":"","speechkit_podcast_id":"","speechkit_error_message":"","speechkit_disabled":"","speechkit_access_key":"","speechkit_error":"","speechkit_info":"","speechkit_response":"","speechkit_retries":"","speechkit_status":"","speechkit_updated_at":"","_speechkit_link":"","_speechkit_text":""},"categories":[10,9],"tags":[],"class_list":["post-382","post","type-post","status-publish","format-standard","has-post-thumbnail","hentry","category-bezirksbeirat","category-positionen"],"yoast_head":"<!-- This site is optimized with the Yoast SEO plugin v27.5 - https:\/\/yoast.com\/product\/yoast-seo-wordpress\/ -->\n<title>Weniger Raser und L\u00e4rm in Stuttgart-West - Gr\u00fcne Stuttgart West<\/title>\n<meta name=\"robots\" content=\"index, follow, max-snippet:-1, max-image-preview:large, max-video-preview:-1\" \/>\n<link rel=\"canonical\" href=\"https:\/\/gruene-ov-stuttgart.de\/west\/weniger-raser-und-laerm-in-stuttgart-west\/\" \/>\n<meta property=\"og:locale\" content=\"de_DE\" \/>\n<meta property=\"og:type\" content=\"article\" \/>\n<meta property=\"og:title\" content=\"Weniger Raser und L\u00e4rm in Stuttgart-West - Gr\u00fcne Stuttgart West\" \/>\n<meta property=\"og:description\" content=\"Die Stuttgarter Zeitung berichtete am 28.01.2020 dar\u00fcber, dass sich Anwohner der Roteb\u00fchlstra\u00dfe durch Raser und L\u00e4rm bel\u00e4stigt f\u00fchlen. Uns Gr\u00fcnen im Bezirksbeirat West ist es seit Jahren ein Anliegen, die [&hellip;]\" \/>\n<meta property=\"og:url\" content=\"https:\/\/gruene-ov-stuttgart.de\/west\/weniger-raser-und-laerm-in-stuttgart-west\/\" \/>\n<meta property=\"og:site_name\" content=\"Gr\u00fcne Stuttgart West\" \/>\n<meta property=\"article:published_time\" content=\"2020-01-30T07:22:23+00:00\" \/>\n<meta property=\"article:modified_time\" content=\"2023-01-04T16:07:25+00:00\" \/>\n<meta property=\"og:image\" content=\"https:\/\/gruene-ov-stuttgart.de\/west\/wp-content\/uploads\/2020\/01\/zone-30-3421625_1920.jpg\" \/>\n\t<meta property=\"og:image:width\" content=\"1920\" \/>\n\t<meta property=\"og:image:height\" content=\"1248\" \/>\n\t<meta property=\"og:image:type\" content=\"image\/jpeg\" \/>\n<meta name=\"author\" content=\"Sebastian Karl\" \/>\n<meta name=\"twitter:card\" content=\"summary_large_image\" \/>\n<script type=\"application\/ld+json\" class=\"yoast-schema-graph\">{\"@context\":\"https:\\\/\\\/schema.org\",\"@graph\":[{\"@type\":\"Article\",\"@id\":\"https:\\\/\\\/gruene-ov-stuttgart.de\\\/west\\\/weniger-raser-und-laerm-in-stuttgart-west\\\/#article\",\"isPartOf\":{\"@id\":\"https:\\\/\\\/gruene-ov-stuttgart.de\\\/west\\\/weniger-raser-und-laerm-in-stuttgart-west\\\/\"},\"author\":{\"name\":\"Sebastian Karl\",\"@id\":\"https:\\\/\\\/gruene-ov-stuttgart.de\\\/west\\\/#\\\/schema\\\/person\\\/2cbc769846ce82c89e96ccc535bc0e6a\"},\"headline\":\"Weniger Raser und L\u00e4rm in Stuttgart-West\",\"datePublished\":\"2020-01-30T07:22:23+00:00\",\"dateModified\":\"2023-01-04T16:07:25+00:00\",\"mainEntityOfPage\":{\"@id\":\"https:\\\/\\\/gruene-ov-stuttgart.de\\\/west\\\/weniger-raser-und-laerm-in-stuttgart-west\\\/\"},\"wordCount\":354,\"commentCount\":1,\"image\":{\"@id\":\"https:\\\/\\\/gruene-ov-stuttgart.de\\\/west\\\/weniger-raser-und-laerm-in-stuttgart-west\\\/#primaryimage\"},\"thumbnailUrl\":\"https:\\\/\\\/gruene-ov-stuttgart.de\\\/west\\\/wp-content\\\/uploads\\\/2020\\\/01\\\/zone-30-3421625_1920.jpg\",\"articleSection\":[\"Bezirksbeirat\",\"Positionen\"],\"inLanguage\":\"de\",\"potentialAction\":[{\"@type\":\"CommentAction\",\"name\":\"Comment\",\"target\":[\"https:\\\/\\\/gruene-ov-stuttgart.de\\\/west\\\/weniger-raser-und-laerm-in-stuttgart-west\\\/#respond\"]}]},{\"@type\":\"WebPage\",\"@id\":\"https:\\\/\\\/gruene-ov-stuttgart.de\\\/west\\\/weniger-raser-und-laerm-in-stuttgart-west\\\/\",\"url\":\"https:\\\/\\\/gruene-ov-stuttgart.de\\\/west\\\/weniger-raser-und-laerm-in-stuttgart-west\\\/\",\"name\":\"Weniger Raser und L\u00e4rm in Stuttgart-West - Gr\u00fcne Stuttgart West\",\"isPartOf\":{\"@id\":\"https:\\\/\\\/gruene-ov-stuttgart.de\\\/west\\\/#website\"},\"primaryImageOfPage\":{\"@id\":\"https:\\\/\\\/gruene-ov-stuttgart.de\\\/west\\\/weniger-raser-und-laerm-in-stuttgart-west\\\/#primaryimage\"},\"image\":{\"@id\":\"https:\\\/\\\/gruene-ov-stuttgart.de\\\/west\\\/weniger-raser-und-laerm-in-stuttgart-west\\\/#primaryimage\"},\"thumbnailUrl\":\"https:\\\/\\\/gruene-ov-stuttgart.de\\\/west\\\/wp-content\\\/uploads\\\/2020\\\/01\\\/zone-30-3421625_1920.jpg\",\"datePublished\":\"2020-01-30T07:22:23+00:00\",\"dateModified\":\"2023-01-04T16:07:25+00:00\",\"author\":{\"@id\":\"https:\\\/\\\/gruene-ov-stuttgart.de\\\/west\\\/#\\\/schema\\\/person\\\/2cbc769846ce82c89e96ccc535bc0e6a\"},\"breadcrumb\":{\"@id\":\"https:\\\/\\\/gruene-ov-stuttgart.de\\\/west\\\/weniger-raser-und-laerm-in-stuttgart-west\\\/#breadcrumb\"},\"inLanguage\":\"de\",\"potentialAction\":[{\"@type\":\"ReadAction\",\"target\":[\"https:\\\/\\\/gruene-ov-stuttgart.de\\\/west\\\/weniger-raser-und-laerm-in-stuttgart-west\\\/\"]}]},{\"@type\":\"ImageObject\",\"inLanguage\":\"de\",\"@id\":\"https:\\\/\\\/gruene-ov-stuttgart.de\\\/west\\\/weniger-raser-und-laerm-in-stuttgart-west\\\/#primaryimage\",\"url\":\"https:\\\/\\\/gruene-ov-stuttgart.de\\\/west\\\/wp-content\\\/uploads\\\/2020\\\/01\\\/zone-30-3421625_1920.jpg\",\"contentUrl\":\"https:\\\/\\\/gruene-ov-stuttgart.de\\\/west\\\/wp-content\\\/uploads\\\/2020\\\/01\\\/zone-30-3421625_1920.jpg\",\"width\":1920,\"height\":1248},{\"@type\":\"BreadcrumbList\",\"@id\":\"https:\\\/\\\/gruene-ov-stuttgart.de\\\/west\\\/weniger-raser-und-laerm-in-stuttgart-west\\\/#breadcrumb\",\"itemListElement\":[{\"@type\":\"ListItem\",\"position\":1,\"name\":\"Startseite\",\"item\":\"https:\\\/\\\/gruene-ov-stuttgart.de\\\/west\\\/\"},{\"@type\":\"ListItem\",\"position\":2,\"name\":\"Weniger Raser und L\u00e4rm in Stuttgart-West\"}]},{\"@type\":\"WebSite\",\"@id\":\"https:\\\/\\\/gruene-ov-stuttgart.de\\\/west\\\/#website\",\"url\":\"https:\\\/\\\/gruene-ov-stuttgart.de\\\/west\\\/\",\"name\":\"Gr\u00fcne Stuttgart West\",\"description\":\"B\u00fcndnis 90\\\/DIE GR\u00dcNEN im Stuttgarter Westen\",\"potentialAction\":[{\"@type\":\"SearchAction\",\"target\":{\"@type\":\"EntryPoint\",\"urlTemplate\":\"https:\\\/\\\/gruene-ov-stuttgart.de\\\/west\\\/?s={search_term_string}\"},\"query-input\":{\"@type\":\"PropertyValueSpecification\",\"valueRequired\":true,\"valueName\":\"search_term_string\"}}],\"inLanguage\":\"de\"},{\"@type\":\"Person\",\"@id\":\"https:\\\/\\\/gruene-ov-stuttgart.de\\\/west\\\/#\\\/schema\\\/person\\\/2cbc769846ce82c89e96ccc535bc0e6a\",\"name\":\"Sebastian Karl\",\"image\":{\"@type\":\"ImageObject\",\"inLanguage\":\"de\",\"@id\":\"https:\\\/\\\/secure.gravatar.com\\\/avatar\\\/a62317dc7b94535895b9ae945d946c611667d6b85de2a5c6f4224abb83348e48?s=96&d=wavatar&r=g\",\"url\":\"https:\\\/\\\/secure.gravatar.com\\\/avatar\\\/a62317dc7b94535895b9ae945d946c611667d6b85de2a5c6f4224abb83348e48?s=96&d=wavatar&r=g\",\"contentUrl\":\"https:\\\/\\\/secure.gravatar.com\\\/avatar\\\/a62317dc7b94535895b9ae945d946c611667d6b85de2a5c6f4224abb83348e48?s=96&d=wavatar&r=g\",\"caption\":\"Sebastian Karl\"},\"url\":\"https:\\\/\\\/gruene-ov-stuttgart.de\\\/west\\\/author\\\/sebastian\\\/\"}]}<\/script>\n<!-- \/ Yoast SEO plugin. -->","yoast_head_json":{"title":"Weniger Raser und L\u00e4rm in Stuttgart-West - Gr\u00fcne Stuttgart West","robots":{"index":"index","follow":"follow","max-snippet":"max-snippet:-1","max-image-preview":"max-image-preview:large","max-video-preview":"max-video-preview:-1"},"canonical":"https:\/\/gruene-ov-stuttgart.de\/west\/weniger-raser-und-laerm-in-stuttgart-west\/","og_locale":"de_DE","og_type":"article","og_title":"Weniger Raser und L\u00e4rm in Stuttgart-West - Gr\u00fcne Stuttgart West","og_description":"Die Stuttgarter Zeitung berichtete am 28.01.2020 dar\u00fcber, dass sich Anwohner der Roteb\u00fchlstra\u00dfe durch Raser und L\u00e4rm bel\u00e4stigt f\u00fchlen. Uns Gr\u00fcnen im Bezirksbeirat West ist es seit Jahren ein Anliegen, die [&hellip;]","og_url":"https:\/\/gruene-ov-stuttgart.de\/west\/weniger-raser-und-laerm-in-stuttgart-west\/","og_site_name":"Gr\u00fcne Stuttgart West","article_published_time":"2020-01-30T07:22:23+00:00","article_modified_time":"2023-01-04T16:07:25+00:00","og_image":[{"width":1920,"height":1248,"url":"https:\/\/gruene-ov-stuttgart.de\/west\/wp-content\/uploads\/2020\/01\/zone-30-3421625_1920.jpg","type":"image\/jpeg"}],"author":"Sebastian Karl","twitter_card":"summary_large_image","schema":{"@context":"https:\/\/schema.org","@graph":[{"@type":"Article","@id":"https:\/\/gruene-ov-stuttgart.de\/west\/weniger-raser-und-laerm-in-stuttgart-west\/#article","isPartOf":{"@id":"https:\/\/gruene-ov-stuttgart.de\/west\/weniger-raser-und-laerm-in-stuttgart-west\/"},"author":{"name":"Sebastian Karl","@id":"https:\/\/gruene-ov-stuttgart.de\/west\/#\/schema\/person\/2cbc769846ce82c89e96ccc535bc0e6a"},"headline":"Weniger Raser und L\u00e4rm in Stuttgart-West","datePublished":"2020-01-30T07:22:23+00:00","dateModified":"2023-01-04T16:07:25+00:00","mainEntityOfPage":{"@id":"https:\/\/gruene-ov-stuttgart.de\/west\/weniger-raser-und-laerm-in-stuttgart-west\/"},"wordCount":354,"commentCount":1,"image":{"@id":"https:\/\/gruene-ov-stuttgart.de\/west\/weniger-raser-und-laerm-in-stuttgart-west\/#primaryimage"},"thumbnailUrl":"https:\/\/gruene-ov-stuttgart.de\/west\/wp-content\/uploads\/2020\/01\/zone-30-3421625_1920.jpg","articleSection":["Bezirksbeirat","Positionen"],"inLanguage":"de","potentialAction":[{"@type":"CommentAction","name":"Comment","target":["https:\/\/gruene-ov-stuttgart.de\/west\/weniger-raser-und-laerm-in-stuttgart-west\/#respond"]}]},{"@type":"WebPage","@id":"https:\/\/gruene-ov-stuttgart.de\/west\/weniger-raser-und-laerm-in-stuttgart-west\/","url":"https:\/\/gruene-ov-stuttgart.de\/west\/weniger-raser-und-laerm-in-stuttgart-west\/","name":"Weniger Raser und L\u00e4rm in Stuttgart-West - Gr\u00fcne Stuttgart West","isPartOf":{"@id":"https:\/\/gruene-ov-stuttgart.de\/west\/#website"},"primaryImageOfPage":{"@id":"https:\/\/gruene-ov-stuttgart.de\/west\/weniger-raser-und-laerm-in-stuttgart-west\/#primaryimage"},"image":{"@id":"https:\/\/gruene-ov-stuttgart.de\/west\/weniger-raser-und-laerm-in-stuttgart-west\/#primaryimage"},"thumbnailUrl":"https:\/\/gruene-ov-stuttgart.de\/west\/wp-content\/uploads\/2020\/01\/zone-30-3421625_1920.jpg","datePublished":"2020-01-30T07:22:23+00:00","dateModified":"2023-01-04T16:07:25+00:00","author":{"@id":"https:\/\/gruene-ov-stuttgart.de\/west\/#\/schema\/person\/2cbc769846ce82c89e96ccc535bc0e6a"},"breadcrumb":{"@id":"https:\/\/gruene-ov-stuttgart.de\/west\/weniger-raser-und-laerm-in-stuttgart-west\/#breadcrumb"},"inLanguage":"de","potentialAction":[{"@type":"ReadAction","target":["https:\/\/gruene-ov-stuttgart.de\/west\/weniger-raser-und-laerm-in-stuttgart-west\/"]}]},{"@type":"ImageObject","inLanguage":"de","@id":"https:\/\/gruene-ov-stuttgart.de\/west\/weniger-raser-und-laerm-in-stuttgart-west\/#primaryimage","url":"https:\/\/gruene-ov-stuttgart.de\/west\/wp-content\/uploads\/2020\/01\/zone-30-3421625_1920.jpg","contentUrl":"https:\/\/gruene-ov-stuttgart.de\/west\/wp-content\/uploads\/2020\/01\/zone-30-3421625_1920.jpg","width":1920,"height":1248},{"@type":"BreadcrumbList","@id":"https:\/\/gruene-ov-stuttgart.de\/west\/weniger-raser-und-laerm-in-stuttgart-west\/#breadcrumb","itemListElement":[{"@type":"ListItem","position":1,"name":"Startseite","item":"https:\/\/gruene-ov-stuttgart.de\/west\/"},{"@type":"ListItem","position":2,"name":"Weniger Raser und L\u00e4rm in Stuttgart-West"}]},{"@type":"WebSite","@id":"https:\/\/gruene-ov-stuttgart.de\/west\/#website","url":"https:\/\/gruene-ov-stuttgart.de\/west\/","name":"Gr\u00fcne Stuttgart West","description":"B\u00fcndnis 90\/DIE GR\u00dcNEN im Stuttgarter Westen","potentialAction":[{"@type":"SearchAction","target":{"@type":"EntryPoint","urlTemplate":"https:\/\/gruene-ov-stuttgart.de\/west\/?s={search_term_string}"},"query-input":{"@type":"PropertyValueSpecification","valueRequired":true,"valueName":"search_term_string"}}],"inLanguage":"de"},{"@type":"Person","@id":"https:\/\/gruene-ov-stuttgart.de\/west\/#\/schema\/person\/2cbc769846ce82c89e96ccc535bc0e6a","name":"Sebastian Karl","image":{"@type":"ImageObject","inLanguage":"de","@id":"https:\/\/secure.gravatar.com\/avatar\/a62317dc7b94535895b9ae945d946c611667d6b85de2a5c6f4224abb83348e48?s=96&d=wavatar&r=g","url":"https:\/\/secure.gravatar.com\/avatar\/a62317dc7b94535895b9ae945d946c611667d6b85de2a5c6f4224abb83348e48?s=96&d=wavatar&r=g","contentUrl":"https:\/\/secure.gravatar.com\/avatar\/a62317dc7b94535895b9ae945d946c611667d6b85de2a5c6f4224abb83348e48?s=96&d=wavatar&r=g","caption":"Sebastian Karl"},"url":"https:\/\/gruene-ov-stuttgart.de\/west\/author\/sebastian\/"}]}},"_links":{"self":[{"href":"https:\/\/gruene-ov-stuttgart.de\/west\/wp-json\/wp\/v2\/posts\/382","targetHints":{"allow":["GET"]}}],"collection":[{"href":"https:\/\/gruene-ov-stuttgart.de\/west\/wp-json\/wp\/v2\/posts"}],"about":[{"href":"https:\/\/gruene-ov-stuttgart.de\/west\/wp-json\/wp\/v2\/types\/post"}],"author":[{"embeddable":true,"href":"https:\/\/gruene-ov-stuttgart.de\/west\/wp-json\/wp\/v2\/users\/7"}],"replies":[{"embeddable":true,"href":"https:\/\/gruene-ov-stuttgart.de\/west\/wp-json\/wp\/v2\/comments?post=382"}],"version-history":[{"count":3,"href":"https:\/\/gruene-ov-stuttgart.de\/west\/wp-json\/wp\/v2\/posts\/382\/revisions"}],"predecessor-version":[{"id":387,"href":"https:\/\/gruene-ov-stuttgart.de\/west\/wp-json\/wp\/v2\/posts\/382\/revisions\/387"}],"wp:featuredmedia":[{"embeddable":true,"href":"https:\/\/gruene-ov-stuttgart.de\/west\/wp-json\/wp\/v2\/media\/385"}],"wp:attachment":[{"href":"https:\/\/gruene-ov-stuttgart.de\/west\/wp-json\/wp\/v2\/media?parent=382"}],"wp:term":[{"taxonomy":"category","embeddable":true,"href":"https:\/\/gruene-ov-stuttgart.de\/west\/wp-json\/wp\/v2\/categories?post=382"},{"taxonomy":"post_tag","embeddable":true,"href":"https:\/\/gruene-ov-stuttgart.de\/west\/wp-json\/wp\/v2\/tags?post=382"}],"curies":[{"name":"wp","href":"https:\/\/api.w.org\/{rel}","templated":true}]}}