{"id":400,"date":"2020-03-09T09:09:57","date_gmt":"2020-03-09T08:09:57","guid":{"rendered":"http:\/\/gruene-ov-stuttgart.de\/west\/?p=400"},"modified":"2023-01-04T17:08:34","modified_gmt":"2023-01-04T16:08:34","slug":"fruehjahrsempfang-wird-verschoben","status":"publish","type":"post","link":"https:\/\/gruene-ov-stuttgart.de\/west\/fruehjahrsempfang-wird-verschoben\/","title":{"rendered":"Fr\u00fchjahrsempfang wird verschoben"},"content":{"rendered":"\n<p>Der f\u00fcr den 10. M\u00e4rz geplante Fr\u00fchjahrsempfang von B\u00fcndnis 90\/Die Gr\u00fcnen im Stuttgarter Westen wird verschoben. Es handelt sich dabei um eine reine Vorsichtsma\u00dfnahme. Das aktuelle Risiko aufgrund des neuartigen Coronavirus wird vom Robert Koch-Institut weiterhin nur als m\u00e4\u00dfig eingestuft. Trotzdem sind zahlreiche Menschen derzeit vorsichtig und meiden gr\u00f6\u00dfere \u00f6ffentliche Veranstaltungen. Durch die Verschiebung soll m\u00f6glichst vielen Menschen aus dem Stuttgarter Westen die M\u00f6glichkeit gegeben werden, an dem Empfang teilzunehmen. Ein neues Datum f\u00fcr die Veranstaltung wird baldm\u00f6glichst bekannt gegeben. <\/p>\n","protected":false},"excerpt":{"rendered":"<p>Der f\u00fcr den 10. M\u00e4rz geplante Fr\u00fchjahrsempfang von B\u00fcndnis 90\/Die Gr\u00fcnen im Stuttgarter Westen wird verschoben. Es handelt sich dabei um eine reine Vorsichtsma\u00dfnahme. Das aktuelle Risiko aufgrund des neuartigen [&hellip;]<\/p>\n","protected":false},"author":-1,"featured_media":399,"comment_status":"open","ping_status":"open","sticky":false,"template":"","format":"standard","meta":{"footnotes":"","beyondwords_generate_audio":"","beyondwords_integration_method":"","beyondwords_project_id":"","beyondwords_content_id":"","beyondwords_preview_token":"","beyondwords_player_content":"","beyondwords_player_style":"","beyondwords_language_code":"","beyondwords_language_id":"","beyondwords_title_voice_id":"","beyondwords_body_voice_id":"","beyondwords_summary_voice_id":"","beyondwords_error_message":"","beyondwords_disabled":"","beyondwords_delete_content":"","beyondwords_podcast_id":"","beyondwords_hash":"","publish_post_to_speechkit":"","speechkit_hash":"","speechkit_generate_audio":"","speechkit_project_id":"","speechkit_podcast_id":"","speechkit_error_message":"","speechkit_disabled":"","speechkit_access_key":"","speechkit_error":"","speechkit_info":"","speechkit_response":"","speechkit_retries":"","speechkit_status":"","speechkit_updated_at":"","_speechkit_link":"","_speechkit_text":""},"categories":[10],"tags":[],"class_list":["post-400","post","type-post","status-publish","format-standard","has-post-thumbnail","hentry","category-bezirksbeirat"],"yoast_head":"<!-- This site is optimized with the Yoast SEO plugin v27.5 - https:\/\/yoast.com\/product\/yoast-seo-wordpress\/ -->\n<title>Fr\u00fchjahrsempfang wird verschoben - Gr\u00fcne Stuttgart West<\/title>\n<meta name=\"robots\" content=\"index, follow, max-snippet:-1, max-image-preview:large, max-video-preview:-1\" \/>\n<link rel=\"canonical\" href=\"https:\/\/gruene-ov-stuttgart.de\/west\/fruehjahrsempfang-wird-verschoben\/\" \/>\n<meta property=\"og:locale\" content=\"de_DE\" \/>\n<meta property=\"og:type\" content=\"article\" \/>\n<meta property=\"og:title\" content=\"Fr\u00fchjahrsempfang wird verschoben - Gr\u00fcne Stuttgart West\" \/>\n<meta property=\"og:description\" content=\"Der f\u00fcr den 10. M\u00e4rz geplante Fr\u00fchjahrsempfang von B\u00fcndnis 90\/Die Gr\u00fcnen im Stuttgarter Westen wird verschoben. Es handelt sich dabei um eine reine Vorsichtsma\u00dfnahme. Das aktuelle Risiko aufgrund des neuartigen [&hellip;]\" \/>\n<meta property=\"og:url\" content=\"https:\/\/gruene-ov-stuttgart.de\/west\/fruehjahrsempfang-wird-verschoben\/\" \/>\n<meta property=\"og:site_name\" content=\"Gr\u00fcne Stuttgart West\" \/>\n<meta property=\"article:published_time\" content=\"2020-03-09T08:09:57+00:00\" \/>\n<meta property=\"article:modified_time\" content=\"2023-01-04T16:08:34+00:00\" \/>\n<meta property=\"og:image\" content=\"https:\/\/gruene-ov-stuttgart.de\/west\/wp-content\/uploads\/2020\/03\/exclamation-point-1421016_1920.png\" \/>\n\t<meta property=\"og:image:width\" content=\"1853\" \/>\n\t<meta property=\"og:image:height\" content=\"1920\" \/>\n\t<meta property=\"og:image:type\" content=\"image\/png\" \/>\n<meta name=\"author\" content=\"Sebastian Karl\" \/>\n<meta name=\"twitter:card\" content=\"summary_large_image\" \/>\n<script type=\"application\/ld+json\" class=\"yoast-schema-graph\">{\"@context\":\"https:\\\/\\\/schema.org\",\"@graph\":[{\"@type\":\"Article\",\"@id\":\"https:\\\/\\\/gruene-ov-stuttgart.de\\\/west\\\/fruehjahrsempfang-wird-verschoben\\\/#article\",\"isPartOf\":{\"@id\":\"https:\\\/\\\/gruene-ov-stuttgart.de\\\/west\\\/fruehjahrsempfang-wird-verschoben\\\/\"},\"author\":{\"name\":\"Sebastian Karl\",\"@id\":\"https:\\\/\\\/gruene-ov-stuttgart.de\\\/west\\\/#\\\/schema\\\/person\\\/2cbc769846ce82c89e96ccc535bc0e6a\"},\"headline\":\"Fr\u00fchjahrsempfang wird verschoben\",\"datePublished\":\"2020-03-09T08:09:57+00:00\",\"dateModified\":\"2023-01-04T16:08:34+00:00\",\"mainEntityOfPage\":{\"@id\":\"https:\\\/\\\/gruene-ov-stuttgart.de\\\/west\\\/fruehjahrsempfang-wird-verschoben\\\/\"},\"wordCount\":95,\"commentCount\":0,\"image\":{\"@id\":\"https:\\\/\\\/gruene-ov-stuttgart.de\\\/west\\\/fruehjahrsempfang-wird-verschoben\\\/#primaryimage\"},\"thumbnailUrl\":\"https:\\\/\\\/gruene-ov-stuttgart.de\\\/west\\\/wp-content\\\/uploads\\\/2020\\\/03\\\/exclamation-point-1421016_1920.png\",\"articleSection\":[\"Bezirksbeirat\"],\"inLanguage\":\"de\",\"potentialAction\":[{\"@type\":\"CommentAction\",\"name\":\"Comment\",\"target\":[\"https:\\\/\\\/gruene-ov-stuttgart.de\\\/west\\\/fruehjahrsempfang-wird-verschoben\\\/#respond\"]}]},{\"@type\":\"WebPage\",\"@id\":\"https:\\\/\\\/gruene-ov-stuttgart.de\\\/west\\\/fruehjahrsempfang-wird-verschoben\\\/\",\"url\":\"https:\\\/\\\/gruene-ov-stuttgart.de\\\/west\\\/fruehjahrsempfang-wird-verschoben\\\/\",\"name\":\"Fr\u00fchjahrsempfang wird verschoben - Gr\u00fcne Stuttgart West\",\"isPartOf\":{\"@id\":\"https:\\\/\\\/gruene-ov-stuttgart.de\\\/west\\\/#website\"},\"primaryImageOfPage\":{\"@id\":\"https:\\\/\\\/gruene-ov-stuttgart.de\\\/west\\\/fruehjahrsempfang-wird-verschoben\\\/#primaryimage\"},\"image\":{\"@id\":\"https:\\\/\\\/gruene-ov-stuttgart.de\\\/west\\\/fruehjahrsempfang-wird-verschoben\\\/#primaryimage\"},\"thumbnailUrl\":\"https:\\\/\\\/gruene-ov-stuttgart.de\\\/west\\\/wp-content\\\/uploads\\\/2020\\\/03\\\/exclamation-point-1421016_1920.png\",\"datePublished\":\"2020-03-09T08:09:57+00:00\",\"dateModified\":\"2023-01-04T16:08:34+00:00\",\"author\":{\"@id\":\"https:\\\/\\\/gruene-ov-stuttgart.de\\\/west\\\/#\\\/schema\\\/person\\\/2cbc769846ce82c89e96ccc535bc0e6a\"},\"breadcrumb\":{\"@id\":\"https:\\\/\\\/gruene-ov-stuttgart.de\\\/west\\\/fruehjahrsempfang-wird-verschoben\\\/#breadcrumb\"},\"inLanguage\":\"de\",\"potentialAction\":[{\"@type\":\"ReadAction\",\"target\":[\"https:\\\/\\\/gruene-ov-stuttgart.de\\\/west\\\/fruehjahrsempfang-wird-verschoben\\\/\"]}]},{\"@type\":\"ImageObject\",\"inLanguage\":\"de\",\"@id\":\"https:\\\/\\\/gruene-ov-stuttgart.de\\\/west\\\/fruehjahrsempfang-wird-verschoben\\\/#primaryimage\",\"url\":\"https:\\\/\\\/gruene-ov-stuttgart.de\\\/west\\\/wp-content\\\/uploads\\\/2020\\\/03\\\/exclamation-point-1421016_1920.png\",\"contentUrl\":\"https:\\\/\\\/gruene-ov-stuttgart.de\\\/west\\\/wp-content\\\/uploads\\\/2020\\\/03\\\/exclamation-point-1421016_1920.png\",\"width\":1853,\"height\":1920},{\"@type\":\"BreadcrumbList\",\"@id\":\"https:\\\/\\\/gruene-ov-stuttgart.de\\\/west\\\/fruehjahrsempfang-wird-verschoben\\\/#breadcrumb\",\"itemListElement\":[{\"@type\":\"ListItem\",\"position\":1,\"name\":\"Startseite\",\"item\":\"https:\\\/\\\/gruene-ov-stuttgart.de\\\/west\\\/\"},{\"@type\":\"ListItem\",\"position\":2,\"name\":\"Fr\u00fchjahrsempfang wird verschoben\"}]},{\"@type\":\"WebSite\",\"@id\":\"https:\\\/\\\/gruene-ov-stuttgart.de\\\/west\\\/#website\",\"url\":\"https:\\\/\\\/gruene-ov-stuttgart.de\\\/west\\\/\",\"name\":\"Gr\u00fcne Stuttgart West\",\"description\":\"B\u00fcndnis 90\\\/DIE GR\u00dcNEN im Stuttgarter Westen\",\"potentialAction\":[{\"@type\":\"SearchAction\",\"target\":{\"@type\":\"EntryPoint\",\"urlTemplate\":\"https:\\\/\\\/gruene-ov-stuttgart.de\\\/west\\\/?s={search_term_string}\"},\"query-input\":{\"@type\":\"PropertyValueSpecification\",\"valueRequired\":true,\"valueName\":\"search_term_string\"}}],\"inLanguage\":\"de\"},{\"@type\":\"Person\",\"@id\":\"https:\\\/\\\/gruene-ov-stuttgart.de\\\/west\\\/#\\\/schema\\\/person\\\/2cbc769846ce82c89e96ccc535bc0e6a\",\"name\":\"Sebastian Karl\",\"image\":{\"@type\":\"ImageObject\",\"inLanguage\":\"de\",\"@id\":\"https:\\\/\\\/secure.gravatar.com\\\/avatar\\\/a62317dc7b94535895b9ae945d946c611667d6b85de2a5c6f4224abb83348e48?s=96&d=wavatar&r=g\",\"url\":\"https:\\\/\\\/secure.gravatar.com\\\/avatar\\\/a62317dc7b94535895b9ae945d946c611667d6b85de2a5c6f4224abb83348e48?s=96&d=wavatar&r=g\",\"contentUrl\":\"https:\\\/\\\/secure.gravatar.com\\\/avatar\\\/a62317dc7b94535895b9ae945d946c611667d6b85de2a5c6f4224abb83348e48?s=96&d=wavatar&r=g\",\"caption\":\"Sebastian Karl\"},\"url\":\"https:\\\/\\\/gruene-ov-stuttgart.de\\\/west\\\/author\\\/sebastian\\\/\"}]}<\/script>\n<!-- \/ Yoast SEO plugin. -->","yoast_head_json":{"title":"Fr\u00fchjahrsempfang wird verschoben - Gr\u00fcne Stuttgart West","robots":{"index":"index","follow":"follow","max-snippet":"max-snippet:-1","max-image-preview":"max-image-preview:large","max-video-preview":"max-video-preview:-1"},"canonical":"https:\/\/gruene-ov-stuttgart.de\/west\/fruehjahrsempfang-wird-verschoben\/","og_locale":"de_DE","og_type":"article","og_title":"Fr\u00fchjahrsempfang wird verschoben - Gr\u00fcne Stuttgart West","og_description":"Der f\u00fcr den 10. M\u00e4rz geplante Fr\u00fchjahrsempfang von B\u00fcndnis 90\/Die Gr\u00fcnen im Stuttgarter Westen wird verschoben. Es handelt sich dabei um eine reine Vorsichtsma\u00dfnahme. Das aktuelle Risiko aufgrund des neuartigen [&hellip;]","og_url":"https:\/\/gruene-ov-stuttgart.de\/west\/fruehjahrsempfang-wird-verschoben\/","og_site_name":"Gr\u00fcne Stuttgart West","article_published_time":"2020-03-09T08:09:57+00:00","article_modified_time":"2023-01-04T16:08:34+00:00","og_image":[{"width":1853,"height":1920,"url":"https:\/\/gruene-ov-stuttgart.de\/west\/wp-content\/uploads\/2020\/03\/exclamation-point-1421016_1920.png","type":"image\/png"}],"author":"Sebastian Karl","twitter_card":"summary_large_image","schema":{"@context":"https:\/\/schema.org","@graph":[{"@type":"Article","@id":"https:\/\/gruene-ov-stuttgart.de\/west\/fruehjahrsempfang-wird-verschoben\/#article","isPartOf":{"@id":"https:\/\/gruene-ov-stuttgart.de\/west\/fruehjahrsempfang-wird-verschoben\/"},"author":{"name":"Sebastian Karl","@id":"https:\/\/gruene-ov-stuttgart.de\/west\/#\/schema\/person\/2cbc769846ce82c89e96ccc535bc0e6a"},"headline":"Fr\u00fchjahrsempfang wird verschoben","datePublished":"2020-03-09T08:09:57+00:00","dateModified":"2023-01-04T16:08:34+00:00","mainEntityOfPage":{"@id":"https:\/\/gruene-ov-stuttgart.de\/west\/fruehjahrsempfang-wird-verschoben\/"},"wordCount":95,"commentCount":0,"image":{"@id":"https:\/\/gruene-ov-stuttgart.de\/west\/fruehjahrsempfang-wird-verschoben\/#primaryimage"},"thumbnailUrl":"https:\/\/gruene-ov-stuttgart.de\/west\/wp-content\/uploads\/2020\/03\/exclamation-point-1421016_1920.png","articleSection":["Bezirksbeirat"],"inLanguage":"de","potentialAction":[{"@type":"CommentAction","name":"Comment","target":["https:\/\/gruene-ov-stuttgart.de\/west\/fruehjahrsempfang-wird-verschoben\/#respond"]}]},{"@type":"WebPage","@id":"https:\/\/gruene-ov-stuttgart.de\/west\/fruehjahrsempfang-wird-verschoben\/","url":"https:\/\/gruene-ov-stuttgart.de\/west\/fruehjahrsempfang-wird-verschoben\/","name":"Fr\u00fchjahrsempfang wird verschoben - Gr\u00fcne Stuttgart West","isPartOf":{"@id":"https:\/\/gruene-ov-stuttgart.de\/west\/#website"},"primaryImageOfPage":{"@id":"https:\/\/gruene-ov-stuttgart.de\/west\/fruehjahrsempfang-wird-verschoben\/#primaryimage"},"image":{"@id":"https:\/\/gruene-ov-stuttgart.de\/west\/fruehjahrsempfang-wird-verschoben\/#primaryimage"},"thumbnailUrl":"https:\/\/gruene-ov-stuttgart.de\/west\/wp-content\/uploads\/2020\/03\/exclamation-point-1421016_1920.png","datePublished":"2020-03-09T08:09:57+00:00","dateModified":"2023-01-04T16:08:34+00:00","author":{"@id":"https:\/\/gruene-ov-stuttgart.de\/west\/#\/schema\/person\/2cbc769846ce82c89e96ccc535bc0e6a"},"breadcrumb":{"@id":"https:\/\/gruene-ov-stuttgart.de\/west\/fruehjahrsempfang-wird-verschoben\/#breadcrumb"},"inLanguage":"de","potentialAction":[{"@type":"ReadAction","target":["https:\/\/gruene-ov-stuttgart.de\/west\/fruehjahrsempfang-wird-verschoben\/"]}]},{"@type":"ImageObject","inLanguage":"de","@id":"https:\/\/gruene-ov-stuttgart.de\/west\/fruehjahrsempfang-wird-verschoben\/#primaryimage","url":"https:\/\/gruene-ov-stuttgart.de\/west\/wp-content\/uploads\/2020\/03\/exclamation-point-1421016_1920.png","contentUrl":"https:\/\/gruene-ov-stuttgart.de\/west\/wp-content\/uploads\/2020\/03\/exclamation-point-1421016_1920.png","width":1853,"height":1920},{"@type":"BreadcrumbList","@id":"https:\/\/gruene-ov-stuttgart.de\/west\/fruehjahrsempfang-wird-verschoben\/#breadcrumb","itemListElement":[{"@type":"ListItem","position":1,"name":"Startseite","item":"https:\/\/gruene-ov-stuttgart.de\/west\/"},{"@type":"ListItem","position":2,"name":"Fr\u00fchjahrsempfang wird verschoben"}]},{"@type":"WebSite","@id":"https:\/\/gruene-ov-stuttgart.de\/west\/#website","url":"https:\/\/gruene-ov-stuttgart.de\/west\/","name":"Gr\u00fcne Stuttgart West","description":"B\u00fcndnis 90\/DIE GR\u00dcNEN im Stuttgarter Westen","potentialAction":[{"@type":"SearchAction","target":{"@type":"EntryPoint","urlTemplate":"https:\/\/gruene-ov-stuttgart.de\/west\/?s={search_term_string}"},"query-input":{"@type":"PropertyValueSpecification","valueRequired":true,"valueName":"search_term_string"}}],"inLanguage":"de"},{"@type":"Person","@id":"https:\/\/gruene-ov-stuttgart.de\/west\/#\/schema\/person\/2cbc769846ce82c89e96ccc535bc0e6a","name":"Sebastian Karl","image":{"@type":"ImageObject","inLanguage":"de","@id":"https:\/\/secure.gravatar.com\/avatar\/a62317dc7b94535895b9ae945d946c611667d6b85de2a5c6f4224abb83348e48?s=96&d=wavatar&r=g","url":"https:\/\/secure.gravatar.com\/avatar\/a62317dc7b94535895b9ae945d946c611667d6b85de2a5c6f4224abb83348e48?s=96&d=wavatar&r=g","contentUrl":"https:\/\/secure.gravatar.com\/avatar\/a62317dc7b94535895b9ae945d946c611667d6b85de2a5c6f4224abb83348e48?s=96&d=wavatar&r=g","caption":"Sebastian Karl"},"url":"https:\/\/gruene-ov-stuttgart.de\/west\/author\/sebastian\/"}]}},"_links":{"self":[{"href":"https:\/\/gruene-ov-stuttgart.de\/west\/wp-json\/wp\/v2\/posts\/400","targetHints":{"allow":["GET"]}}],"collection":[{"href":"https:\/\/gruene-ov-stuttgart.de\/west\/wp-json\/wp\/v2\/posts"}],"about":[{"href":"https:\/\/gruene-ov-stuttgart.de\/west\/wp-json\/wp\/v2\/types\/post"}],"author":[{"embeddable":true,"href":"https:\/\/gruene-ov-stuttgart.de\/west\/wp-json\/wp\/v2\/users\/7"}],"replies":[{"embeddable":true,"href":"https:\/\/gruene-ov-stuttgart.de\/west\/wp-json\/wp\/v2\/comments?post=400"}],"version-history":[{"count":2,"href":"https:\/\/gruene-ov-stuttgart.de\/west\/wp-json\/wp\/v2\/posts\/400\/revisions"}],"predecessor-version":[{"id":402,"href":"https:\/\/gruene-ov-stuttgart.de\/west\/wp-json\/wp\/v2\/posts\/400\/revisions\/402"}],"wp:featuredmedia":[{"embeddable":true,"href":"https:\/\/gruene-ov-stuttgart.de\/west\/wp-json\/wp\/v2\/media\/399"}],"wp:attachment":[{"href":"https:\/\/gruene-ov-stuttgart.de\/west\/wp-json\/wp\/v2\/media?parent=400"}],"wp:term":[{"taxonomy":"category","embeddable":true,"href":"https:\/\/gruene-ov-stuttgart.de\/west\/wp-json\/wp\/v2\/categories?post=400"},{"taxonomy":"post_tag","embeddable":true,"href":"https:\/\/gruene-ov-stuttgart.de\/west\/wp-json\/wp\/v2\/tags?post=400"}],"curies":[{"name":"wp","href":"https:\/\/api.w.org\/{rel}","templated":true}]}}