{"id":590,"date":"2021-03-10T17:46:52","date_gmt":"2021-03-10T16:46:52","guid":{"rendered":"http:\/\/gruene-ov-stuttgart.de\/west\/?p=590"},"modified":"2023-01-04T17:09:50","modified_gmt":"2023-01-04T16:09:50","slug":"ein-inklusiver-kinderspielplatz-fuer-stuttgart-west","status":"publish","type":"post","link":"https:\/\/gruene-ov-stuttgart.de\/west\/ein-inklusiver-kinderspielplatz-fuer-stuttgart-west\/","title":{"rendered":"Ein inklusiver Kinderspielplatz f\u00fcr Stuttgart West"},"content":{"rendered":"\n<p><strong>Auf Antrag von B\u00dcNDNIS 90\/DIE GR\u00dcNEN im Bezirksbeirat West beantragt das Garten-, Friedhofs- und Forstamt die erforderlichen Mittel zur Planung und Errichtung eines inklusiven Spielplatzes in Stuttgart West zum Doppelhaushalt 2022\/23. Es ist vorgesehen, den Spielplatz Hasenberg-\/Breitscheidstra\u00dfe umzugestalten.<\/strong><\/p>\n\n\n\n<p>Der Spielplatz Hasenberg-\/Breitscheidstra\u00dfe soll zu einem inklusiven Kinderspielplatz umgestaltet werden. Das Garten-, Friedhofs- und Forstamt beantragt die daf\u00fcr erforderlichen Mittel zur Planung und Errichtung auf Antrag von B\u00dcNDNIS 90\/DIE GR\u00dcNEN im Bezirksbeirat West zum Doppelhaushalt 2022\/23. Der Antrag wurde im Bezirksbeirat am 02.02.2021 einstimmig beschlossen.<\/p>\n\n\n\n<p>Der Stuttgarter Westen ist ein kinderreicher Stadtbezirk mit generell fehlenden Spielm\u00f6glichkeiten und es gibt keinen inklusiven Spielplatz. Es ist an der Zeit dies zu \u00e4ndern. Deshalb haben B\u00dcNDNIS 90\/DIE GR\u00dcNEN im Bezirksbeirat West bereits am 29.09.2020 die Errichtung eines inklusiven Kinderspielplatzes in Stuttgart West beantragt.<\/p>\n\n\n\n<p>Am 4. M\u00e4rz 2020 bekam die Landeshauptstadt Stuttgart das Siegel \u201eKinderfreundliche Kommune\u201c. In der weiteren Umsetzung des Projekts sind viele Handlungsfelder zur St\u00e4rkung der Kinderfreundlichkeit benannt und teilweise umgesetzt. Im Zweiten Statusbericht zur Umsetzung der Konzeption Kinderfreundliches Stuttgart 2015-2020 sind in den Handlungsempfehlungen explizit Ma\u00dfnahmen und Konzepte zur Verbesserung von barrierefreien Spielpl\u00e4tzen f\u00fcr Kinder mit Behinderung benannt und dies soll auch bei der Fortschreibung des Spielfl\u00e4chenleitplans ber\u00fccksichtigt werden. Es freut uns sehr, dass das Garten, Friedhofs- und Forstamt die zus\u00e4tzlich erforderlichen Mittel im kommenden Doppelhaushalt 2022\/23 beantragen wird, um im Stuttgarter Westen den ersten inklusiven Spelplatz aus \u00f6ffentlicher Hand umzusetzen. Das ist ein hoffnungsvoller Schritt in Richtung eines weiteren Ausbaus zu mehr Inklusion und Teilhabe. Unser Ziel ist es langfristig, dass jeder Spielplatz einige Spielger\u00e4te aufweist, die von Kindern mit ihren unterschiedlichen Bed\u00fcrfnissen genutzt werden k\u00f6nnen, damit aus Exklusion Inklusion wird.<\/p>\n","protected":false},"excerpt":{"rendered":"<p>Auf Antrag von B\u00dcNDNIS 90\/DIE GR\u00dcNEN im Bezirksbeirat West beantragt das Garten-, Friedhofs- und Forstamt die erforderlichen Mittel zur Planung und Errichtung eines inklusiven Spielplatzes in Stuttgart West zum Doppelhaushalt [&hellip;]<\/p>\n","protected":false},"author":-1,"featured_media":592,"comment_status":"open","ping_status":"open","sticky":false,"template":"","format":"standard","meta":{"footnotes":"","beyondwords_generate_audio":"","beyondwords_integration_method":"","beyondwords_project_id":"","beyondwords_content_id":"","beyondwords_preview_token":"","beyondwords_player_content":"","beyondwords_player_style":"","beyondwords_language_code":"","beyondwords_language_id":"","beyondwords_title_voice_id":"","beyondwords_body_voice_id":"","beyondwords_summary_voice_id":"","beyondwords_error_message":"","beyondwords_disabled":"","beyondwords_delete_content":"","beyondwords_podcast_id":"","beyondwords_hash":"","publish_post_to_speechkit":"","speechkit_hash":"","speechkit_generate_audio":"","speechkit_project_id":"","speechkit_podcast_id":"","speechkit_error_message":"","speechkit_disabled":"","speechkit_access_key":"","speechkit_error":"","speechkit_info":"","speechkit_response":"","speechkit_retries":"","speechkit_status":"","speechkit_updated_at":"","_speechkit_link":"","_speechkit_text":""},"categories":[1,10],"tags":[],"class_list":["post-590","post","type-post","status-publish","format-standard","has-post-thumbnail","hentry","category-aktuelles","category-bezirksbeirat"],"yoast_head":"<!-- This site is optimized with the Yoast SEO plugin v27.5 - https:\/\/yoast.com\/product\/yoast-seo-wordpress\/ -->\n<title>Ein inklusiver Kinderspielplatz f\u00fcr Stuttgart West - Gr\u00fcne Stuttgart West<\/title>\n<meta name=\"robots\" content=\"index, follow, max-snippet:-1, max-image-preview:large, max-video-preview:-1\" \/>\n<link rel=\"canonical\" href=\"https:\/\/gruene-ov-stuttgart.de\/west\/ein-inklusiver-kinderspielplatz-fuer-stuttgart-west\/\" \/>\n<meta property=\"og:locale\" content=\"de_DE\" \/>\n<meta property=\"og:type\" content=\"article\" \/>\n<meta property=\"og:title\" content=\"Ein inklusiver Kinderspielplatz f\u00fcr Stuttgart West - Gr\u00fcne Stuttgart West\" \/>\n<meta property=\"og:description\" content=\"Auf Antrag von B\u00dcNDNIS 90\/DIE GR\u00dcNEN im Bezirksbeirat West beantragt das Garten-, Friedhofs- und Forstamt die erforderlichen Mittel zur Planung und Errichtung eines inklusiven Spielplatzes in Stuttgart West zum Doppelhaushalt [&hellip;]\" \/>\n<meta property=\"og:url\" content=\"https:\/\/gruene-ov-stuttgart.de\/west\/ein-inklusiver-kinderspielplatz-fuer-stuttgart-west\/\" \/>\n<meta property=\"og:site_name\" content=\"Gr\u00fcne Stuttgart West\" \/>\n<meta property=\"article:published_time\" content=\"2021-03-10T16:46:52+00:00\" \/>\n<meta property=\"article:modified_time\" content=\"2023-01-04T16:09:50+00:00\" \/>\n<meta property=\"og:image\" content=\"https:\/\/gruene-ov-stuttgart.de\/west\/wp-content\/uploads\/2021\/03\/thorsten-bareuther-bH8-gLWaDRQ-unsplash-scaled.jpg\" \/>\n\t<meta property=\"og:image:width\" content=\"2560\" \/>\n\t<meta property=\"og:image:height\" content=\"1747\" \/>\n\t<meta property=\"og:image:type\" content=\"image\/jpeg\" \/>\n<meta name=\"author\" content=\"Sebastian Karl\" \/>\n<meta name=\"twitter:card\" content=\"summary_large_image\" \/>\n<script type=\"application\/ld+json\" class=\"yoast-schema-graph\">{\"@context\":\"https:\\\/\\\/schema.org\",\"@graph\":[{\"@type\":\"Article\",\"@id\":\"https:\\\/\\\/gruene-ov-stuttgart.de\\\/west\\\/ein-inklusiver-kinderspielplatz-fuer-stuttgart-west\\\/#article\",\"isPartOf\":{\"@id\":\"https:\\\/\\\/gruene-ov-stuttgart.de\\\/west\\\/ein-inklusiver-kinderspielplatz-fuer-stuttgart-west\\\/\"},\"author\":{\"name\":\"Sebastian Karl\",\"@id\":\"https:\\\/\\\/gruene-ov-stuttgart.de\\\/west\\\/#\\\/schema\\\/person\\\/2cbc769846ce82c89e96ccc535bc0e6a\"},\"headline\":\"Ein inklusiver Kinderspielplatz f\u00fcr Stuttgart West\",\"datePublished\":\"2021-03-10T16:46:52+00:00\",\"dateModified\":\"2023-01-04T16:09:50+00:00\",\"mainEntityOfPage\":{\"@id\":\"https:\\\/\\\/gruene-ov-stuttgart.de\\\/west\\\/ein-inklusiver-kinderspielplatz-fuer-stuttgart-west\\\/\"},\"wordCount\":292,\"commentCount\":0,\"image\":{\"@id\":\"https:\\\/\\\/gruene-ov-stuttgart.de\\\/west\\\/ein-inklusiver-kinderspielplatz-fuer-stuttgart-west\\\/#primaryimage\"},\"thumbnailUrl\":\"https:\\\/\\\/gruene-ov-stuttgart.de\\\/west\\\/wp-content\\\/uploads\\\/2021\\\/03\\\/thorsten-bareuther-bH8-gLWaDRQ-unsplash-scaled.jpg\",\"articleSection\":[\"Aktuelles\",\"Bezirksbeirat\"],\"inLanguage\":\"de\",\"potentialAction\":[{\"@type\":\"CommentAction\",\"name\":\"Comment\",\"target\":[\"https:\\\/\\\/gruene-ov-stuttgart.de\\\/west\\\/ein-inklusiver-kinderspielplatz-fuer-stuttgart-west\\\/#respond\"]}]},{\"@type\":\"WebPage\",\"@id\":\"https:\\\/\\\/gruene-ov-stuttgart.de\\\/west\\\/ein-inklusiver-kinderspielplatz-fuer-stuttgart-west\\\/\",\"url\":\"https:\\\/\\\/gruene-ov-stuttgart.de\\\/west\\\/ein-inklusiver-kinderspielplatz-fuer-stuttgart-west\\\/\",\"name\":\"Ein inklusiver Kinderspielplatz f\u00fcr Stuttgart West - Gr\u00fcne Stuttgart West\",\"isPartOf\":{\"@id\":\"https:\\\/\\\/gruene-ov-stuttgart.de\\\/west\\\/#website\"},\"primaryImageOfPage\":{\"@id\":\"https:\\\/\\\/gruene-ov-stuttgart.de\\\/west\\\/ein-inklusiver-kinderspielplatz-fuer-stuttgart-west\\\/#primaryimage\"},\"image\":{\"@id\":\"https:\\\/\\\/gruene-ov-stuttgart.de\\\/west\\\/ein-inklusiver-kinderspielplatz-fuer-stuttgart-west\\\/#primaryimage\"},\"thumbnailUrl\":\"https:\\\/\\\/gruene-ov-stuttgart.de\\\/west\\\/wp-content\\\/uploads\\\/2021\\\/03\\\/thorsten-bareuther-bH8-gLWaDRQ-unsplash-scaled.jpg\",\"datePublished\":\"2021-03-10T16:46:52+00:00\",\"dateModified\":\"2023-01-04T16:09:50+00:00\",\"author\":{\"@id\":\"https:\\\/\\\/gruene-ov-stuttgart.de\\\/west\\\/#\\\/schema\\\/person\\\/2cbc769846ce82c89e96ccc535bc0e6a\"},\"breadcrumb\":{\"@id\":\"https:\\\/\\\/gruene-ov-stuttgart.de\\\/west\\\/ein-inklusiver-kinderspielplatz-fuer-stuttgart-west\\\/#breadcrumb\"},\"inLanguage\":\"de\",\"potentialAction\":[{\"@type\":\"ReadAction\",\"target\":[\"https:\\\/\\\/gruene-ov-stuttgart.de\\\/west\\\/ein-inklusiver-kinderspielplatz-fuer-stuttgart-west\\\/\"]}]},{\"@type\":\"ImageObject\",\"inLanguage\":\"de\",\"@id\":\"https:\\\/\\\/gruene-ov-stuttgart.de\\\/west\\\/ein-inklusiver-kinderspielplatz-fuer-stuttgart-west\\\/#primaryimage\",\"url\":\"https:\\\/\\\/gruene-ov-stuttgart.de\\\/west\\\/wp-content\\\/uploads\\\/2021\\\/03\\\/thorsten-bareuther-bH8-gLWaDRQ-unsplash-scaled.jpg\",\"contentUrl\":\"https:\\\/\\\/gruene-ov-stuttgart.de\\\/west\\\/wp-content\\\/uploads\\\/2021\\\/03\\\/thorsten-bareuther-bH8-gLWaDRQ-unsplash-scaled.jpg\",\"width\":2560,\"height\":1747,\"caption\":\"Photo by Thorsten Bareuther on Unsplash\"},{\"@type\":\"BreadcrumbList\",\"@id\":\"https:\\\/\\\/gruene-ov-stuttgart.de\\\/west\\\/ein-inklusiver-kinderspielplatz-fuer-stuttgart-west\\\/#breadcrumb\",\"itemListElement\":[{\"@type\":\"ListItem\",\"position\":1,\"name\":\"Startseite\",\"item\":\"https:\\\/\\\/gruene-ov-stuttgart.de\\\/west\\\/\"},{\"@type\":\"ListItem\",\"position\":2,\"name\":\"Ein inklusiver Kinderspielplatz f\u00fcr Stuttgart West\"}]},{\"@type\":\"WebSite\",\"@id\":\"https:\\\/\\\/gruene-ov-stuttgart.de\\\/west\\\/#website\",\"url\":\"https:\\\/\\\/gruene-ov-stuttgart.de\\\/west\\\/\",\"name\":\"Gr\u00fcne Stuttgart West\",\"description\":\"B\u00fcndnis 90\\\/DIE GR\u00dcNEN im Stuttgarter Westen\",\"potentialAction\":[{\"@type\":\"SearchAction\",\"target\":{\"@type\":\"EntryPoint\",\"urlTemplate\":\"https:\\\/\\\/gruene-ov-stuttgart.de\\\/west\\\/?s={search_term_string}\"},\"query-input\":{\"@type\":\"PropertyValueSpecification\",\"valueRequired\":true,\"valueName\":\"search_term_string\"}}],\"inLanguage\":\"de\"},{\"@type\":\"Person\",\"@id\":\"https:\\\/\\\/gruene-ov-stuttgart.de\\\/west\\\/#\\\/schema\\\/person\\\/2cbc769846ce82c89e96ccc535bc0e6a\",\"name\":\"Sebastian Karl\",\"image\":{\"@type\":\"ImageObject\",\"inLanguage\":\"de\",\"@id\":\"https:\\\/\\\/secure.gravatar.com\\\/avatar\\\/a62317dc7b94535895b9ae945d946c611667d6b85de2a5c6f4224abb83348e48?s=96&d=wavatar&r=g\",\"url\":\"https:\\\/\\\/secure.gravatar.com\\\/avatar\\\/a62317dc7b94535895b9ae945d946c611667d6b85de2a5c6f4224abb83348e48?s=96&d=wavatar&r=g\",\"contentUrl\":\"https:\\\/\\\/secure.gravatar.com\\\/avatar\\\/a62317dc7b94535895b9ae945d946c611667d6b85de2a5c6f4224abb83348e48?s=96&d=wavatar&r=g\",\"caption\":\"Sebastian Karl\"},\"url\":\"https:\\\/\\\/gruene-ov-stuttgart.de\\\/west\\\/author\\\/sebastian\\\/\"}]}<\/script>\n<!-- \/ Yoast SEO plugin. -->","yoast_head_json":{"title":"Ein inklusiver Kinderspielplatz f\u00fcr Stuttgart West - Gr\u00fcne Stuttgart West","robots":{"index":"index","follow":"follow","max-snippet":"max-snippet:-1","max-image-preview":"max-image-preview:large","max-video-preview":"max-video-preview:-1"},"canonical":"https:\/\/gruene-ov-stuttgart.de\/west\/ein-inklusiver-kinderspielplatz-fuer-stuttgart-west\/","og_locale":"de_DE","og_type":"article","og_title":"Ein inklusiver Kinderspielplatz f\u00fcr Stuttgart West - Gr\u00fcne Stuttgart West","og_description":"Auf Antrag von B\u00dcNDNIS 90\/DIE GR\u00dcNEN im Bezirksbeirat West beantragt das Garten-, Friedhofs- und Forstamt die erforderlichen Mittel zur Planung und Errichtung eines inklusiven Spielplatzes in Stuttgart West zum Doppelhaushalt [&hellip;]","og_url":"https:\/\/gruene-ov-stuttgart.de\/west\/ein-inklusiver-kinderspielplatz-fuer-stuttgart-west\/","og_site_name":"Gr\u00fcne Stuttgart West","article_published_time":"2021-03-10T16:46:52+00:00","article_modified_time":"2023-01-04T16:09:50+00:00","og_image":[{"width":2560,"height":1747,"url":"https:\/\/gruene-ov-stuttgart.de\/west\/wp-content\/uploads\/2021\/03\/thorsten-bareuther-bH8-gLWaDRQ-unsplash-scaled.jpg","type":"image\/jpeg"}],"author":"Sebastian Karl","twitter_card":"summary_large_image","schema":{"@context":"https:\/\/schema.org","@graph":[{"@type":"Article","@id":"https:\/\/gruene-ov-stuttgart.de\/west\/ein-inklusiver-kinderspielplatz-fuer-stuttgart-west\/#article","isPartOf":{"@id":"https:\/\/gruene-ov-stuttgart.de\/west\/ein-inklusiver-kinderspielplatz-fuer-stuttgart-west\/"},"author":{"name":"Sebastian Karl","@id":"https:\/\/gruene-ov-stuttgart.de\/west\/#\/schema\/person\/2cbc769846ce82c89e96ccc535bc0e6a"},"headline":"Ein inklusiver Kinderspielplatz f\u00fcr Stuttgart West","datePublished":"2021-03-10T16:46:52+00:00","dateModified":"2023-01-04T16:09:50+00:00","mainEntityOfPage":{"@id":"https:\/\/gruene-ov-stuttgart.de\/west\/ein-inklusiver-kinderspielplatz-fuer-stuttgart-west\/"},"wordCount":292,"commentCount":0,"image":{"@id":"https:\/\/gruene-ov-stuttgart.de\/west\/ein-inklusiver-kinderspielplatz-fuer-stuttgart-west\/#primaryimage"},"thumbnailUrl":"https:\/\/gruene-ov-stuttgart.de\/west\/wp-content\/uploads\/2021\/03\/thorsten-bareuther-bH8-gLWaDRQ-unsplash-scaled.jpg","articleSection":["Aktuelles","Bezirksbeirat"],"inLanguage":"de","potentialAction":[{"@type":"CommentAction","name":"Comment","target":["https:\/\/gruene-ov-stuttgart.de\/west\/ein-inklusiver-kinderspielplatz-fuer-stuttgart-west\/#respond"]}]},{"@type":"WebPage","@id":"https:\/\/gruene-ov-stuttgart.de\/west\/ein-inklusiver-kinderspielplatz-fuer-stuttgart-west\/","url":"https:\/\/gruene-ov-stuttgart.de\/west\/ein-inklusiver-kinderspielplatz-fuer-stuttgart-west\/","name":"Ein inklusiver Kinderspielplatz f\u00fcr Stuttgart West - Gr\u00fcne Stuttgart West","isPartOf":{"@id":"https:\/\/gruene-ov-stuttgart.de\/west\/#website"},"primaryImageOfPage":{"@id":"https:\/\/gruene-ov-stuttgart.de\/west\/ein-inklusiver-kinderspielplatz-fuer-stuttgart-west\/#primaryimage"},"image":{"@id":"https:\/\/gruene-ov-stuttgart.de\/west\/ein-inklusiver-kinderspielplatz-fuer-stuttgart-west\/#primaryimage"},"thumbnailUrl":"https:\/\/gruene-ov-stuttgart.de\/west\/wp-content\/uploads\/2021\/03\/thorsten-bareuther-bH8-gLWaDRQ-unsplash-scaled.jpg","datePublished":"2021-03-10T16:46:52+00:00","dateModified":"2023-01-04T16:09:50+00:00","author":{"@id":"https:\/\/gruene-ov-stuttgart.de\/west\/#\/schema\/person\/2cbc769846ce82c89e96ccc535bc0e6a"},"breadcrumb":{"@id":"https:\/\/gruene-ov-stuttgart.de\/west\/ein-inklusiver-kinderspielplatz-fuer-stuttgart-west\/#breadcrumb"},"inLanguage":"de","potentialAction":[{"@type":"ReadAction","target":["https:\/\/gruene-ov-stuttgart.de\/west\/ein-inklusiver-kinderspielplatz-fuer-stuttgart-west\/"]}]},{"@type":"ImageObject","inLanguage":"de","@id":"https:\/\/gruene-ov-stuttgart.de\/west\/ein-inklusiver-kinderspielplatz-fuer-stuttgart-west\/#primaryimage","url":"https:\/\/gruene-ov-stuttgart.de\/west\/wp-content\/uploads\/2021\/03\/thorsten-bareuther-bH8-gLWaDRQ-unsplash-scaled.jpg","contentUrl":"https:\/\/gruene-ov-stuttgart.de\/west\/wp-content\/uploads\/2021\/03\/thorsten-bareuther-bH8-gLWaDRQ-unsplash-scaled.jpg","width":2560,"height":1747,"caption":"Photo by Thorsten Bareuther on Unsplash"},{"@type":"BreadcrumbList","@id":"https:\/\/gruene-ov-stuttgart.de\/west\/ein-inklusiver-kinderspielplatz-fuer-stuttgart-west\/#breadcrumb","itemListElement":[{"@type":"ListItem","position":1,"name":"Startseite","item":"https:\/\/gruene-ov-stuttgart.de\/west\/"},{"@type":"ListItem","position":2,"name":"Ein inklusiver Kinderspielplatz f\u00fcr Stuttgart West"}]},{"@type":"WebSite","@id":"https:\/\/gruene-ov-stuttgart.de\/west\/#website","url":"https:\/\/gruene-ov-stuttgart.de\/west\/","name":"Gr\u00fcne Stuttgart West","description":"B\u00fcndnis 90\/DIE GR\u00dcNEN im Stuttgarter Westen","potentialAction":[{"@type":"SearchAction","target":{"@type":"EntryPoint","urlTemplate":"https:\/\/gruene-ov-stuttgart.de\/west\/?s={search_term_string}"},"query-input":{"@type":"PropertyValueSpecification","valueRequired":true,"valueName":"search_term_string"}}],"inLanguage":"de"},{"@type":"Person","@id":"https:\/\/gruene-ov-stuttgart.de\/west\/#\/schema\/person\/2cbc769846ce82c89e96ccc535bc0e6a","name":"Sebastian Karl","image":{"@type":"ImageObject","inLanguage":"de","@id":"https:\/\/secure.gravatar.com\/avatar\/a62317dc7b94535895b9ae945d946c611667d6b85de2a5c6f4224abb83348e48?s=96&d=wavatar&r=g","url":"https:\/\/secure.gravatar.com\/avatar\/a62317dc7b94535895b9ae945d946c611667d6b85de2a5c6f4224abb83348e48?s=96&d=wavatar&r=g","contentUrl":"https:\/\/secure.gravatar.com\/avatar\/a62317dc7b94535895b9ae945d946c611667d6b85de2a5c6f4224abb83348e48?s=96&d=wavatar&r=g","caption":"Sebastian Karl"},"url":"https:\/\/gruene-ov-stuttgart.de\/west\/author\/sebastian\/"}]}},"_links":{"self":[{"href":"https:\/\/gruene-ov-stuttgart.de\/west\/wp-json\/wp\/v2\/posts\/590","targetHints":{"allow":["GET"]}}],"collection":[{"href":"https:\/\/gruene-ov-stuttgart.de\/west\/wp-json\/wp\/v2\/posts"}],"about":[{"href":"https:\/\/gruene-ov-stuttgart.de\/west\/wp-json\/wp\/v2\/types\/post"}],"author":[{"embeddable":true,"href":"https:\/\/gruene-ov-stuttgart.de\/west\/wp-json\/wp\/v2\/users\/7"}],"replies":[{"embeddable":true,"href":"https:\/\/gruene-ov-stuttgart.de\/west\/wp-json\/wp\/v2\/comments?post=590"}],"version-history":[{"count":1,"href":"https:\/\/gruene-ov-stuttgart.de\/west\/wp-json\/wp\/v2\/posts\/590\/revisions"}],"predecessor-version":[{"id":591,"href":"https:\/\/gruene-ov-stuttgart.de\/west\/wp-json\/wp\/v2\/posts\/590\/revisions\/591"}],"wp:featuredmedia":[{"embeddable":true,"href":"https:\/\/gruene-ov-stuttgart.de\/west\/wp-json\/wp\/v2\/media\/592"}],"wp:attachment":[{"href":"https:\/\/gruene-ov-stuttgart.de\/west\/wp-json\/wp\/v2\/media?parent=590"}],"wp:term":[{"taxonomy":"category","embeddable":true,"href":"https:\/\/gruene-ov-stuttgart.de\/west\/wp-json\/wp\/v2\/categories?post=590"},{"taxonomy":"post_tag","embeddable":true,"href":"https:\/\/gruene-ov-stuttgart.de\/west\/wp-json\/wp\/v2\/tags?post=590"}],"curies":[{"name":"wp","href":"https:\/\/api.w.org\/{rel}","templated":true}]}}