{"id":823,"date":"2023-01-03T16:17:04","date_gmt":"2023-01-03T15:17:04","guid":{"rendered":"https:\/\/gruene-ov-stuttgart.de\/west\/?p=823"},"modified":"2024-04-22T09:42:42","modified_gmt":"2024-04-22T07:42:42","slug":"neues-westgruen-veroeffentlicht","status":"publish","type":"post","link":"https:\/\/gruene-ov-stuttgart.de\/west\/neues-westgruen-veroeffentlicht\/","title":{"rendered":"Neues Westgr\u00fcn ver\u00f6ffentlicht"},"content":{"rendered":"\n<p><strong>Die Fraktion B\u00fcndnis 90\/Die Gr\u00fcnen des Bezirksbeirats Stuttgart-West hat eine <a href=\"https:\/\/gruene-ov-stuttgart.de\/west\/wp-content\/uploads\/2023\/01\/westgruen-2022.pdf\" target=\"_blank\" rel=\"noreferrer noopener\">neue Ausgabe<\/a> des Westgr\u00fcn herausgebracht. Diesmal mit den Schwerpunkten M\u00f6bilit\u00e4t neu denken, Energetische Sanierung und eine Blau-gr\u00fcne Infrastruktur.<\/strong><\/p>\n\n\n\n<h2 class=\"wp-block-heading\">Mobilit\u00e4t neu denken<\/h2>\n\n\n\n<h3 class=\"wp-block-heading\"><strong>Zu Fu\u00df, auf dem Fahrrad und im \u00d6PNV.<\/strong><\/h3>\n\n\n\n<p>Sich mit einger Kraft fortzubewegen hat viele positive Effekte f\u00fcr das Klima, f\u00fcr die Umwelt und auch f\u00fcr die Gesundheit. Im Stuttgarter Westen kann man zu Fu\u00df, mit dem Rad oder auch mit dem \u00d6PNV seine Ziele gut erreichen mit weniger L\u00e4rm und weniger Stress.<\/p>\n\n\n\n<p>Diese Mobilit\u00e4t erfordert einladende und gut ausgebaute Fu\u00df- und Radwege, schattige Haltestellen und gute Verbindungen im \u00d6PNV. Daher werden im Westen die <a href=\"https:\/\/www.stuttgart.de\/medien\/ibs\/Fussverkehrskonzept_LHS_Endbericht.pdf\" target=\"_blank\" rel=\"noreferrer noopener\">Flanier- und Hauptfu\u00dfrouten<\/a> ausgebaut, durchgehende und sichere <a href=\"https:\/\/www.stuttgart.de\/medien\/ibs\/radschnellverbindungen-machbarkeitsstudie.pdf\" target=\"_blank\" rel=\"noreferrer noopener\">Fahrradrouten<\/a> als Teil des <a href=\"https:\/\/www.stuttgart.de\/fahrrad\" target=\"_blank\" rel=\"noreferrer noopener\">Stuttgarter Radnetzes<\/a> angelegt und Haltestellen begr\u00fcnt und \u00fcberdacht.<\/p>\n\n\n\n<p>Dar\u00fcberhinaus wird mit dem <a href=\"https:\/\/www.superblock-west.de\/\" target=\"_blank\" rel=\"noreferrer noopener\">Superblock Augustenstra\u00dfe<\/a> ein neues Verkehrskonzept in Stuttgart erprobt. Fu\u00dfg\u00e4nger*innen und Radfahrende haben im Superblock Vorrang, motorisierter Verkehr wird an den Au\u00dfenkanten des Superblock-Bereichs gef\u00fchrt. Alle Geb\u00e4ude bleiben mit dem Kfz erreichbar, so auch f\u00fcr Rettungs- und M\u00fcllfahrzeuge. Auf diese Weise werden Durchgangsverkehr, L\u00e4rm und Emissionen vermieden und Orte f\u00fcr Ruhe und Begegnung geschaffen. Neue B\u00e4ume und weitere Begr\u00fcnung beeinflussen das innerst\u00e4dtische Klima positiv, verringern eine Aufheizung und tragen so zu einer verbesserten Lebensqualit\u00e4t bei.<\/p>\n\n\n\n<h2 class=\"wp-block-heading\">Energetische Sanierung<\/h2>\n\n\n\n<h3 class=\"wp-block-heading\"><strong>Zahlt sich aus und ist gut f\u00fcrs Klima.<\/strong><\/h3>\n\n\n\n<p>Bei der Energiewende mitmachen und den Energieverbrauch f\u00fcr Wohnen und Heizen senken. Eigent\u00fcmer*innen, WEGs und Mieter*innen erhalten hierzu eine <strong>kostenlose <\/strong>Energieberatung im <a href=\"https:\/\/www.ebz-stuttgart.de\/\" target=\"_blank\" rel=\"noreferrer noopener\">Energieberatungszentrum Stuttgart<\/a>. Zus\u00e4tzlich unterst\u00fctzen Stadt, Land und Bund mit attraktiven F\u00f6rderma\u00dfnahmen. Die Stadt Stuttgart unterst\u00fctzt zum Beispiel mit der <a href=\"https:\/\/www.stuttgart.de\/solaroffensive\" target=\"_blank\" rel=\"noreferrer noopener\">Solaroffensive<\/a> und weiteren <a href=\"https:\/\/www.stuttgart.de\/energie-angebote\" target=\"_blank\" rel=\"noreferrer noopener\">Energie-Angeboten<\/a> die energetische Sanierung. Viele D\u00e4cher im Westen sind bestens f\u00fcr Photovoltaik-Anlagen geeigent. Das verf\u00fcgbare Solarpotential auf Ihrer Dachfl\u00e4che k\u00f6nnen Sie im <a href=\"https:\/\/www.energieatlas-bw.de\/sonne\/dachflachen\/solarpotenzial-auf-dachflachen\" target=\"_blank\" rel=\"noreferrer noopener\">Energieatlas BW<\/a> erfahren.<\/p>\n\n\n\n<p>Klimaschonende Heizungen wie W\u00e4rmepumpen bei Einfamilienh\u00e4usern und Fernw\u00e4rme\/Nahw\u00e4rme im Rahmen von Quartiersnetzen bei Mehrfamilienh\u00e4usern ersetzen \u00d6l- und Gasheizungen. Das F\u00f6rderprogramm <a href=\"https:\/\/um.baden-wuerttemberg.de\/de\/energie\/informieren-beraten-foerdern\/foerderprogramme\/energieeffiziente-waermenetze\/\" target=\"_blank\" rel=\"noreferrer noopener\">Energieeffiziente W\u00e4rmenetze<\/a> bietet hier umfassende Unterst\u00fctzung.<\/p>\n\n\n\n<p>Eine \u00dcbersicht \u00fcber die F\u00f6rderprogramme des Landes Baden-W\u00fcrttemberg erhalten Sie <a href=\"https:\/\/um.baden-wuerttemberg.de\/de\/energie\/informieren-beraten-foerdern\/foerderprogramme\/\" target=\"_blank\" rel=\"noreferrer noopener\">hier<\/a> und f\u00fcr die <a href=\"https:\/\/www.kfw.de\/inlandsfoerderung\/Privatpersonen\/Bestehende-Immobilie\/Energieeffizient-sanieren\/\" target=\"_blank\" rel=\"noreferrer noopener\">energetischen Sanierung von Bestandsimmobilien<\/a> bietet die KfW-Bank eine Vielzahl von F\u00f6rderprogrammen an.<\/p>\n\n\n\n<h2 class=\"wp-block-heading\">Blau-gr\u00fcne Infrastruktur<\/h2>\n\n\n\n<h3 class=\"wp-block-heading\"><strong>Wasser und Pflanzen schaffen Lebensqualit\u00e4t.<\/strong><\/h3>\n\n\n\n<p>Wenn es in der Stadt hei\u00dfer und trockener wird helfen mehr Wasser und mehr Gr\u00fcn. Gr\u00fcnpflanzen binden CO<sub>2<\/sub>, sorgen f\u00fcr weniger Aufheizung und bieten zus\u00e4tzlich Lebensr\u00e4ume zum Erhalt der Artenvielfalt.<\/p>\n\n\n\n<p>Die Stadt Stuttgart leistet hierzu Ihren Beitrag und will bis 2035 klimaneutral sein. Daf\u00fcr wurde der <a href=\"https:\/\/www.stuttgart.de\/leben\/umwelt\/klima\/klimastrategie\/klima-fahrplan-2035\/\" target=\"_blank\" rel=\"noreferrer noopener\">Klima-Fahrplan 2035<\/a> beschlossen in dem 13 Ma\u00dfnahmen vorgestellt werden um den Zustand &#8222;Net-Zero&#8220; zu erreichen. Der Klimaschutz ist eine kommunale Gemeinschaftsaufgabe bei der alle in der Stadtgesellschaft gefragt sind. Hier kann jede*r etwas tun und es stehen viele M\u00f6glichkeiten bereit. F\u00fcr eine <a href=\"https:\/\/www.stuttgart.de\/medien\/ibs\/3-9.pdf\" target=\"_blank\" rel=\"noreferrer noopener\">Begr\u00fcnung von Fassaden, D\u00e4chern und Hinterh\u00f6fen<\/a> bietet die Stadt Stuttgart die <a href=\"https:\/\/www.stuttgart.de\/leben\/stadtentwicklung\/stadtplanung\/stadterneuerung\/foerderprogramme-urbanes-gruen.php\" target=\"_blank\" rel=\"noreferrer noopener\">F\u00f6rderprogramme Urbanes Gr\u00fcn<\/a> an. Gerade Wohnungseigent\u00fcmergemeinschaften (WEGs) k\u00f6nnen viel bewegen. Ver\u00e4nderung beginnt oft im Kleinen und jede <a href=\"https:\/\/www.stuttgart.de\/medien\/ibs\/Foerdermittel-2021-01.pdf\" target=\"_blank\" rel=\"noreferrer noopener\">Einzelinitiative leistet einen Beitrag<\/a> zu einer besseren Lebensqualit\u00e4t im Stuttgarter Westen.<\/p>\n","protected":false},"excerpt":{"rendered":"<p>Die Fraktion B\u00fcndnis 90\/Die Gr\u00fcnen des Bezirksbeirats Stuttgart-West hat eine neue Ausgabe des Westgr\u00fcn herausgebracht. Diesmal mit den Schwerpunkten M\u00f6bilit\u00e4t neu denken, Energetische Sanierung und eine Blau-gr\u00fcne Infrastruktur. Mobilit\u00e4t neu [&hellip;]<\/p>\n","protected":false},"author":-1,"featured_media":833,"comment_status":"closed","ping_status":"open","sticky":false,"template":"","format":"standard","meta":{"footnotes":"","beyondwords_generate_audio":"","beyondwords_integration_method":"","beyondwords_project_id":"","beyondwords_content_id":"","beyondwords_preview_token":"","beyondwords_player_content":"","beyondwords_player_style":"","beyondwords_language_code":"","beyondwords_language_id":"","beyondwords_title_voice_id":"","beyondwords_body_voice_id":"","beyondwords_summary_voice_id":"","beyondwords_error_message":"","beyondwords_disabled":"","beyondwords_delete_content":"","beyondwords_podcast_id":"","beyondwords_hash":"","publish_post_to_speechkit":"","speechkit_hash":"","speechkit_generate_audio":"","speechkit_project_id":"","speechkit_podcast_id":"","speechkit_error_message":"","speechkit_disabled":"","speechkit_access_key":"","speechkit_error":"","speechkit_info":"","speechkit_response":"","speechkit_retries":"","speechkit_status":"","speechkit_updated_at":"","_speechkit_link":"","_speechkit_text":""},"categories":[1,10],"tags":[25],"class_list":["post-823","post","type-post","status-publish","format-standard","has-post-thumbnail","hentry","category-aktuelles","category-bezirksbeirat","tag-westgruen"],"yoast_head":"<!-- This site is optimized with the Yoast SEO plugin v27.5 - https:\/\/yoast.com\/product\/yoast-seo-wordpress\/ -->\n<title>Neues Westgr\u00fcn ver\u00f6ffentlicht - Gr\u00fcne Stuttgart West<\/title>\n<meta name=\"description\" content=\"In der neuen Ausgabe des Westgr\u00fcn infomieren wir \u00fcber Mobilit\u00e4t, Energetische Sanierung und eine Blau-gr\u00fcne Infrastruktur.\" \/>\n<meta name=\"robots\" content=\"index, follow, max-snippet:-1, max-image-preview:large, max-video-preview:-1\" \/>\n<link rel=\"canonical\" href=\"https:\/\/gruene-ov-stuttgart.de\/west\/neues-westgruen-veroeffentlicht\/\" \/>\n<meta property=\"og:locale\" content=\"de_DE\" \/>\n<meta property=\"og:type\" content=\"article\" \/>\n<meta property=\"og:title\" content=\"Neues Westgr\u00fcn ver\u00f6ffentlicht - Gr\u00fcne Stuttgart West\" \/>\n<meta property=\"og:description\" content=\"In der neuen Ausgabe des Westgr\u00fcn infomieren wir \u00fcber Mobilit\u00e4t, Energetische Sanierung und eine Blau-gr\u00fcne Infrastruktur.\" \/>\n<meta property=\"og:url\" content=\"https:\/\/gruene-ov-stuttgart.de\/west\/neues-westgruen-veroeffentlicht\/\" \/>\n<meta property=\"og:site_name\" content=\"Gr\u00fcne Stuttgart West\" \/>\n<meta property=\"article:published_time\" content=\"2023-01-03T15:17:04+00:00\" \/>\n<meta property=\"article:modified_time\" content=\"2024-04-22T07:42:42+00:00\" \/>\n<meta property=\"og:image\" content=\"https:\/\/gruene-ov-stuttgart.de\/west\/wp-content\/uploads\/2023\/01\/westgruen_thumbnail.png\" \/>\n\t<meta property=\"og:image:width\" content=\"1180\" \/>\n\t<meta property=\"og:image:height\" content=\"778\" \/>\n\t<meta property=\"og:image:type\" content=\"image\/png\" \/>\n<meta name=\"author\" content=\"Stefan Lasse\" \/>\n<meta name=\"twitter:card\" content=\"summary_large_image\" \/>\n<script type=\"application\/ld+json\" class=\"yoast-schema-graph\">{\"@context\":\"https:\\\/\\\/schema.org\",\"@graph\":[{\"@type\":\"Article\",\"@id\":\"https:\\\/\\\/gruene-ov-stuttgart.de\\\/west\\\/neues-westgruen-veroeffentlicht\\\/#article\",\"isPartOf\":{\"@id\":\"https:\\\/\\\/gruene-ov-stuttgart.de\\\/west\\\/neues-westgruen-veroeffentlicht\\\/\"},\"author\":{\"name\":\"Stefan Lasse\",\"@id\":\"https:\\\/\\\/gruene-ov-stuttgart.de\\\/west\\\/#\\\/schema\\\/person\\\/b862d460087e7b9bc4d06cff084a75d8\"},\"headline\":\"Neues Westgr\u00fcn ver\u00f6ffentlicht\",\"datePublished\":\"2023-01-03T15:17:04+00:00\",\"dateModified\":\"2024-04-22T07:42:42+00:00\",\"mainEntityOfPage\":{\"@id\":\"https:\\\/\\\/gruene-ov-stuttgart.de\\\/west\\\/neues-westgruen-veroeffentlicht\\\/\"},\"wordCount\":551,\"image\":{\"@id\":\"https:\\\/\\\/gruene-ov-stuttgart.de\\\/west\\\/neues-westgruen-veroeffentlicht\\\/#primaryimage\"},\"thumbnailUrl\":\"https:\\\/\\\/gruene-ov-stuttgart.de\\\/west\\\/wp-content\\\/uploads\\\/2023\\\/01\\\/westgruen_thumbnail.png\",\"keywords\":[\"westgr\u00fcn\"],\"articleSection\":[\"Aktuelles\",\"Bezirksbeirat\"],\"inLanguage\":\"de\"},{\"@type\":\"WebPage\",\"@id\":\"https:\\\/\\\/gruene-ov-stuttgart.de\\\/west\\\/neues-westgruen-veroeffentlicht\\\/\",\"url\":\"https:\\\/\\\/gruene-ov-stuttgart.de\\\/west\\\/neues-westgruen-veroeffentlicht\\\/\",\"name\":\"Neues Westgr\u00fcn ver\u00f6ffentlicht - Gr\u00fcne Stuttgart West\",\"isPartOf\":{\"@id\":\"https:\\\/\\\/gruene-ov-stuttgart.de\\\/west\\\/#website\"},\"primaryImageOfPage\":{\"@id\":\"https:\\\/\\\/gruene-ov-stuttgart.de\\\/west\\\/neues-westgruen-veroeffentlicht\\\/#primaryimage\"},\"image\":{\"@id\":\"https:\\\/\\\/gruene-ov-stuttgart.de\\\/west\\\/neues-westgruen-veroeffentlicht\\\/#primaryimage\"},\"thumbnailUrl\":\"https:\\\/\\\/gruene-ov-stuttgart.de\\\/west\\\/wp-content\\\/uploads\\\/2023\\\/01\\\/westgruen_thumbnail.png\",\"datePublished\":\"2023-01-03T15:17:04+00:00\",\"dateModified\":\"2024-04-22T07:42:42+00:00\",\"author\":{\"@id\":\"https:\\\/\\\/gruene-ov-stuttgart.de\\\/west\\\/#\\\/schema\\\/person\\\/b862d460087e7b9bc4d06cff084a75d8\"},\"description\":\"In der neuen Ausgabe des Westgr\u00fcn infomieren wir \u00fcber Mobilit\u00e4t, Energetische Sanierung und eine Blau-gr\u00fcne Infrastruktur.\",\"breadcrumb\":{\"@id\":\"https:\\\/\\\/gruene-ov-stuttgart.de\\\/west\\\/neues-westgruen-veroeffentlicht\\\/#breadcrumb\"},\"inLanguage\":\"de\",\"potentialAction\":[{\"@type\":\"ReadAction\",\"target\":[\"https:\\\/\\\/gruene-ov-stuttgart.de\\\/west\\\/neues-westgruen-veroeffentlicht\\\/\"]}]},{\"@type\":\"ImageObject\",\"inLanguage\":\"de\",\"@id\":\"https:\\\/\\\/gruene-ov-stuttgart.de\\\/west\\\/neues-westgruen-veroeffentlicht\\\/#primaryimage\",\"url\":\"https:\\\/\\\/gruene-ov-stuttgart.de\\\/west\\\/wp-content\\\/uploads\\\/2023\\\/01\\\/westgruen_thumbnail.png\",\"contentUrl\":\"https:\\\/\\\/gruene-ov-stuttgart.de\\\/west\\\/wp-content\\\/uploads\\\/2023\\\/01\\\/westgruen_thumbnail.png\",\"width\":1180,\"height\":778,\"caption\":\"Mobilit\u00e4t neu denken, Energetische Sanierung, Blau-gr\u00fcne Infrastruktur\"},{\"@type\":\"BreadcrumbList\",\"@id\":\"https:\\\/\\\/gruene-ov-stuttgart.de\\\/west\\\/neues-westgruen-veroeffentlicht\\\/#breadcrumb\",\"itemListElement\":[{\"@type\":\"ListItem\",\"position\":1,\"name\":\"Startseite\",\"item\":\"https:\\\/\\\/gruene-ov-stuttgart.de\\\/west\\\/\"},{\"@type\":\"ListItem\",\"position\":2,\"name\":\"Neues Westgr\u00fcn ver\u00f6ffentlicht\"}]},{\"@type\":\"WebSite\",\"@id\":\"https:\\\/\\\/gruene-ov-stuttgart.de\\\/west\\\/#website\",\"url\":\"https:\\\/\\\/gruene-ov-stuttgart.de\\\/west\\\/\",\"name\":\"Gr\u00fcne Stuttgart West\",\"description\":\"B\u00fcndnis 90\\\/DIE GR\u00dcNEN im Stuttgarter Westen\",\"potentialAction\":[{\"@type\":\"SearchAction\",\"target\":{\"@type\":\"EntryPoint\",\"urlTemplate\":\"https:\\\/\\\/gruene-ov-stuttgart.de\\\/west\\\/?s={search_term_string}\"},\"query-input\":{\"@type\":\"PropertyValueSpecification\",\"valueRequired\":true,\"valueName\":\"search_term_string\"}}],\"inLanguage\":\"de\"},{\"@type\":\"Person\",\"@id\":\"https:\\\/\\\/gruene-ov-stuttgart.de\\\/west\\\/#\\\/schema\\\/person\\\/b862d460087e7b9bc4d06cff084a75d8\",\"name\":\"Stefan Lasse\",\"image\":{\"@type\":\"ImageObject\",\"inLanguage\":\"de\",\"@id\":\"https:\\\/\\\/secure.gravatar.com\\\/avatar\\\/fb04a2a775efe583f4ea8f912e71808b8703c157698c98059855ccb8779a10af?s=96&d=wavatar&r=g\",\"url\":\"https:\\\/\\\/secure.gravatar.com\\\/avatar\\\/fb04a2a775efe583f4ea8f912e71808b8703c157698c98059855ccb8779a10af?s=96&d=wavatar&r=g\",\"contentUrl\":\"https:\\\/\\\/secure.gravatar.com\\\/avatar\\\/fb04a2a775efe583f4ea8f912e71808b8703c157698c98059855ccb8779a10af?s=96&d=wavatar&r=g\",\"caption\":\"Stefan Lasse\"},\"url\":\"https:\\\/\\\/gruene-ov-stuttgart.de\\\/west\\\/author\\\/stefan-lasse\\\/\"}]}<\/script>\n<!-- \/ Yoast SEO plugin. -->","yoast_head_json":{"title":"Neues Westgr\u00fcn ver\u00f6ffentlicht - Gr\u00fcne Stuttgart West","description":"In der neuen Ausgabe des Westgr\u00fcn infomieren wir \u00fcber Mobilit\u00e4t, Energetische Sanierung und eine Blau-gr\u00fcne Infrastruktur.","robots":{"index":"index","follow":"follow","max-snippet":"max-snippet:-1","max-image-preview":"max-image-preview:large","max-video-preview":"max-video-preview:-1"},"canonical":"https:\/\/gruene-ov-stuttgart.de\/west\/neues-westgruen-veroeffentlicht\/","og_locale":"de_DE","og_type":"article","og_title":"Neues Westgr\u00fcn ver\u00f6ffentlicht - Gr\u00fcne Stuttgart West","og_description":"In der neuen Ausgabe des Westgr\u00fcn infomieren wir \u00fcber Mobilit\u00e4t, Energetische Sanierung und eine Blau-gr\u00fcne Infrastruktur.","og_url":"https:\/\/gruene-ov-stuttgart.de\/west\/neues-westgruen-veroeffentlicht\/","og_site_name":"Gr\u00fcne Stuttgart West","article_published_time":"2023-01-03T15:17:04+00:00","article_modified_time":"2024-04-22T07:42:42+00:00","og_image":[{"width":1180,"height":778,"url":"https:\/\/gruene-ov-stuttgart.de\/west\/wp-content\/uploads\/2023\/01\/westgruen_thumbnail.png","type":"image\/png"}],"author":"Stefan Lasse","twitter_card":"summary_large_image","schema":{"@context":"https:\/\/schema.org","@graph":[{"@type":"Article","@id":"https:\/\/gruene-ov-stuttgart.de\/west\/neues-westgruen-veroeffentlicht\/#article","isPartOf":{"@id":"https:\/\/gruene-ov-stuttgart.de\/west\/neues-westgruen-veroeffentlicht\/"},"author":{"name":"Stefan Lasse","@id":"https:\/\/gruene-ov-stuttgart.de\/west\/#\/schema\/person\/b862d460087e7b9bc4d06cff084a75d8"},"headline":"Neues Westgr\u00fcn ver\u00f6ffentlicht","datePublished":"2023-01-03T15:17:04+00:00","dateModified":"2024-04-22T07:42:42+00:00","mainEntityOfPage":{"@id":"https:\/\/gruene-ov-stuttgart.de\/west\/neues-westgruen-veroeffentlicht\/"},"wordCount":551,"image":{"@id":"https:\/\/gruene-ov-stuttgart.de\/west\/neues-westgruen-veroeffentlicht\/#primaryimage"},"thumbnailUrl":"https:\/\/gruene-ov-stuttgart.de\/west\/wp-content\/uploads\/2023\/01\/westgruen_thumbnail.png","keywords":["westgr\u00fcn"],"articleSection":["Aktuelles","Bezirksbeirat"],"inLanguage":"de"},{"@type":"WebPage","@id":"https:\/\/gruene-ov-stuttgart.de\/west\/neues-westgruen-veroeffentlicht\/","url":"https:\/\/gruene-ov-stuttgart.de\/west\/neues-westgruen-veroeffentlicht\/","name":"Neues Westgr\u00fcn ver\u00f6ffentlicht - Gr\u00fcne Stuttgart West","isPartOf":{"@id":"https:\/\/gruene-ov-stuttgart.de\/west\/#website"},"primaryImageOfPage":{"@id":"https:\/\/gruene-ov-stuttgart.de\/west\/neues-westgruen-veroeffentlicht\/#primaryimage"},"image":{"@id":"https:\/\/gruene-ov-stuttgart.de\/west\/neues-westgruen-veroeffentlicht\/#primaryimage"},"thumbnailUrl":"https:\/\/gruene-ov-stuttgart.de\/west\/wp-content\/uploads\/2023\/01\/westgruen_thumbnail.png","datePublished":"2023-01-03T15:17:04+00:00","dateModified":"2024-04-22T07:42:42+00:00","author":{"@id":"https:\/\/gruene-ov-stuttgart.de\/west\/#\/schema\/person\/b862d460087e7b9bc4d06cff084a75d8"},"description":"In der neuen Ausgabe des Westgr\u00fcn infomieren wir \u00fcber Mobilit\u00e4t, Energetische Sanierung und eine Blau-gr\u00fcne Infrastruktur.","breadcrumb":{"@id":"https:\/\/gruene-ov-stuttgart.de\/west\/neues-westgruen-veroeffentlicht\/#breadcrumb"},"inLanguage":"de","potentialAction":[{"@type":"ReadAction","target":["https:\/\/gruene-ov-stuttgart.de\/west\/neues-westgruen-veroeffentlicht\/"]}]},{"@type":"ImageObject","inLanguage":"de","@id":"https:\/\/gruene-ov-stuttgart.de\/west\/neues-westgruen-veroeffentlicht\/#primaryimage","url":"https:\/\/gruene-ov-stuttgart.de\/west\/wp-content\/uploads\/2023\/01\/westgruen_thumbnail.png","contentUrl":"https:\/\/gruene-ov-stuttgart.de\/west\/wp-content\/uploads\/2023\/01\/westgruen_thumbnail.png","width":1180,"height":778,"caption":"Mobilit\u00e4t neu denken, Energetische Sanierung, Blau-gr\u00fcne Infrastruktur"},{"@type":"BreadcrumbList","@id":"https:\/\/gruene-ov-stuttgart.de\/west\/neues-westgruen-veroeffentlicht\/#breadcrumb","itemListElement":[{"@type":"ListItem","position":1,"name":"Startseite","item":"https:\/\/gruene-ov-stuttgart.de\/west\/"},{"@type":"ListItem","position":2,"name":"Neues Westgr\u00fcn ver\u00f6ffentlicht"}]},{"@type":"WebSite","@id":"https:\/\/gruene-ov-stuttgart.de\/west\/#website","url":"https:\/\/gruene-ov-stuttgart.de\/west\/","name":"Gr\u00fcne Stuttgart West","description":"B\u00fcndnis 90\/DIE GR\u00dcNEN im Stuttgarter Westen","potentialAction":[{"@type":"SearchAction","target":{"@type":"EntryPoint","urlTemplate":"https:\/\/gruene-ov-stuttgart.de\/west\/?s={search_term_string}"},"query-input":{"@type":"PropertyValueSpecification","valueRequired":true,"valueName":"search_term_string"}}],"inLanguage":"de"},{"@type":"Person","@id":"https:\/\/gruene-ov-stuttgart.de\/west\/#\/schema\/person\/b862d460087e7b9bc4d06cff084a75d8","name":"Stefan Lasse","image":{"@type":"ImageObject","inLanguage":"de","@id":"https:\/\/secure.gravatar.com\/avatar\/fb04a2a775efe583f4ea8f912e71808b8703c157698c98059855ccb8779a10af?s=96&d=wavatar&r=g","url":"https:\/\/secure.gravatar.com\/avatar\/fb04a2a775efe583f4ea8f912e71808b8703c157698c98059855ccb8779a10af?s=96&d=wavatar&r=g","contentUrl":"https:\/\/secure.gravatar.com\/avatar\/fb04a2a775efe583f4ea8f912e71808b8703c157698c98059855ccb8779a10af?s=96&d=wavatar&r=g","caption":"Stefan Lasse"},"url":"https:\/\/gruene-ov-stuttgart.de\/west\/author\/stefan-lasse\/"}]}},"_links":{"self":[{"href":"https:\/\/gruene-ov-stuttgart.de\/west\/wp-json\/wp\/v2\/posts\/823","targetHints":{"allow":["GET"]}}],"collection":[{"href":"https:\/\/gruene-ov-stuttgart.de\/west\/wp-json\/wp\/v2\/posts"}],"about":[{"href":"https:\/\/gruene-ov-stuttgart.de\/west\/wp-json\/wp\/v2\/types\/post"}],"author":[{"embeddable":true,"href":"https:\/\/gruene-ov-stuttgart.de\/west\/wp-json\/wp\/v2\/users\/14"}],"replies":[{"embeddable":true,"href":"https:\/\/gruene-ov-stuttgart.de\/west\/wp-json\/wp\/v2\/comments?post=823"}],"version-history":[{"count":17,"href":"https:\/\/gruene-ov-stuttgart.de\/west\/wp-json\/wp\/v2\/posts\/823\/revisions"}],"predecessor-version":[{"id":1052,"href":"https:\/\/gruene-ov-stuttgart.de\/west\/wp-json\/wp\/v2\/posts\/823\/revisions\/1052"}],"wp:featuredmedia":[{"embeddable":true,"href":"https:\/\/gruene-ov-stuttgart.de\/west\/wp-json\/wp\/v2\/media\/833"}],"wp:attachment":[{"href":"https:\/\/gruene-ov-stuttgart.de\/west\/wp-json\/wp\/v2\/media?parent=823"}],"wp:term":[{"taxonomy":"category","embeddable":true,"href":"https:\/\/gruene-ov-stuttgart.de\/west\/wp-json\/wp\/v2\/categories?post=823"},{"taxonomy":"post_tag","embeddable":true,"href":"https:\/\/gruene-ov-stuttgart.de\/west\/wp-json\/wp\/v2\/tags?post=823"}],"curies":[{"name":"wp","href":"https:\/\/api.w.org\/{rel}","templated":true}]}}